{"id":43313,"date":"2024-03-07T15:06:45","date_gmt":"2024-03-07T18:06:45","guid":{"rendered":"http:\/\/dsrmedios.com.ar\/diario\/?p=43313"},"modified":"2024-03-07T15:06:47","modified_gmt":"2024-03-07T18:06:47","slug":"recesion-uno-por-uno-cuales-son-los-sectores-mas-afectados-por-la-caida-de-la-actividad-en-los-ultimos-meses","status":"publish","type":"post","link":"http:\/\/dsrmedios.com.ar\/diario\/archivos\/43313","title":{"rendered":"Recesi\u00f3n: uno por uno, cu\u00e1les son los sectores m\u00e1s afectados por la ca\u00edda de la actividad en los \u00faltimos meses"},"content":{"rendered":"\n<p>Aunque todav\u00eda los datos oficiales no mostraron dos trimestres consecutivos de contracci\u00f3n de la actividad, la definici\u00f3n t\u00e9cnica de\u00a0<strong>recesi\u00f3n<\/strong>, la econom\u00eda muestra claros signos de una fuerte ca\u00edda en los distintos sectores que la componen. El rojo en los indicadores se profundiz\u00f3 en diciembre, a partir del cambio de gobierno, y los n\u00fameros negativos se siguen acumulando a medida que avanza 2024. La\u00a0<strong>industria, el consumo y la inversi\u00f3n\u00a0<\/strong>son las variables que m\u00e1s est\u00e1n sufriendo el ajuste, pero el freno se siente en forma generalizada.<a rel=\"noreferrer noopener\" href=\"https:\/\/www.infobae.com\/economia\/2024\/03\/07\/dolar-hoy-en-vivo-a-cuanto-abre-este-jueves-7-de-marzo-y-cual-es-el-precio-minuto-a-minuto\/\" target=\"_blank\"><\/a><\/p>\n\n\n\n<p>\u201c<strong>Vamos a estar durante unos meses peor que antes\u201d<\/strong>&nbsp;hab\u00eda dicho el ministro de Econom\u00eda,&nbsp;<strong>Luis Caputo<\/strong>, en el primer discurso grabado de su gesti\u00f3n, all\u00e1 por diciembre de 2023.<\/p>\n\n\n\n<p>Esa profec\u00eda, centrada en la inflaci\u00f3n pero que tambi\u00e9n se refer\u00eda al desempe\u00f1o de la econom\u00eda, se est\u00e1 cumpliendo. En base a informes privados, datos oficiales y estad\u00edsticas sectoriales\u00a0<strong>Infobae\u00a0<\/strong>hizo un relevamiento sector por sector que muestra c\u00f3mo est\u00e1 golpeando a la actividad el programa de shock que aplica Hacienda.<\/p>\n\n\n\n<p><img decoding=\"async\" loading=\"lazy\" alt=\"Monitor de actividad\" height=\"2065\" width=\"1920\" src=\"https:\/\/www.infobae.com\/new-resizer\/qhYfoYzTx5fExQpGn_ijaXD7l8Y=\/420x420\/filters:format(webp):quality(85)\/cloudfront-us-east-1.images.arcpublishing.com\/infobae\/YJRHTLMVEBC5HB625GNHHBFHJY.jpg%20420w\" srcset=\"https:\/\/www.infobae.com\/new-resizer\/qhYfoYzTx5fExQpGn_ijaXD7l8Y=\/420x420\/filters:format(webp):quality(85)\/cloudfront-us-east-1.images.arcpublishing.com\/infobae\/YJRHTLMVEBC5HB625GNHHBFHJY.jpg 420w,https:\/\/www.infobae.com\/new-resizer\/zXl4OX95Twos2LkrXG_NEYhPe9g=\/768x768\/filters:format(webp):quality(85)\/cloudfront-us-east-1.images.arcpublishing.com\/infobae\/YJRHTLMVEBC5HB625GNHHBFHJY.jpg 768w,https:\/\/www.infobae.com\/new-resizer\/ziXRW83IjhZds664ilOQ2TFKfqI=\/992x992\/filters:format(webp):quality(85)\/cloudfront-us-east-1.images.arcpublishing.com\/infobae\/YJRHTLMVEBC5HB625GNHHBFHJY.jpg 992w,https:\/\/www.infobae.com\/new-resizer\/h9SBGcyKZmgAjBeRu293M2yOp8w=\/1200x1200\/filters:format(webp):quality(85)\/cloudfront-us-east-1.images.arcpublishing.com\/infobae\/YJRHTLMVEBC5HB625GNHHBFHJY.jpg 1200w,https:\/\/www.infobae.com\/new-resizer\/V0_00GxryRi3FiWemfXrIHDa5so=\/1440x1440\/filters:format(webp):quality(85)\/cloudfront-us-east-1.images.arcpublishing.com\/infobae\/YJRHTLMVEBC5HB625GNHHBFHJY.jpg 1440w\">Monitor de actividad<\/p>\n\n\n\n<h2>Industria<\/h2>\n\n\n\n<p>En cuanto a la industria, la producci\u00f3n cay\u00f3 12,4% interanual en enero y ninguna de las categor\u00edas registr\u00f3 crecimiento durante el primer mes del a\u00f1o, seg\u00fan el Indec. La ca\u00edda m\u00e1s pronunciada se produjo en el rubro de&nbsp;<strong>\u201cotros equipos, aparatos e instrumentos\u201d<\/strong>, que sufri\u00f3&nbsp;<strong>un retroceso en su nivel de actividad del 32,5%<\/strong>&nbsp;en comparaci\u00f3n al primer mes del a\u00f1o pasado.<\/p>\n\n\n\n<p>La\u00a0<strong>Uni\u00f3n Industrial Argentina (UIA)<\/strong>, en un relevamiento entre m\u00e1s 700 empresas publicado este mi\u00e9rcoles, se\u00f1al\u00f3: \u201cSe registraron los niveles m\u00e1s bajos de la serie en las variables de producci\u00f3n y ventas, indicando una agudizaci\u00f3n de las dificultades en el entramado productivo industrial, especialmente en las pymes. Esta situaci\u00f3n redund\u00f3 en m\u00e1s empresas con dificultades para hacer frente a los pagos\u201d.<a rel=\"noreferrer noopener\" href=\"https:\/\/www.infobae.com\/economia\/2024\/03\/07\/la-inflacion-portena-fue-del-141-en-febrero-y-ascendio-a-2645-el-ultimo-ano\/\" target=\"_blank\"><\/a><\/p>\n\n\n\n<p>\u201cTambi\u00e9n en este marco hubo un cambio de tendencia en la serie de empleo, que hasta el momento era la que evidenciaba mayor estabilidad. Se registr\u00f3 el porcentaje m\u00e1s alto de empresas con ca\u00edda del empleo y un deterioro notable en relaci\u00f3n a relevamientos previos. Las empresas consideraron que su situaci\u00f3n econ\u00f3mica est\u00e1 peor que hace un a\u00f1o y esperan el impacto de la ca\u00edda del consumo, la obra p\u00fablica y la menor actividad de otras empresas\u201d, agreg\u00f3.<\/p>\n\n\n\n<p><img decoding=\"async\" loading=\"lazy\" alt=\"La industria se contrajo 12,4% en febrero, tras haber ca\u00eddo 5,9% en diciembre (EFE)\" height=\"2571\" width=\"3857\" src=\"https:\/\/www.infobae.com\/new-resizer\/-K5_imeEZdXsleAtGhVSevvVSbI=\/420x280\/filters:format(webp):quality(85)\/cloudfront-us-east-1.images.arcpublishing.com\/infobae\/6GXLQEJWIBEZFFSVNOB4QEJNVU.jpg%20420w\" srcset=\"https:\/\/www.infobae.com\/new-resizer\/-K5_imeEZdXsleAtGhVSevvVSbI=\/420x280\/filters:format(webp):quality(85)\/cloudfront-us-east-1.images.arcpublishing.com\/infobae\/6GXLQEJWIBEZFFSVNOB4QEJNVU.jpg 420w,https:\/\/www.infobae.com\/new-resizer\/TlVWuClnKrhJCuC1TPWue2FDLrI=\/768x512\/filters:format(webp):quality(85)\/cloudfront-us-east-1.images.arcpublishing.com\/infobae\/6GXLQEJWIBEZFFSVNOB4QEJNVU.jpg 768w,https:\/\/www.infobae.com\/new-resizer\/_RBR_h9xJESxo_kEQ7VmzD9qipM=\/992x661\/filters:format(webp):quality(85)\/cloudfront-us-east-1.images.arcpublishing.com\/infobae\/6GXLQEJWIBEZFFSVNOB4QEJNVU.jpg 992w,https:\/\/www.infobae.com\/new-resizer\/u0XmLyd1cIDjPNu_DY8q5mtrMrQ=\/1200x800\/filters:format(webp):quality(85)\/cloudfront-us-east-1.images.arcpublishing.com\/infobae\/6GXLQEJWIBEZFFSVNOB4QEJNVU.jpg 1200w,https:\/\/www.infobae.com\/new-resizer\/_iYzHaWJpZMxJGxbfV5nDitAkCg=\/1440x960\/filters:format(webp):quality(85)\/cloudfront-us-east-1.images.arcpublishing.com\/infobae\/6GXLQEJWIBEZFFSVNOB4QEJNVU.jpg 1440w\">La industria se contrajo 12,4% en febrero, tras haber ca\u00eddo 5,9% en diciembre (EFE)<\/p>\n\n\n\n<p>En diciembre de 2023, la utilizaci\u00f3n de la capacidad instalada en la industria se ubica en 54,9%, nivel inferior al del mismo mes de 2022, que fue de 63,8%.<\/p>\n\n\n\n<p>Por su parte,&nbsp;<strong>LCG<\/strong>&nbsp;explic\u00f3: \u201cLa escasez de d\u00f3lares estuvo condicionando la operatoria de la industria a partir de la disponibilidad de insumos. Aunque este control sobre las importaciones ya se ve moderado, comienza a asomar el efecto del sinceramiento del tipo de cambio sobre la demanda de importaciones asociadas. Un d\u00f3lar \u201cimportador\u201d encarecido por el incremento del impuesto PAIS y la devaluaci\u00f3n que lo llev\u00f3 a saltar un 118% en diciembre, parece traer consecuencias parecidas a las de controlar las importaciones, especialmente en sectores con menor sesgo exportador\u201d.<\/p>\n\n\n\n<p>\u201cEn paralelo un consumo local resentido por el ajuste que evidencian los ingresos impone un freno a decisiones de expansi\u00f3n aun cuando el abaratamiento de los costos en bienes y servicios no transables en d\u00f3lares (oficiales) todav\u00eda sea significativo\u201d, a\u00f1adi\u00f3.<\/p>\n\n\n\n<h2>Consumo<\/h2>\n\n\n\n<p>Sobre esto \u00faltimo, las ventas minoristas pyme cayeron 28,5% interanual en enero y 25,5% en febrero, seg\u00fan la Confederaci\u00f3n Argentina de la Mediana Empresa (CAME). Las ventas en shopping se desplomaron 35,1% en diciembre (Indec) y el patentamiento de autos baj\u00f3 33,5% en el primer mes de 2024 (ADEFA). En consecuencia, la recaudaci\u00f3n del IVA retrocedi\u00f3 10,9 por ciento.<\/p>\n\n\n\n<h2>Construcci\u00f3n<\/h2>\n\n\n\n<p>Respecto a la construcci\u00f3n, la ca\u00edda interanual en enero fue del 21,7%, de acuerdo al Indicador sint\u00e9tico de la actividad de la construcci\u00f3n (ISAC) del Indec. En la serie desestacionalizada muestra una variaci\u00f3n negativa de 10,2% respecto a diciembre. El \u00cdndice Construya (IC), que mide la evoluci\u00f3n de los vol\u00famenes vendidos al sector privado de los productos para la construcci\u00f3n que fabrican las empresas que lo conforman, registr\u00f3 una suba del 6,8% desestacionalizada mensual en febrero, pero se mantuvo un 26,6% por debajo del mismo mes de 2023.<\/p>\n\n\n\n<p><img decoding=\"async\" loading=\"lazy\" alt=\"La construcci\u00f3n cay\u00f3 10,2% en enero seg\u00fan datos del Indec (EFE)\n\" height=\"4000\" width=\"6000\" src=\"https:\/\/www.infobae.com\/new-resizer\/VURmdPxIwtofUSv2eHkz1Ones1A=\/420x280\/filters:format(webp):quality(85)\/cloudfront-us-east-1.images.arcpublishing.com\/infobae\/455XVG4QVJH4VG3GR2Q32QB3MI.jpg%20420w\" srcset=\"https:\/\/www.infobae.com\/new-resizer\/VURmdPxIwtofUSv2eHkz1Ones1A=\/420x280\/filters:format(webp):quality(85)\/cloudfront-us-east-1.images.arcpublishing.com\/infobae\/455XVG4QVJH4VG3GR2Q32QB3MI.jpg 420w,https:\/\/www.infobae.com\/new-resizer\/ikBbIArPXQeft-X2cZbd-JlD5vs=\/768x512\/filters:format(webp):quality(85)\/cloudfront-us-east-1.images.arcpublishing.com\/infobae\/455XVG4QVJH4VG3GR2Q32QB3MI.jpg 768w,https:\/\/www.infobae.com\/new-resizer\/cuG6kgxJJ9PL7z8tPH-YruygCis=\/992x661\/filters:format(webp):quality(85)\/cloudfront-us-east-1.images.arcpublishing.com\/infobae\/455XVG4QVJH4VG3GR2Q32QB3MI.jpg 992w,https:\/\/www.infobae.com\/new-resizer\/fZvctIDr4dF0j9wXutoVcuvrMtc=\/1200x800\/filters:format(webp):quality(85)\/cloudfront-us-east-1.images.arcpublishing.com\/infobae\/455XVG4QVJH4VG3GR2Q32QB3MI.jpg 1200w,https:\/\/www.infobae.com\/new-resizer\/nHAjgzWu9sUjUM3cH2mAPGMNjG4=\/1440x960\/filters:format(webp):quality(85)\/cloudfront-us-east-1.images.arcpublishing.com\/infobae\/455XVG4QVJH4VG3GR2Q32QB3MI.jpg 1440w\">La construcci\u00f3n cay\u00f3 10,2% en enero seg\u00fan datos del Indec (EFE)<\/p>\n\n\n\n<p>\u201cEl achicamiento de la brecha cambiaria incide negativamente sobre la actividad de la construcci\u00f3n, puntualmente de obras privadas, encareciendo los costos medidos en d\u00f3lares libres. Este factor suele operar fuerte sobre el sector dado su elevado grado de informalidad. Esperamos que la tendencia a la baja en el sector de la construcci\u00f3n continue tambi\u00e9n por el freno dr\u00e1stico de la obra p\u00fablica. Proyectamos una contracci\u00f3n de 15,8% anual para la actividad del sector en 2024\u2033, sostuvo LCG.<\/p>\n\n\n\n<h2>Inversi\u00f3n<\/h2>\n\n\n\n<p>Otro de los indicadores que marca rojo es el de la inversi\u00f3n al registrarse una ca\u00edda del 11,3% interanual en enero en la importaci\u00f3n de bienes de capital.<\/p>\n\n\n\n<h2>Empleo<\/h2>\n\n\n\n<p>Por su parte, el empleo muestra se\u00f1ales de retroceso al observarse que la recaudaci\u00f3n de la seguridad social baj\u00f3 25,7% interanual en enero, de acuerdo a datos del Ministerio de Econom\u00eda.<\/p>\n\n\n\n<h2>Comercio exterior<\/h2>\n\n\n\n<p>En enero, tras el salto cambiario de 118%, las exportaciones aumentaron 9,6% en comparaci\u00f3n con el mismo mes del a\u00f1o anterior. En t\u00e9rminos desestacionalizados, se observ\u00f3 un aumento de 3,9%. Estas crecieron debido principalmente al incremento anual de los Productos Primarios (55,4%). Hacia el interior, se explic\u00f3 especialmente por el aumento en un 63% anual de los Cereales.<\/p>\n\n\n\n<p><img decoding=\"async\" loading=\"lazy\" alt=\"Las importaciones en enero disminuyeron un 14,3% en comparaci\u00f3n con enero de 2023 (EFE)\" height=\"4000\" width=\"6000\" src=\"https:\/\/www.infobae.com\/new-resizer\/cjEr4xIC6L3QeM2-egCFWS_cpS4=\/420x280\/filters:format(webp):quality(85)\/cloudfront-us-east-1.images.arcpublishing.com\/infobae\/F5R4NTDS6FGTVBL7FTNQSE63TE.jpg%20420w\" srcset=\"https:\/\/www.infobae.com\/new-resizer\/cjEr4xIC6L3QeM2-egCFWS_cpS4=\/420x280\/filters:format(webp):quality(85)\/cloudfront-us-east-1.images.arcpublishing.com\/infobae\/F5R4NTDS6FGTVBL7FTNQSE63TE.jpg 420w,https:\/\/www.infobae.com\/new-resizer\/Jn1uPtzuBPuWUPuGf1CGiYMvJyg=\/768x512\/filters:format(webp):quality(85)\/cloudfront-us-east-1.images.arcpublishing.com\/infobae\/F5R4NTDS6FGTVBL7FTNQSE63TE.jpg 768w,https:\/\/www.infobae.com\/new-resizer\/NhQD3q9mnHfDCv0urCVxxt3R5kw=\/992x661\/filters:format(webp):quality(85)\/cloudfront-us-east-1.images.arcpublishing.com\/infobae\/F5R4NTDS6FGTVBL7FTNQSE63TE.jpg 992w,https:\/\/www.infobae.com\/new-resizer\/fn5lA3uC_kL8tSU9TvHCQiy0vU8=\/1200x800\/filters:format(webp):quality(85)\/cloudfront-us-east-1.images.arcpublishing.com\/infobae\/F5R4NTDS6FGTVBL7FTNQSE63TE.jpg 1200w,https:\/\/www.infobae.com\/new-resizer\/NxpEsVn90cpTiJz3Rv0787brJ7I=\/1440x960\/filters:format(webp):quality(85)\/cloudfront-us-east-1.images.arcpublishing.com\/infobae\/F5R4NTDS6FGTVBL7FTNQSE63TE.jpg 1440w\">Las importaciones en enero disminuyeron un 14,3% en comparaci\u00f3n con enero de 2023 (EFE)<\/p>\n\n\n\n<p>Las importaciones en enero disminuyeron un 14,3% en comparaci\u00f3n con enero de 2023. En t\u00e9rminos desestacionalizados, registraron una disminuci\u00f3n de 8,8%.<\/p>\n\n\n\n<p>El principal vendedor para la Argentina ese mes fue China, un 22% de las importaciones provienen de dicho pa\u00eds. En el caso de exportaciones el principal socio fue Brasil (15,9%).<\/p>\n\n\n\n<p>Desde LCG proyectaron: \u201cPara 2024, esperamos que los efectos de la sequ\u00eda se vean disipados, por lo que volver\u00edamos a niveles de exportaciones como los de a\u00f1os previos, unos USD 84.000 millones (+27% anual). Por el lado de las importaciones, comienza a notarse el efecto de la de la devaluaci\u00f3n del tipo de cambio que dificulta las posibilidades monetarias de hacerlo, como tambi\u00e9n como espejo del marco recesivo. Por esto, proyectamos una suma de USD 66.000 millones (-10% anual). Aunque los pagos diferidos contin\u00faan (por las nuevas medidas del BCRA), el stock de deuda comercial empezar\u00eda a regularse a trav\u00e9s de distintos mecanismos como el bono para cancelar deuda de los mismos. El a\u00f1o que comienza podr\u00eda aportar USD 18.000 anual a trav\u00e9s de la balanza comercial\u201d.<\/p>\n\n\n\n<h2>Proyecciones de actividad econ\u00f3mica<\/h2>\n\n\n\n<p>En este marco,<strong>&nbsp;Outlier&nbsp;<\/strong>proyecta una contracci\u00f3n del PIB de 3% anual en el escenario base, con una ca\u00edda del 4\/5% en el primer trimestre. \u201cEs de esperar que el segundo trimestre muestre un alivio en cuanto a la din\u00e1mica negativa de la mano de la cosecha gruesa y, en la medida que se logre salir del cepo en forma m\u00e1s o menos \u2018ordenada\u2019 hacia junio, la recuperaci\u00f3n se demorar\u00eda hasta mediados\/fines del tercer o cuarto trimestre. Dependiendo de la devaluaci\u00f3n adicional requerida en dicho evento y el esquema de estabilizaci\u00f3n que se aplique a continuaci\u00f3n\u201d, indic\u00f3 el informe.<\/p>\n\n\n\n<p><img decoding=\"async\" loading=\"lazy\" alt=\"El relevamiento de expectativas de mercado del Banco Central muestra que el consenso de los especialistas estima una ca\u00edda del PIB del orden del 3,5% para este a\u00f1o\" height=\"1687\" width=\"2800\" src=\"https:\/\/www.infobae.com\/new-resizer\/W9irRPt2TVb9f2FjzhxKpG_Nnes=\/992x606\/filters:format(webp):quality(85)\/cloudfront-us-east-1.images.arcpublishing.com\/infobae\/M5HZK5XWLRD6JBJHWZ235IBK7M.jpg%20992w\" srcset=\"https:\/\/www.infobae.com\/new-resizer\/W9irRPt2TVb9f2FjzhxKpG_Nnes=\/992x606\/filters:format(webp):quality(85)\/cloudfront-us-east-1.images.arcpublishing.com\/infobae\/M5HZK5XWLRD6JBJHWZ235IBK7M.jpg 992w\">El relevamiento de expectativas de mercado del Banco Central muestra que el consenso de los especialistas estima una ca\u00edda del PIB del orden del 3,5% para este a\u00f1o<\/p>\n\n\n\n<p>Los analistas econ\u00f3micos consultados por el Banco Central en el&nbsp;<strong>Relevamiento de Expectativas de Mercado (REM)<\/strong>&nbsp;esperan una fuerte retracci\u00f3n del 3,5% en el PBI, medio punto porcentual m\u00e1s de lo que esperaban hace un mes. La recesi\u00f3n actual se extender\u00e1 por lo menos hasta el segundo trimestre de este a\u00f1o, con un -0,2%.<\/p>\n\n\n\n<p>\u201cEn el relevamiento de febrero, el conjunto de analistas del REM proyect\u00f3 para 2024 un nivel del Producto Interno Bruto (PIB) real 3,5% inferior al promedio de 2023, empeorando la perspectiva en 0,5 puntos porcentuales respecto del relevamiento previo. Este deterioro se concentr\u00f3 en el primer trimestre, per\u00edodo para el cual quienes responden el REM redujeron su pron\u00f3stico en 0,4 puntos porcentuales\u201d, explic\u00f3 el BCRA.<\/p>\n\n\n\n<h2>Expectativas<\/h2>\n\n\n\n<p>A pesar de la licuaci\u00f3n del salario real y el comienzo de los sinceramientos de precios de la econom\u00eda (medidas con grandes costos sociales), el apoyo de la poblaci\u00f3n al oficialismo persiste. El \u00edndice de Confianza del Gobierno (UTDT), una variable que correlaciona bien con el resultado en los comicios, se mantiene por encima del 51,4%, retrocediendo s\u00f3lo 5 puntos frente a la medici\u00f3n de diciembre. Adem\u00e1s, el indicador Confianza del Consumidor (UTDT) volvi\u00f3 a crecer luego de un desmoronamiento superior al 25% en diciembre y enero.<\/p>\n\n\n\n<p>Fuente: Infobae<\/p>\n","protected":false},"excerpt":{"rendered":"<div class=\"mh-excerpt\"><p>Aunque todav\u00eda los datos oficiales no mostraron dos trimestres consecutivos de contracci\u00f3n de la actividad, la definici\u00f3n t\u00e9cnica de\u00a0recesi\u00f3n, la econom\u00eda muestra claros signos de una fuerte ca\u00edda en los distintos sectores que la componen. El rojo en los indicadores se profundiz\u00f3 en diciembre, a partir del cambio de gobierno, y los n\u00fameros negativos se siguen acumulando a medida que avanza 2024. La\u00a0industria, el consumo y la inversi\u00f3n\u00a0son las variables que m\u00e1s est\u00e1n sufriendo el ajuste, pero el freno se siente en forma generalizada. \u201cVamos a estar durante unos meses peor que antes\u201d&nbsp;hab\u00eda dicho el ministro de Econom\u00eda,&nbsp;Luis Caputo, en <a class=\"mh-excerpt-more\" href=\"http:\/\/dsrmedios.com.ar\/diario\/archivos\/43313\" title=\"Recesi\u00f3n: uno por uno, cu\u00e1les son los sectores m\u00e1s afectados por la ca\u00edda de la actividad en los \u00faltimos meses\">[Leer m\u00e1s]<\/a><\/p>\n<\/div>","protected":false},"author":8,"featured_media":43319,"comment_status":"open","ping_status":"closed","sticky":false,"template":"","format":"standard","meta":{"_jetpack_newsletter_access":""},"categories":[6],"tags":[],"jetpack_featured_media_url":"http:\/\/dsrmedios.com.ar\/diario\/wp-content\/uploads\/2024\/03\/MLYVEFFSRHRHUG6J47KUN6MYCM-1.jpg","jetpack_sharing_enabled":true,"jetpack_shortlink":"https:\/\/wp.me\/p9fihK-bgB","_links":{"self":[{"href":"http:\/\/dsrmedios.com.ar\/diario\/wp-json\/wp\/v2\/posts\/43313"}],"collection":[{"href":"http:\/\/dsrmedios.com.ar\/diario\/wp-json\/wp\/v2\/posts"}],"about":[{"href":"http:\/\/dsrmedios.com.ar\/diario\/wp-json\/wp\/v2\/types\/post"}],"author":[{"embeddable":true,"href":"http:\/\/dsrmedios.com.ar\/diario\/wp-json\/wp\/v2\/users\/8"}],"replies":[{"embeddable":true,"href":"http:\/\/dsrmedios.com.ar\/diario\/wp-json\/wp\/v2\/comments?post=43313"}],"version-history":[{"count":1,"href":"http:\/\/dsrmedios.com.ar\/diario\/wp-json\/wp\/v2\/posts\/43313\/revisions"}],"predecessor-version":[{"id":43320,"href":"http:\/\/dsrmedios.com.ar\/diario\/wp-json\/wp\/v2\/posts\/43313\/revisions\/43320"}],"wp:featuredmedia":[{"embeddable":true,"href":"http:\/\/dsrmedios.com.ar\/diario\/wp-json\/wp\/v2\/media\/43319"}],"wp:attachment":[{"href":"http:\/\/dsrmedios.com.ar\/diario\/wp-json\/wp\/v2\/media?parent=43313"}],"wp:term":[{"taxonomy":"category","embeddable":true,"href":"http:\/\/dsrmedios.com.ar\/diario\/wp-json\/wp\/v2\/categories?post=43313"},{"taxonomy":"post_tag","embeddable":true,"href":"http:\/\/dsrmedios.com.ar\/diario\/wp-json\/wp\/v2\/tags?post=43313"}],"curies":[{"name":"wp","href":"https:\/\/api.w.org\/{rel}","templated":true}]}}