{"id":43247,"date":"2024-03-04T09:32:10","date_gmt":"2024-03-04T12:32:10","guid":{"rendered":"http:\/\/dsrmedios.com.ar\/diario\/?p=43247"},"modified":"2024-03-04T09:32:12","modified_gmt":"2024-03-04T12:32:12","slug":"el-gobierno-nacional-preve-presentar-un-proyecto-para-restituir-el-impuesto-a-las-ganancias","status":"publish","type":"post","link":"http:\/\/dsrmedios.com.ar\/diario\/archivos\/43247","title":{"rendered":"El gobierno nacional prev\u00e9 presentar un proyecto para restituir el Impuesto a las Ganancias"},"content":{"rendered":"\n<p>El ministro del Interior,<strong>&nbsp;Guillermo Francos, asegur\u00f3 que el Gobierno prev\u00e9 presentar un proyecto para restituir el impuesto a las Ganancias<\/strong>, luego de la propuesta del ex ministro de Econom\u00eda Sergio Massa de quitar la cuarta categor\u00eda del tributo, que finalmente fue aprobada en el Congreso.<\/p>\n\n\n\n<p><strong>\u201cEl impuesto a las Ganancias estuvo siempre y fue un error quitarlo, existe en todos los pa\u00edses. Est\u00e1 dentro de los temas a tratar<\/strong>. Cuando se derog\u00f3, con fines meramente electoralistas, lo que se hizo fue desfinanciar a las provincias. Est\u00e1 previsto tratar Ganancias\u201d, expres\u00f3 el funcionario en declaraciones radiales.&nbsp;<\/p>\n\n\n\n<p>Las palabras de Francos se dan en el marco de un intento de acercamiento de la actual gesti\u00f3n con las provincias, luego que el presidente Javier Milei solicitara realizar un \u201cpacto de mayo\u201d.<\/p>\n\n\n\n<p>La quita de Ganancias se resolvi\u00f3 durante el tramo final de la campa\u00f1a presidencial del 2023. Entonces, el mandatario nacional era diputado y apoy\u00f3 la medida de quien era su contrincante en los comicios, aunque ahora pretende implementarlo nuevamente.<\/p>\n\n\n\n<p>Precisamente, fue en septiembre pasado cuando se elimin\u00f3 la cuarta categor\u00eda del tributo y&nbsp;<strong>benefici\u00f3 a unos 800.000 contribuyentes.<\/strong><\/p>\n\n\n\n<p>En concreto, la nueva ley estableci\u00f3 que el piso no imponible para trabajadores y jubilados iba a ser el equivalente a\u00a0<strong>15 salarios M\u00ednimos, Vitales y M\u00f3viles (SMVM).<\/strong>\u00a0Actualmente, el mismo se encuentra en<strong>\u00a0$202.800.\u00a0<\/strong>(NA)<\/p>\n\n\n\n<p>Fuente: la arena<\/p>\n","protected":false},"excerpt":{"rendered":"<div class=\"mh-excerpt\"><p>El ministro del Interior,&nbsp;Guillermo Francos, asegur\u00f3 que el Gobierno prev\u00e9 presentar un proyecto para restituir el impuesto a las Ganancias, luego de la propuesta del ex ministro de Econom\u00eda Sergio Massa de quitar la cuarta categor\u00eda del tributo, que finalmente fue aprobada en el Congreso. \u201cEl impuesto a las Ganancias estuvo siempre y fue un error quitarlo, existe en todos los pa\u00edses. Est\u00e1 dentro de los temas a tratar. Cuando se derog\u00f3, con fines meramente electoralistas, lo que se hizo fue desfinanciar a las provincias. Est\u00e1 previsto tratar Ganancias\u201d, expres\u00f3 el funcionario en declaraciones radiales.&nbsp; Las palabras de Francos se <a class=\"mh-excerpt-more\" href=\"http:\/\/dsrmedios.com.ar\/diario\/archivos\/43247\" title=\"El gobierno nacional prev\u00e9 presentar un proyecto para restituir el Impuesto a las Ganancias\">[Leer m\u00e1s]<\/a><\/p>\n<\/div>","protected":false},"author":8,"featured_media":7872,"comment_status":"open","ping_status":"closed","sticky":false,"template":"","format":"standard","meta":{"_jetpack_newsletter_access":""},"categories":[6],"tags":[],"jetpack_featured_media_url":"http:\/\/dsrmedios.com.ar\/diario\/wp-content\/uploads\/2018\/08\/afip.jpg_258117318.jpg","jetpack_sharing_enabled":true,"jetpack_shortlink":"https:\/\/wp.me\/p9fihK-bfx","_links":{"self":[{"href":"http:\/\/dsrmedios.com.ar\/diario\/wp-json\/wp\/v2\/posts\/43247"}],"collection":[{"href":"http:\/\/dsrmedios.com.ar\/diario\/wp-json\/wp\/v2\/posts"}],"about":[{"href":"http:\/\/dsrmedios.com.ar\/diario\/wp-json\/wp\/v2\/types\/post"}],"author":[{"embeddable":true,"href":"http:\/\/dsrmedios.com.ar\/diario\/wp-json\/wp\/v2\/users\/8"}],"replies":[{"embeddable":true,"href":"http:\/\/dsrmedios.com.ar\/diario\/wp-json\/wp\/v2\/comments?post=43247"}],"version-history":[{"count":1,"href":"http:\/\/dsrmedios.com.ar\/diario\/wp-json\/wp\/v2\/posts\/43247\/revisions"}],"predecessor-version":[{"id":43248,"href":"http:\/\/dsrmedios.com.ar\/diario\/wp-json\/wp\/v2\/posts\/43247\/revisions\/43248"}],"wp:featuredmedia":[{"embeddable":true,"href":"http:\/\/dsrmedios.com.ar\/diario\/wp-json\/wp\/v2\/media\/7872"}],"wp:attachment":[{"href":"http:\/\/dsrmedios.com.ar\/diario\/wp-json\/wp\/v2\/media?parent=43247"}],"wp:term":[{"taxonomy":"category","embeddable":true,"href":"http:\/\/dsrmedios.com.ar\/diario\/wp-json\/wp\/v2\/categories?post=43247"},{"taxonomy":"post_tag","embeddable":true,"href":"http:\/\/dsrmedios.com.ar\/diario\/wp-json\/wp\/v2\/tags?post=43247"}],"curies":[{"name":"wp","href":"https:\/\/api.w.org\/{rel}","templated":true}]}}