{"id":43233,"date":"2024-02-29T11:34:43","date_gmt":"2024-02-29T14:34:43","guid":{"rendered":"http:\/\/dsrmedios.com.ar\/diario\/?p=43233"},"modified":"2024-02-29T11:34:46","modified_gmt":"2024-02-29T14:34:46","slug":"milei-afirmo-que-con-el-actual-congreso-va-a-ser-dificil-aprobar-reformas-y-que-apelara-a-decretos","status":"publish","type":"post","link":"http:\/\/dsrmedios.com.ar\/diario\/archivos\/43233","title":{"rendered":"Milei afirm\u00f3 que con el actual Congreso &#8220;va a ser dif\u00edcil aprobar reformas&#8221; y que apelar\u00e1 a decretos"},"content":{"rendered":"\n<p>El presidente Javier Milei asegur\u00f3 que, &#8220;mientras el Congreso tenga su composici\u00f3n actual&#8221;, va a ser &#8220;dif\u00edcil aprobar las reformas&#8221; que propone su Gobierno, atribuy\u00f3 esa situaci\u00f3n a que &#8220;los pol\u00edticos no tienen problema de da\u00f1ar los intereses de los argentinos para mantener sus privilegios&#8221;, y dijo que, de ac\u00e1 a que se produzca la renovaci\u00f3n parlamentaria en las elecciones de medio t\u00e9rmino, &#8220;hay otras reformas&#8221; que se pueden &#8220;hacer por decreto&#8221;.<\/p>\n\n\n\n<p>As\u00ed lo expres\u00f3 en una entrevista que brind\u00f3 al medio brit\u00e1nico Financial Times, en la que plante\u00f3 que &#8220;lo que qued\u00f3 claro&#8221; con el frustrado debate del proyecto de Ley Bases, de desregulaci\u00f3n de distintos aspectos de la econom\u00eda, es que &#8220;los pol\u00edticos no tienen problema en da\u00f1ar los intereses de los argentinos para mantener sus privilegios&#8221;.<\/p>\n\n\n\n<p>&#8220;Mientras el Congreso tenga su composici\u00f3n actual, creemos que es dif\u00edcil aprobar reformas&#8221;, asever\u00f3 el mandatario quien difundi\u00f3 a trav\u00e9s de la red social X la nota publicada por el Financial Times.<\/p>\n\n\n\n<p>En ese marco, el jefe de Estado anticip\u00f3 que&nbsp;<strong>&#8220;hay otras reformas que podemos hacer por decreto&#8221;<\/strong>&nbsp;y se\u00f1al\u00f3 que<strong>&nbsp;&#8220;no se sale de la pobreza por arte de magia&#8221;, sino que se sale &#8220;con capitalismo, ahorro y trabajo duro&#8221;.<\/strong><\/p>\n\n\n\n<p>Milei tambi\u00e9n se refiri\u00f3 a las<strong>&nbsp;dificultades para poder avanzar en el Congreso con el debate del proyecto de Ley Bases<\/strong>&nbsp;y asegur\u00f3 que espera &#8220;devolver todas las reformas despu\u00e9s del 11 de diciembre de 2025&#8221; luego de las elecciones intermedias ya que restan &#8220;3.000 m\u00e1s por presentar&#8221;.<\/p>\n\n\n\n<p><strong>&#8220;Quienes voten en contra ser\u00e1n identificados como enemigos del cambio&#8221;<\/strong>, advirti\u00f3 aunque admiti\u00f3 que &#8220;en el largo plazo se necesita el Congreso&#8221;.<\/p>\n\n\n\n<p>Por otro lado, Milei consider\u00f3 que hay &#8220;cero posibilidades de que se produzca un levantamiento social&#8221; en respuesta a las pol\u00edticas impulsadas por su Gobierno a menos que haya &#8220;un evento con motivaciones pol\u00edticas&#8221;.<\/p>\n\n\n\n<p>&#8220;Hay cero posibilidades de que se produzca un levantamiento social, a menos que haya un evento con motivaciones pol\u00edticas o infiltrados extranjeros&#8221;, afirm\u00f3 Milei, quien advirti\u00f3 que &#8220;los gobiernos de izquierda trabajan juntos para intentar sabotear a los que no son como ellos&#8221;.<\/p>\n\n\n\n<p>Adem\u00e1s, se mostr\u00f3<strong>&nbsp;confiado en que el pa\u00eds puede &#8220;crecer fuerte&#8221; el a\u00f1o pr\u00f3ximo<\/strong>&nbsp;y que, sin los controles cambiarios, se podr\u00eda tener &#8220;mucha inversi\u00f3n a pesar de no tener cambios institucionales&#8221;.<\/p>\n\n\n\n<p>&#8220;Este podr\u00eda ser el punto de despegue para que el pr\u00f3ximo a\u00f1o la Argentina est\u00e9 creciendo de manera fuerte, s\u00f3lida, sustentable y con baja inflaci\u00f3n\u201d, remarc\u00f3.<\/p>\n\n\n\n<p>Asimismo, ratific\u00f3 su objetivo de mantener el d\u00e9ficit cero, &#8220;seguir bajando la inflaci\u00f3n y terminar de limpiar el balance del Banco Central&#8221;.<\/p>\n\n\n\n<p><strong>&#8220;Una vez que el Banco Central est\u00e9 limpio, planeamos levantar los controles cambiarios. El FMI estima que podr\u00edamos hacerlo a mediados de a\u00f1o\u201d<\/strong>, detall\u00f3 y asegur\u00f3 que &#8220;la palabra que mejor representa a este Gobierno es esperanza&#8221; a la vez que destac\u00f3 que su gesti\u00f3n ha &#8220;evitado la hiperinflaci\u00f3n\u201d.<\/p>\n\n\n\n<p>\u201c\u00bfPor qu\u00e9 ser\u00eda arriesgado, cuando estoy haciendo exactamente lo que los libros de texto dicen que debo hacer?\u201d, se pregunt\u00f3 sobre los cuestionamientos a su plan econ\u00f3mico.<\/p>\n\n\n\n<p>Sobre pol\u00edtica internacional, Milei dijo que planea organizar una<strong>&nbsp;\u201ccumbre de apoyo de Am\u00e9rica Latina\u201d a Ucrania<\/strong>&nbsp;a finales de este a\u00f1o.<\/p>\n\n\n\n<p>&#8220;No fue una reuni\u00f3n bilateral o una situaci\u00f3n premeditada la que tuve con Donald Trump, fue como el encuentro de dos amigos&#8221;, agreg\u00f3 sobre el encuentro que mantuvo con su par estadounidense el pasado s\u00e1bado en el marco de la Conferencia de la Acci\u00f3n Pol\u00edtica Conservadora (CPAC) en Washington.<\/p>\n\n\n\n<h2>Milei anticip\u00f3 una baja de la inflaci\u00f3n y explic\u00f3 motivo de ca\u00edda del d\u00f3lar<\/h2>\n\n\n\n<p>El Presidente ponder\u00f3 este jueves el comportamiento reciente de los agregados monetarios de la econom\u00eda argentina y su impacto en la inflaci\u00f3n, y anticip\u00f3 que habr\u00e1 una ca\u00edda del \u00cdndice de Precios al Consumidor (IPC) en febrero.<\/p>\n\n\n\n<p>&#8220;La inflaci\u00f3n es siempre y en todo lugar un fen\u00f3meno monetario que surge de un exceso de oferta de dinero que hace que el poder adquisitivo de la moneda caiga y con ello todos los precios expresados en unidades de moneda local suban&#8221;, sostuvo el mandatario a trav\u00e9s de su cuenta en la red social X (antes Twitter).<\/p>\n\n\n\n<p>&#8220;El d\u00f3lar, al ser un activo financiero y por ende ajustar m\u00e1s r\u00e1pido que los bienes, se anticipa a los precios (no es que causa la suba de los precios)&#8221;, justific\u00f3 al explicar la reciente ca\u00edda del d\u00f3lar (de cerca de 25% en febrero \u00faltimo) respecto del peso, y la menor inflaci\u00f3n en febrero cuyo dato se conocer\u00e1 el pr\u00f3ximo 12 de marzo.<\/p>\n\n\n\n<p>Asimismo, Milei propuso, desde &#8220;este marco anal\u00edtico&#8221;, analizar lo que est\u00e1 pasando &#8220;con los agregados monetarios en t\u00e9rminos nominales, reales y de PIB&#8221; y agreg\u00f3: &#8220;Si no erran la matem\u00e1tica, ver\u00e1n la luz al final del camino y entender\u00e1n qu\u00e9 pone tan nerviosa a la casta&#8221;, expres\u00f3.<\/p>\n\n\n\n<p>Fuente: Telam<\/p>\n","protected":false},"excerpt":{"rendered":"<div class=\"mh-excerpt\"><p>El presidente Javier Milei asegur\u00f3 que, &#8220;mientras el Congreso tenga su composici\u00f3n actual&#8221;, va a ser &#8220;dif\u00edcil aprobar las reformas&#8221; que propone su Gobierno, atribuy\u00f3 esa situaci\u00f3n a que &#8220;los pol\u00edticos no tienen problema de da\u00f1ar los intereses de los argentinos para mantener sus privilegios&#8221;, y dijo que, de ac\u00e1 a que se produzca la renovaci\u00f3n parlamentaria en las elecciones de medio t\u00e9rmino, &#8220;hay otras reformas&#8221; que se pueden &#8220;hacer por decreto&#8221;. As\u00ed lo expres\u00f3 en una entrevista que brind\u00f3 al medio brit\u00e1nico Financial Times, en la que plante\u00f3 que &#8220;lo que qued\u00f3 claro&#8221; con el frustrado debate del proyecto <a class=\"mh-excerpt-more\" href=\"http:\/\/dsrmedios.com.ar\/diario\/archivos\/43233\" title=\"Milei afirm\u00f3 que con el actual Congreso &#8220;va a ser dif\u00edcil aprobar reformas&#8221; y que apelar\u00e1 a decretos\">[Leer m\u00e1s]<\/a><\/p>\n<\/div>","protected":false},"author":8,"featured_media":41633,"comment_status":"open","ping_status":"closed","sticky":false,"template":"","format":"standard","meta":{"_jetpack_newsletter_access":""},"categories":[6],"tags":[],"jetpack_featured_media_url":"http:\/\/dsrmedios.com.ar\/diario\/wp-content\/uploads\/2023\/11\/MILEI32.jpg","jetpack_sharing_enabled":true,"jetpack_shortlink":"https:\/\/wp.me\/p9fihK-bfj","_links":{"self":[{"href":"http:\/\/dsrmedios.com.ar\/diario\/wp-json\/wp\/v2\/posts\/43233"}],"collection":[{"href":"http:\/\/dsrmedios.com.ar\/diario\/wp-json\/wp\/v2\/posts"}],"about":[{"href":"http:\/\/dsrmedios.com.ar\/diario\/wp-json\/wp\/v2\/types\/post"}],"author":[{"embeddable":true,"href":"http:\/\/dsrmedios.com.ar\/diario\/wp-json\/wp\/v2\/users\/8"}],"replies":[{"embeddable":true,"href":"http:\/\/dsrmedios.com.ar\/diario\/wp-json\/wp\/v2\/comments?post=43233"}],"version-history":[{"count":1,"href":"http:\/\/dsrmedios.com.ar\/diario\/wp-json\/wp\/v2\/posts\/43233\/revisions"}],"predecessor-version":[{"id":43234,"href":"http:\/\/dsrmedios.com.ar\/diario\/wp-json\/wp\/v2\/posts\/43233\/revisions\/43234"}],"wp:featuredmedia":[{"embeddable":true,"href":"http:\/\/dsrmedios.com.ar\/diario\/wp-json\/wp\/v2\/media\/41633"}],"wp:attachment":[{"href":"http:\/\/dsrmedios.com.ar\/diario\/wp-json\/wp\/v2\/media?parent=43233"}],"wp:term":[{"taxonomy":"category","embeddable":true,"href":"http:\/\/dsrmedios.com.ar\/diario\/wp-json\/wp\/v2\/categories?post=43233"},{"taxonomy":"post_tag","embeddable":true,"href":"http:\/\/dsrmedios.com.ar\/diario\/wp-json\/wp\/v2\/tags?post=43233"}],"curies":[{"name":"wp","href":"https:\/\/api.w.org\/{rel}","templated":true}]}}