{"id":43227,"date":"2024-02-29T11:31:40","date_gmt":"2024-02-29T14:31:40","guid":{"rendered":"http:\/\/dsrmedios.com.ar\/diario\/?p=43227"},"modified":"2024-02-29T11:31:42","modified_gmt":"2024-02-29T14:31:42","slug":"la-ley-lucio-traspasa-fronteras-y-podria-implementarse-en-america-latina","status":"publish","type":"post","link":"http:\/\/dsrmedios.com.ar\/diario\/archivos\/43227","title":{"rendered":"<a href=\"https:\/\/www.eldiariodelapampa.com.ar\/la-pampa\/30812\/la-ley-lucio-traspasa-fronteras--podria-implementarse-en-america-latina\">La Ley Lucio traspasa fronteras y podr\u00eda implementarse en Am\u00e9rica Latina<\/a>"},"content":{"rendered":"\n<p>La Ley Lucio, sancionada en nombre del nene santarrose\u00f1o asesinado por su madre y la novia de ella, podr\u00eda implementarse en Am\u00e9rica Latina. Se trata de un plan federal que capacita a los empleados estatales en materia de derechos infantiles, y promete no pasar desapercibido ante la mirada del mundo.&nbsp;<\/p>\n\n\n\n<p>El peque\u00f1o de 5 a\u00f1os fue asesinado en Santa Rosa a manos de su progenitora, Magdalena Esp\u00f3sito Valenti, y su pareja, Abigail P\u00e1ez. Fueron meses de maltrato, un sistema entero que ignor\u00f3 todo, una sentencia firme, un proyecto sancionado y una v\u00edctima que lleg\u00f3 a ocupar noticieros internacionales. A m\u00e1s de dos a\u00f1os del homicidio, contin\u00faa sentando precedentes.&nbsp;<\/p>\n\n\n\n<p>En Am\u00e9rica Latina<\/p>\n\n\n\n<p><strong>El pr\u00f3ximo 18 de marzo, la familia Dupuy viajar\u00e1 desde General Pico a Chile&nbsp;<\/strong>para presentar oficialmente el llamado Plan federal de capacitaci\u00f3n sobre derechos de ni\u00f1as, ni\u00f1os y adolescentes (Ley 27.709), que rige en territorio albiceleste hace casi un a\u00f1o. Lo har\u00e1 de la mano de varios legisladores que est\u00e1n interesados en implementarlo all\u00ed: la senadora Ximena Rinc\u00f3n (Movimiento Dem\u00f3cratas), el senador Francisco Chahu\u00e1n (Renovaci\u00f3n Nacional) y el diputado Felipe Donoso (Uni\u00f3n Dem\u00f3crata Independiente).&nbsp;<\/p>\n\n\n\n<p>&#8220;Tambi\u00e9n vamos a recorrer Paraguay, Uruguay y Brasil, ver c\u00f3mo funciona el sistema de ni\u00f1ez all\u00ed, y hay una invitaci\u00f3n especial a El Salvador. Pero el primer paso es Chile, donde est\u00e1n debatiendo si entra a Comisiones o no&#8221;, explic\u00f3 Ram\u00f3n Dupuy. Estar\u00e1n acompa\u00f1ados por Mart\u00edn Maquieyra, diputado del PRO por La Pampa y precursor del proyecto.<\/p>\n\n\n\n<p>Primera sede del pa\u00eds<\/p>\n\n\n\n<figure class=\"wp-block-image\"><img decoding=\"async\" src=\"https:\/\/www.eldiariodelapampa.com.ar\/\/img\/publicaciones\/2024\/02\/29\/alta\/491212-t.jpg\" alt=\"\"\/><\/figure>\n\n\n\n<p>Pero los logros tambi\u00e9n se siguen conquistando dentro de Argentina. Las provincias siguen incorporando esta norma a sus legislaciones, y las \u00fanicas que faltan son la Provincia de Buenos Aires, C\u00f3rdoba, Santa Fe y Santa Cruz.<\/p>\n\n\n\n<p>El abuelo de la v\u00edctima anticip\u00f3 en declaraciones al diario mendocino MDzol que la Asociaci\u00f3n Lucio Dupuy, encargada de complementar y controlar el cumplimiento de la Ley,\u00a0<strong>tendr\u00e1 su primera sede en el pa\u00eds: estar\u00e1 en San Miguel de Tucum\u00e1n<\/strong>. A futuro planean levantar uno en cada jurisdicci\u00f3n que haya adherido al plan.<\/p>\n\n\n\n<p>El pasado viernes 23, la Legislatura de Tucum\u00e1n fue el sitio donde desarroll\u00f3 la segunda jornada de Inter\u00e9s superior del ni\u00f1o y perspectiva de infancia en los tres poderes del Estado. La familia del nene asesinado expuso, junto al diputado Maquieyra, el trabajo que vienen realizando tras la sanci\u00f3n de la Ley, y los beneficios que su implementaci\u00f3n tiene en los menores de edad.<\/p>\n\n\n\n<p>La noche previa, Ram\u00f3n tuvo una cena con el mandatario provincial, Osvaldo Jaldo, para seguir sumando detalles acerca de este gran avance. &#8220;Vamos a firmar un convenio con el Consejo Deliberante, que nos donaron un mural. Luego nos tenemos que reunir nuevamente con el gobernador, vicegobernador y la intendencia para ver m\u00e1s en detalle el edificio que nos entregaron&#8221;, explic\u00f3. La Asociaci\u00f3n ya est\u00e1 en funcionamiento all\u00ed, tiene personer\u00eda jur\u00eddica y los fiscales locales est\u00e1n a plena disposici\u00f3n de sus miembros.<\/p>\n\n\n\n<p>&#8220;En abril, luego de viajar a Chile, iremos con miembros del Ministerio de Capital Humano a visitar todas las provincias para ver los centros de desarrollo infantil. Despu\u00e9s vamos a Brasil, Paraguay y Uruguay. Est\u00e1n interesados en presentar esta legislaci\u00f3n&#8221;, a\u00f1adi\u00f3 el abuelo pampeano.<\/p>\n\n\n\n<p>Recordado en Alemania<\/p>\n\n\n\n<p>Cuando a\u00fan avanzaba el juicio, que posteriormente conden\u00f3 a perpetua a ambas acusadas, Alemania ya estaba pidiendo justicia por el nene. La ciudad de Leipzig, al este del pa\u00eds y dentro del estado de Sajonia, concentr\u00f3 en varias ocasiones a distintas personas que hicieron colectas infantiles por Lucio e incluso levantaron carteles durante algunos partidos de f\u00fatbol.<\/p>\n\n\n\n<p>El 20 de noviembre de 2022, una semana antes de que se cumpla el primer a\u00f1o del asesinato, se hizo un homenaje en el puente Sachsenbr\u00fccke, que cruza el r\u00edo Elba. Los convocados tocaron m\u00fasica y colocaron una mesa llena de globos, velas e im\u00e1genes del ni\u00f1o. Al tomar conocimiento del caso, muchos donaron juguetes y peluches, los cuales fueron dados a ni\u00f1os alemanes que hab\u00edan llegado como refugiados de la guerra de Ucrania y Rusia.<\/p>\n\n\n\n<p>De qu\u00e9 trata la Ley Lucio<\/p>\n\n\n\n<p>Este plan federal est\u00e1 destinado a las personas que se desempe\u00f1an en \u00e1reas y dependencias de los poderes Ejecutivo, Legislativo y Judicial del Estado nacional, que forman parte del Sistema Integral de Promoci\u00f3n y Protecci\u00f3n de los Derechos de las Ni\u00f1as, Ni\u00f1os y Adolescentes, as\u00ed como agentes de las administraciones provinciales, municipales y de organizaciones sociales, deportivas, recreativas y culturales, que tengan convenios de cooperaci\u00f3n y colaboraci\u00f3n con la autoridad de aplicaci\u00f3n de la norma.<\/p>\n\n\n\n<p>Se trata de la Ley 27709, la cual plantea una capacitaci\u00f3n de car\u00e1cter continuo, permanente y obligatorio, en derechos de los menores de edad que viven en el pa\u00eds. Sancionada a mediados del 2023, exige:<\/p>\n\n\n\n<p>&#8211; Velar por el respeto de la Convenci\u00f3n de los Derechos del Ni\u00f1o, adoptada por la Asamblea General de las Naciones Unidas, incorporada a la Constituci\u00f3n Nacional por el art\u00edculo 75, inciso 22, y por las disposiciones de la ley 26.061, de Protecci\u00f3n Integral de los Derechos de Ni\u00f1as, Ni\u00f1os y Adolescentes;<\/p>\n\n\n\n<p>&#8211; Generar las condiciones para una convivencia social fundada en v\u00ednculos de afecto y confianza que se definen como &#8220;buen trato&#8221;, fundamental para el desarrollo de proyectos de vida por parte de las nuevas generaciones;<\/p>\n\n\n\n<p>&#8211; Promover los espacios y metodolog\u00edas necesarias al efecto de garantizar el derecho a ser o\u00eddos de las ni\u00f1as, ni\u00f1os y adolescentes en todos los procesos administrativos y judiciales, conforme el principio de la autonom\u00eda progresiva, receptado tanto en la ley 26.061 como en nuestro C\u00f3digo Civil y Comercial de la Naci\u00f3n. En este marco se deber\u00e1 propiciar el derecho a la participaci\u00f3n de ni\u00f1as, ni\u00f1os y adolescentes, en los distintos \u00e1mbitos sociales y comunitarios, poniendo \u00e9nfasis en la posibilidad de incidir en el dise\u00f1o de pol\u00edticas p\u00fablicas que afectan sus intereses y derechos;<\/p>\n\n\n\n<p>&#8211; Propiciar la perspectiva de g\u00e9nero y diversidades, conforme a los marcos normativos vigentes;<\/p>\n\n\n\n<p>&#8211; Recomendar la protecci\u00f3n de los denunciantes en los casos de posible vulneraci\u00f3n de Derechos de Ni\u00f1as, Ni\u00f1os y Adolescentes, a trav\u00e9s de las autoridades administrativas o judiciales de protecci\u00f3n de derechos que intervenga cuando se solicite de manera fundada, procur\u00e1ndose la reserva de identidad del denunciante y la protecci\u00f3n de su integridad.<\/p>\n\n\n\n<p>Fuente: ELDIARIO<\/p>\n","protected":false},"excerpt":{"rendered":"<div class=\"mh-excerpt\"><p>La Ley Lucio, sancionada en nombre del nene santarrose\u00f1o asesinado por su madre y la novia de ella, podr\u00eda implementarse en Am\u00e9rica Latina. Se trata de un plan federal que capacita a los empleados estatales en materia de derechos infantiles, y promete no pasar desapercibido ante la mirada del mundo.&nbsp; El peque\u00f1o de 5 a\u00f1os fue asesinado en Santa Rosa a manos de su progenitora, Magdalena Esp\u00f3sito Valenti, y su pareja, Abigail P\u00e1ez. Fueron meses de maltrato, un sistema entero que ignor\u00f3 todo, una sentencia firme, un proyecto sancionado y una v\u00edctima que lleg\u00f3 a ocupar noticieros internacionales. A m\u00e1s <a class=\"mh-excerpt-more\" href=\"http:\/\/dsrmedios.com.ar\/diario\/archivos\/43227\" title=\"La Ley Lucio traspasa fronteras y podr\u00eda implementarse en Am\u00e9rica Latina\">[Leer m\u00e1s]<\/a><\/p>\n<\/div>","protected":false},"author":8,"featured_media":43228,"comment_status":"open","ping_status":"closed","sticky":false,"template":"","format":"standard","meta":{"_jetpack_newsletter_access":""},"categories":[8],"tags":[],"jetpack_featured_media_url":"http:\/\/dsrmedios.com.ar\/diario\/wp-content\/uploads\/2024\/02\/descarga-45.jpeg","jetpack_sharing_enabled":true,"jetpack_shortlink":"https:\/\/wp.me\/p9fihK-bfd","_links":{"self":[{"href":"http:\/\/dsrmedios.com.ar\/diario\/wp-json\/wp\/v2\/posts\/43227"}],"collection":[{"href":"http:\/\/dsrmedios.com.ar\/diario\/wp-json\/wp\/v2\/posts"}],"about":[{"href":"http:\/\/dsrmedios.com.ar\/diario\/wp-json\/wp\/v2\/types\/post"}],"author":[{"embeddable":true,"href":"http:\/\/dsrmedios.com.ar\/diario\/wp-json\/wp\/v2\/users\/8"}],"replies":[{"embeddable":true,"href":"http:\/\/dsrmedios.com.ar\/diario\/wp-json\/wp\/v2\/comments?post=43227"}],"version-history":[{"count":1,"href":"http:\/\/dsrmedios.com.ar\/diario\/wp-json\/wp\/v2\/posts\/43227\/revisions"}],"predecessor-version":[{"id":43229,"href":"http:\/\/dsrmedios.com.ar\/diario\/wp-json\/wp\/v2\/posts\/43227\/revisions\/43229"}],"wp:featuredmedia":[{"embeddable":true,"href":"http:\/\/dsrmedios.com.ar\/diario\/wp-json\/wp\/v2\/media\/43228"}],"wp:attachment":[{"href":"http:\/\/dsrmedios.com.ar\/diario\/wp-json\/wp\/v2\/media?parent=43227"}],"wp:term":[{"taxonomy":"category","embeddable":true,"href":"http:\/\/dsrmedios.com.ar\/diario\/wp-json\/wp\/v2\/categories?post=43227"},{"taxonomy":"post_tag","embeddable":true,"href":"http:\/\/dsrmedios.com.ar\/diario\/wp-json\/wp\/v2\/tags?post=43227"}],"curies":[{"name":"wp","href":"https:\/\/api.w.org\/{rel}","templated":true}]}}