{"id":43224,"date":"2024-02-29T11:29:51","date_gmt":"2024-02-29T14:29:51","guid":{"rendered":"http:\/\/dsrmedios.com.ar\/diario\/?p=43224"},"modified":"2024-02-29T11:29:53","modified_gmt":"2024-02-29T14:29:53","slug":"vuelta-a-clases-cuales-son-las-vacunas-que-los-chicos-tienen-que-tener-al-dia","status":"publish","type":"post","link":"http:\/\/dsrmedios.com.ar\/diario\/archivos\/43224","title":{"rendered":"Vuelta a clases: \u00bfcu\u00e1les son las vacunas que los chicos tienen que tener al d\u00eda?"},"content":{"rendered":"\n<p>Ma\u00f1ana comenzaran las clases en la Provincia de Buenos Aires y autoridades sanitarias recordaron que&nbsp;<strong>los ni\u00f1os y las ni\u00f1as que regresan a las aulas deben contar con las vacunas del Calendario Nacional&nbsp;<\/strong>indicadas para sus edades con el fin de prevenir diversas enfermedades y contagios en el grupo familiar y la comunidad en general.<\/p>\n\n\n\n<p>En ese marco,&nbsp;<strong>los chicos de entre 5 y 6 a\u00f1os que ingresan a primer grado tendr\u00e1n que recibir la IPV contra la poliomielitis; la triple viral SRP contra el sarampi\u00f3n, la rub\u00e9ola y las paperas; la triple bacteriana celular para la difteria, el t\u00e9tanos y la tos convulsa; y la de la varicela<\/strong>.<\/p>\n\n\n\n<p>Por su parte,&nbsp;<strong>los estudiantes de 11 a\u00f1os deber\u00e1n contar con la triple bacteriana acelular que act\u00faa contra la difteria, el t\u00e9tanos y la tos convulsa; y la dosis \u00fanica de meningococo, que previene la meningitis y la transmisi\u00f3n de la bacteria a los lactantes<\/strong>.<\/p>\n\n\n\n<p>Tambi\u00e9n es necesario que el grupo anteriormente mencionado se vacune contra el Virus Papiloma Humano (VPH), que evita diversos tipos de c\u00e1ncer de cuello uterino y otras enfermedades.<\/p>\n\n\n\n<p>Vale aclarar que cada aplicaci\u00f3n debe ser registrada por el personal de salud que interviene en el procedimiento a fines de dejar la constancia pertinente, generar el historial de vacunaci\u00f3n del paciente y facilitar la identificaci\u00f3n de los esquemas incompletos.<\/p>\n\n\n\n<p>Finalmente, mencionaron que los padres y los tutores de los chicos tienen la responsabilidad y la obligaci\u00f3n de garantizar la aplicaci\u00f3n de las vacunas del Calendario Nacional correspondientes a cada etapa del ciclo vital.<\/p>\n\n\n\n<p>Fuente: canalsietebahia<\/p>\n","protected":false},"excerpt":{"rendered":"<div class=\"mh-excerpt\"><p>Ma\u00f1ana comenzaran las clases en la Provincia de Buenos Aires y autoridades sanitarias recordaron que&nbsp;los ni\u00f1os y las ni\u00f1as que regresan a las aulas deben contar con las vacunas del Calendario Nacional&nbsp;indicadas para sus edades con el fin de prevenir diversas enfermedades y contagios en el grupo familiar y la comunidad en general. En ese marco,&nbsp;los chicos de entre 5 y 6 a\u00f1os que ingresan a primer grado tendr\u00e1n que recibir la IPV contra la poliomielitis; la triple viral SRP contra el sarampi\u00f3n, la rub\u00e9ola y las paperas; la triple bacteriana celular para la difteria, el t\u00e9tanos y la tos <a class=\"mh-excerpt-more\" href=\"http:\/\/dsrmedios.com.ar\/diario\/archivos\/43224\" title=\"Vuelta a clases: \u00bfcu\u00e1les son las vacunas que los chicos tienen que tener al d\u00eda?\">[Leer m\u00e1s]<\/a><\/p>\n<\/div>","protected":false},"author":8,"featured_media":43225,"comment_status":"open","ping_status":"closed","sticky":false,"template":"","format":"standard","meta":{"_jetpack_newsletter_access":""},"categories":[6],"tags":[],"jetpack_featured_media_url":"http:\/\/dsrmedios.com.ar\/diario\/wp-content\/uploads\/2024\/02\/VACUNAS.jpg.webp","jetpack_sharing_enabled":true,"jetpack_shortlink":"https:\/\/wp.me\/p9fihK-bfa","_links":{"self":[{"href":"http:\/\/dsrmedios.com.ar\/diario\/wp-json\/wp\/v2\/posts\/43224"}],"collection":[{"href":"http:\/\/dsrmedios.com.ar\/diario\/wp-json\/wp\/v2\/posts"}],"about":[{"href":"http:\/\/dsrmedios.com.ar\/diario\/wp-json\/wp\/v2\/types\/post"}],"author":[{"embeddable":true,"href":"http:\/\/dsrmedios.com.ar\/diario\/wp-json\/wp\/v2\/users\/8"}],"replies":[{"embeddable":true,"href":"http:\/\/dsrmedios.com.ar\/diario\/wp-json\/wp\/v2\/comments?post=43224"}],"version-history":[{"count":1,"href":"http:\/\/dsrmedios.com.ar\/diario\/wp-json\/wp\/v2\/posts\/43224\/revisions"}],"predecessor-version":[{"id":43226,"href":"http:\/\/dsrmedios.com.ar\/diario\/wp-json\/wp\/v2\/posts\/43224\/revisions\/43226"}],"wp:featuredmedia":[{"embeddable":true,"href":"http:\/\/dsrmedios.com.ar\/diario\/wp-json\/wp\/v2\/media\/43225"}],"wp:attachment":[{"href":"http:\/\/dsrmedios.com.ar\/diario\/wp-json\/wp\/v2\/media?parent=43224"}],"wp:term":[{"taxonomy":"category","embeddable":true,"href":"http:\/\/dsrmedios.com.ar\/diario\/wp-json\/wp\/v2\/categories?post=43224"},{"taxonomy":"post_tag","embeddable":true,"href":"http:\/\/dsrmedios.com.ar\/diario\/wp-json\/wp\/v2\/tags?post=43224"}],"curies":[{"name":"wp","href":"https:\/\/api.w.org\/{rel}","templated":true}]}}