{"id":43217,"date":"2024-02-29T11:19:05","date_gmt":"2024-02-29T14:19:05","guid":{"rendered":"http:\/\/dsrmedios.com.ar\/diario\/?p=43217"},"modified":"2024-02-29T11:19:08","modified_gmt":"2024-02-29T14:19:08","slug":"al-menos-150-ambulancias-compradas-por-kicillof-con-fondos-de-nacion-estan-sin-usar-y-abandonadas-en-un-predio","status":"publish","type":"post","link":"http:\/\/dsrmedios.com.ar\/diario\/archivos\/43217","title":{"rendered":"Al menos 150 ambulancias compradas por Kicillof con fondos de Naci\u00f3n est\u00e1n sin usar y abandonadas en un predio"},"content":{"rendered":"\n<p>En el&nbsp;<strong>Hospital El Dique de Ensenada<\/strong>&nbsp;<strong>siguen abandonadas un centenar de ambulancias<\/strong>&nbsp;que fueron compradas hace m\u00e1s de tres a\u00f1os durante la primera gesti\u00f3n de&nbsp;<a href=\"https:\/\/tn.com.ar\/politica\/2024\/02\/27\/kicillof-despliega-su-tactica-para-enfrentar-a-milei-y-busca-apoyo-de-mas-gobernadores-por-la-quita-de-fondos\/\" target=\"_blank\" rel=\"noreferrer noopener\"><strong>Axel Kicillof<\/strong><\/a>.<\/p>\n\n\n\n<p>Las camionetas 0 KM\u00a0<strong>fueron adquiridas con los impuestos\u00a0<\/strong>de los bonaerenses, m\u00e1s un<strong>\u00a0fondo millonario que destin\u00f3 Naci\u00f3n<\/strong>, cuando el presidente era Alberto Fern\u00e1ndez.<\/p>\n\n\n\n<p>Son cerca de<strong>&nbsp;150 ambulancias de alta complejidad<\/strong>&nbsp;que duermen en el patio del hospital zonal especializado en enfermedades cr\u00f3nicas, ubicado en el municipio ensenadense, gobernado hist\u00f3ricamente por el kirchnerismo.<\/p>\n\n\n\n<figure class=\"wp-block-image\"><img decoding=\"async\" src=\"https:\/\/tn.com.ar\/resizer\/RnQiWN8x79LXbtsBLDJMKxrnEiM=\/767x0\/smart\/filters:format(webp)\/cloudfront-us-east-1.images.arcpublishing.com\/artear\/FI3NWK52PFDHRBUX5YVDA3V2G4.jpeg\" alt=\"Las ambulancias est\u00e1n estacionadas en el Hospital El Dique de Ensenada. (Foto: TN)\"\/><figcaption class=\"wp-element-caption\">Las ambulancias est\u00e1n estacionadas en el Hospital El Dique de Ensenada. (Foto: TN)<\/figcaption><\/figure>\n\n\n\n<p>El caso fue descubierto en julio del 2023, en un informe especial de&nbsp;<em>Periodismo Para Todos<\/em><em>(eltrece)<\/em>. Sin embargo, seg\u00fan pudo corroborar&nbsp;<strong>TN<\/strong>, las ambulancias contin\u00faan paradas, todo en medio de la disputa entre gobernadores y Javier Milei por la quita de<a href=\"https:\/\/tn.com.ar\/politica\/2024\/02\/26\/axel-kicillof-ira-a-la-justicia-por-la-quita-del-fondo-de-fortalecimiento-fiscal-que-dispuso-javier-milei\/\" target=\"_blank\" rel=\"noreferrer noopener\">&nbsp;fondos coparticipables<\/a>.<\/p>\n\n\n\n<p>En el programa<em>Somos Buenos por TN&nbsp;<\/em>explicaron que<strong>&nbsp;las compras se hicieron en 2021 y 2022 con dinero de la Provincia<\/strong>, proveniente de impuestos de los contribuyentes,&nbsp;<strong>m\u00e1s un aporte del gobierno nacional<\/strong>.<\/p>\n\n\n\n<p>Cada ambulancia le cost\u00f3 al Ejecutivo unos $26 millones a valor de hace un a\u00f1o. Este monto, multiplicado por 150, equivale a&nbsp;<strong>casi 4 mil millones de pesos en total.<\/strong><\/p>\n\n\n\n<figure class=\"wp-block-image\"><img decoding=\"async\" src=\"https:\/\/tn.com.ar\/resizer\/j--ElyimrcI0THGTLDbYr2J970A=\/767x0\/smart\/filters:format(webp)\/thumbs.vodgc.net\/1-398-kvOXgP1709162068054_1080P.jpg\" alt=\"Video Placeholder\"\/><\/figure>\n\n\n\n<p>En su momento, desde el Ministerio de Salud de la provincia de Buenos Aires admitieron que hab\u00eda una&nbsp;<strong>\u201cdemora\u201d<\/strong>&nbsp;en la entrega,&nbsp;<strong>debido a un problema de \u201cpatentamiento\u201d<\/strong>. Adem\u00e1s, los tr\u00e1mites se demoraban tambi\u00e9n por el tema de la veda electoral, ya que no pod\u00edan hacer campa\u00f1a con la entrega de ambulancias.<\/p>\n\n\n\n<p>Ahora, desde la cartera que dirige<strong>&nbsp;Nicol\u00e1s Kreplak<\/strong>, se justificaron diciendo que los veh\u00edculos se est\u00e1n entregando de a poco porque \u201cla Legislatura bonaerense no aprueba un proyecto de ley para crear una empresa de emergencias m\u00e9dicas\u201d.<\/p>\n\n\n\n<p>Esto fue incluido en un paquete de leyes que envi\u00f3 en diciembre el gobernador, pero que nunca fue aprobada y qued\u00f3 en comisiones. Mientras tanto, las ambulancias siguen de rehenes de estas ideas, abandonadas al rayo del sol.<\/p>\n\n\n\n<p>Fuente: TN<\/p>\n","protected":false},"excerpt":{"rendered":"<div class=\"mh-excerpt\"><p>En el&nbsp;Hospital El Dique de Ensenada&nbsp;siguen abandonadas un centenar de ambulancias&nbsp;que fueron compradas hace m\u00e1s de tres a\u00f1os durante la primera gesti\u00f3n de&nbsp;Axel Kicillof. Las camionetas 0 KM\u00a0fueron adquiridas con los impuestos\u00a0de los bonaerenses, m\u00e1s un\u00a0fondo millonario que destin\u00f3 Naci\u00f3n, cuando el presidente era Alberto Fern\u00e1ndez. Son cerca de&nbsp;150 ambulancias de alta complejidad&nbsp;que duermen en el patio del hospital zonal especializado en enfermedades cr\u00f3nicas, ubicado en el municipio ensenadense, gobernado hist\u00f3ricamente por el kirchnerismo. El caso fue descubierto en julio del 2023, en un informe especial de&nbsp;Periodismo Para Todos(eltrece). Sin embargo, seg\u00fan pudo corroborar&nbsp;TN, las ambulancias contin\u00faan paradas, todo en <a class=\"mh-excerpt-more\" href=\"http:\/\/dsrmedios.com.ar\/diario\/archivos\/43217\" title=\"Al menos 150 ambulancias compradas por Kicillof con fondos de Naci\u00f3n est\u00e1n sin usar y abandonadas en un predio\">[Leer m\u00e1s]<\/a><\/p>\n<\/div>","protected":false},"author":8,"featured_media":33910,"comment_status":"open","ping_status":"closed","sticky":false,"template":"","format":"standard","meta":{"_jetpack_newsletter_access":""},"categories":[7],"tags":[],"jetpack_featured_media_url":"http:\/\/dsrmedios.com.ar\/diario\/wp-content\/uploads\/2023\/05\/p14-axel-kicillof-n_optjpeg.jpeg","jetpack_sharing_enabled":true,"jetpack_shortlink":"https:\/\/wp.me\/p9fihK-bf3","_links":{"self":[{"href":"http:\/\/dsrmedios.com.ar\/diario\/wp-json\/wp\/v2\/posts\/43217"}],"collection":[{"href":"http:\/\/dsrmedios.com.ar\/diario\/wp-json\/wp\/v2\/posts"}],"about":[{"href":"http:\/\/dsrmedios.com.ar\/diario\/wp-json\/wp\/v2\/types\/post"}],"author":[{"embeddable":true,"href":"http:\/\/dsrmedios.com.ar\/diario\/wp-json\/wp\/v2\/users\/8"}],"replies":[{"embeddable":true,"href":"http:\/\/dsrmedios.com.ar\/diario\/wp-json\/wp\/v2\/comments?post=43217"}],"version-history":[{"count":1,"href":"http:\/\/dsrmedios.com.ar\/diario\/wp-json\/wp\/v2\/posts\/43217\/revisions"}],"predecessor-version":[{"id":43218,"href":"http:\/\/dsrmedios.com.ar\/diario\/wp-json\/wp\/v2\/posts\/43217\/revisions\/43218"}],"wp:featuredmedia":[{"embeddable":true,"href":"http:\/\/dsrmedios.com.ar\/diario\/wp-json\/wp\/v2\/media\/33910"}],"wp:attachment":[{"href":"http:\/\/dsrmedios.com.ar\/diario\/wp-json\/wp\/v2\/media?parent=43217"}],"wp:term":[{"taxonomy":"category","embeddable":true,"href":"http:\/\/dsrmedios.com.ar\/diario\/wp-json\/wp\/v2\/categories?post=43217"},{"taxonomy":"post_tag","embeddable":true,"href":"http:\/\/dsrmedios.com.ar\/diario\/wp-json\/wp\/v2\/tags?post=43217"}],"curies":[{"name":"wp","href":"https:\/\/api.w.org\/{rel}","templated":true}]}}