{"id":43201,"date":"2024-02-29T11:09:21","date_gmt":"2024-02-29T14:09:21","guid":{"rendered":"http:\/\/dsrmedios.com.ar\/diario\/?p=43201"},"modified":"2024-02-29T11:09:23","modified_gmt":"2024-02-29T14:09:23","slug":"el-papa-francisco-del-abrazo-indulgente-con-javier-milei-a-un-mensaje-critico","status":"publish","type":"post","link":"http:\/\/dsrmedios.com.ar\/diario\/archivos\/43201","title":{"rendered":"El papa Francisco, del abrazo indulgente con Javier Milei a un mensaje cr\u00edtico"},"content":{"rendered":"\n<p>En la Argentina de&nbsp;<a rel=\"noreferrer noopener\" href=\"https:\/\/www.infobae.com\/tag\/javier-milei\/\" target=\"_blank\">Javier Milei&nbsp;<\/a>el tiempo est\u00e1 girando m\u00e1s r\u00e1pido. Un d\u00eda parece un mes o incluso varios. En apenas 17 d\u00edas, las im\u00e1genes sonrientes del presidente y el&nbsp;<a rel=\"noreferrer noopener\" href=\"https:\/\/www.infobae.com\/tag\/papa-francisco\/\" target=\"_blank\">papa Francisco&nbsp;<\/a>en la escenograf\u00eda vaticana se transformaron en un \u00e1spero lenguaje de comunicados duros y frases cr\u00edpticas que trataron de retrasar un conflicto previsible. El&nbsp;<a rel=\"noreferrer noopener\" href=\"https:\/\/www.infobae.com\/politica\/2024\/02\/28\/con-un-mensaje-del-papa-un-comite-de-jueces-presento-su-sede-en-caba-ante-figuras-de-todo-el-arco-politico\/\" target=\"_blank\">mensaje que se conoci\u00f3 ayer<\/a>&nbsp;del sumo pont\u00edfice ante jueces, fiscales, juristas y pol\u00edticos de todo el arco ideol\u00f3gico -excluidos los libertarios-&nbsp;<strong>puede marcar un punto de inflexi\u00f3n&nbsp;<\/strong>en una relaci\u00f3n que empez\u00f3 mal, pareci\u00f3 encarrilarse y tiene ahora pron\u00f3stico reservado.<\/p>\n\n\n\n<p>El v\u00ednculo del sucesor de Pedro con el primer mandatario no atraviesa su mejor momento. Atr\u00e1s quedaron las sonrisas y los gestos paternales que Francisco expuso en p\u00fablico durante los actos por la santificaci\u00f3n de<a rel=\"noreferrer noopener\" href=\"https:\/\/www.infobae.com\/politica\/2024\/02\/11\/javier-milei-tendra-en-roma-su-primer-encuentro-con-francisco-durante-la-canonizacion-de-mama-antula\/\" target=\"_blank\">\u00a0Mama Antula\u00a0<\/a>entre el domingo y el lunes 12 de febrero \u00faltimo. Repiti\u00f3 en esa oportunidad la misma receta que con\u00a0<strong>Cristina Kirchner, Mauricio Macri y Alberto Fern\u00e1ndez<\/strong>: olvid\u00f3 viejas ofensas y propuso restablecer una relaci\u00f3n de cooperaci\u00f3n mutua.\u00a0<strong>Milei\u00a0<\/strong>no fue la excepci\u00f3n a esa regla, ya que todos y cada uno de sus antecesores llegaron a Roma con alguna cuenta pendiente.<\/p>\n\n\n\n<p>Desde ese intercambio afectuoso a este presente se acumularon, para Bergoglio, una serie de desaires y frustraciones. Repelente a los conflictos y peleas, el Papa evit\u00f3 desautorizar las interpretaciones que transmiti\u00f3 Milei de lo que ocurri\u00f3 en esos 70 minutos de charla a solas en el Palacio Apost\u00f3lico del Vaticano. Pero sus primeros movimientos y lo que pas\u00f3 en Argentina no dejan dudas de que no hay nada m\u00e1s lejos del sumo pont\u00edfice que las ideas y las medidas que est\u00e1 tomando el jefe de Estado.<\/p>\n\n\n\n<p>En esto hay que ser claro.&nbsp;<strong>El papa Francisco nunca dej\u00f3 de criticar&nbsp;<\/strong>al sistema capitalista como injusto e inhumano, siempre defendi\u00f3 el rol del Estado como promotor del desarrollo individual y comunitario, y promovi\u00f3 de manera incansable formas y l\u00f3gicas econ\u00f3micas que est\u00e1n&nbsp;<strong>en las ant\u00edpodas del credo libertario de Milei.<\/strong>&nbsp;Pero a esa diferencia macro se le agregaron en las \u00faltimas semanas diferencias profundas y urgentes que explican, de alg\u00fan modo, el mensaje que ayer transmiti\u00f3 el sumo pont\u00edfice. La agudizaci\u00f3n de los conflictos pol\u00edticos como forma de construir poder, las descalificaciones de los adversarios y el drama de la pobreza y la falta de comida encendieron todas las alarmas. Son algunos, pero no todos, los problemas que llegaron a o\u00eddos de Francisco.<\/p>\n\n\n\n<p>Es sabido que el Papa tiene con Argentina una diplomacia oficial, una comunicaci\u00f3n formal y una red sigilosa de contactos reservados diseminados en todo el pa\u00eds, pero sobre todo en los barrios m\u00e1s humildes de los conurbanos, all\u00ed donde la miseria, cuando pega, pega m\u00e1s fuerte.\u00a0<a rel=\"noreferrer noopener\" href=\"https:\/\/www.infobae.com\/politica\/2024\/02\/26\/curas-villeros-rechazaron-el-recorte-al-fondo-administrado-por-movimientos-sociales-genera-mas-exclusion\/\" target=\"_blank\">Los curas villeros\u00a0<\/a>son como los canarios que hasta el siglo pasado usaban los mineros para saber si faltaba ox\u00edgeno: el aviso era cuando dejaban de cantar. De esos territorios est\u00e1n llegando alertas de que la ayuda social escasea y que cuando llega lo hace tarde y mal<\/p>\n\n\n\n<p>Son situaciones que se dispararon tras el plan de ajuste y estabilizaci\u00f3n econ\u00f3mica que puso en marcha Milei para evitar una escalada hiperinflacionaria que empeorara todo a niveles a\u00fan m\u00e1s insoportables. Es un plan que tiene un costo social creciente, que se superpone con una reforma de todo el sistema de la asistencia social, que en la transici\u00f3n est\u00e1 dejando manchones de marginalidad, donde la mano del Estado ya dej\u00f3 de llegar.<\/p>\n\n\n\n<h2>Mensaje de alto voltaje<\/h2>\n\n\n\n<p><img decoding=\"async\" loading=\"lazy\" alt=\"El mensaje del papa Francisco fue pronunciado ante jueces, fiscales y pol\u00edticos (Foto Maximiliano Luna) \" height=\"1280\" width=\"1920\" src=\"https:\/\/www.infobae.com\/new-resizer\/Qvo6JJ4BMaQ1cYX0zFAfJxx_AX8=\/420x280\/filters:format(webp):quality(85)\/cloudfront-us-east-1.images.arcpublishing.com\/infobae\/YAPQSHDP25GF7E3GADCPVLYSHA.jpg%20420w\" srcset=\"https:\/\/www.infobae.com\/new-resizer\/Qvo6JJ4BMaQ1cYX0zFAfJxx_AX8=\/420x280\/filters:format(webp):quality(85)\/cloudfront-us-east-1.images.arcpublishing.com\/infobae\/YAPQSHDP25GF7E3GADCPVLYSHA.jpg 420w,https:\/\/www.infobae.com\/new-resizer\/hZDJkCc4T3YnxzfNwBI4T6bZg_Q=\/768x512\/filters:format(webp):quality(85)\/cloudfront-us-east-1.images.arcpublishing.com\/infobae\/YAPQSHDP25GF7E3GADCPVLYSHA.jpg 768w,https:\/\/www.infobae.com\/new-resizer\/Whqfj9wq4mMV6gKTru8yXG-goIQ=\/992x661\/filters:format(webp):quality(85)\/cloudfront-us-east-1.images.arcpublishing.com\/infobae\/YAPQSHDP25GF7E3GADCPVLYSHA.jpg 992w,https:\/\/www.infobae.com\/new-resizer\/4VXLFddzNO_pwL8Fna_hWYR1pZQ=\/1200x800\/filters:format(webp):quality(85)\/cloudfront-us-east-1.images.arcpublishing.com\/infobae\/YAPQSHDP25GF7E3GADCPVLYSHA.jpg 1200w,https:\/\/www.infobae.com\/new-resizer\/NpjV1nSknqCDudJg8Or1Zut_E0o=\/1440x960\/filters:format(webp):quality(85)\/cloudfront-us-east-1.images.arcpublishing.com\/infobae\/YAPQSHDP25GF7E3GADCPVLYSHA.jpg 1440w\">El mensaje del papa Francisco fue pronunciado ante jueces, fiscales y pol\u00edticos (Foto Maximiliano Luna)<\/p>\n\n\n\n<p>Todo lo anterior es el tel\u00f3n de fondo para&nbsp;<strong>el impactante mensaje que envi\u00f3 el Papa y que tiene una enorme significaci\u00f3n por d\u00f3nde lo hizo, ante qui\u00e9nes lo hizo y c\u00f3mo lo hizo<\/strong>. Francisco decidi\u00f3 enviar el mensaje para ser le\u00eddo en la inauguraci\u00f3n en Buenos Aires -m\u00e1s precisamente en la avenida Huergo al 1000, ex zona portuaria de CABA- del Comit\u00e9 Panamericano de Juezas y Jueces por los Derechos Sociales y la Doctrina Franciscana (COPAJU) y del Instituto Fray Bartolom\u00e9 de las Casas. Se trata de una ONG de juristas y jueces progresistas que, con el liderazgo del ex juez Ra\u00fal Eugenio Zaffaroni, cre\u00f3 en el \u00e1mbito de la Iglesia, y que se rige por el C\u00f3digo Can\u00f3nico.<\/p>\n\n\n\n<p>Es una instituci\u00f3n que tiene como sus primeros fundamentos la Doctrina Social de la Iglesia y un concepto que genera una reacci\u00f3n muy cr\u00edtica de Milei: la justicia social y la perspectiva de que \u201cante una necesidad insatisfecha hay un derecho vulnerado\u201d.<\/p>\n\n\n\n<p>El Papa habl\u00f3 ante un auditorio que se convoc\u00f3, expresamente, para contener a los que est\u00e1n a favor de Cristina Kirchner y los que est\u00e1n en contra; los que apoyan a Mauricio Macri y los que lo critican; radicales y de otros or\u00edgenes partidarios. Pero tambi\u00e9n a jueces que condenaron a CFK, como Andr\u00e9s Basso; o que interpretan las causas judiciales como una persecuci\u00f3n pol\u00edtica, como los enrolados en Justicia Leg\u00edtima. Fueron invitados sindicalistas, como H\u00e9ctor Daer (CGT) o Hugo Yasky (CTA), camporistas como Juan Mart\u00edn Mena o macristas como Mart\u00edn Ocampo. Y ante la mirada de Juan Grabois, un dirigente de afecto entra\u00f1able de Bergoglio.<\/p>\n\n\n\n<p>Fue un encuentro \u201ccasi\u201d ecum\u00e9nico, porque estuvieron todos, pero no hubo presencia de ning\u00fan simpatizante de Milei ni de La Libertad Avanza. Es el sector pol\u00edtico que gan\u00f3 dos de las tres elecciones nacionales que se hicieron el a\u00f1o pasado y que tuvo en la segunda vuelta casi 15 millones de votos. Le gan\u00f3 al kirchnerismo por m\u00e1s de 11 puntos.<\/p>\n\n\n\n<p><img decoding=\"async\" loading=\"lazy\" alt=\"COPAJU. En primera fila, el sindicalista Piumato y Yasky y Juan Grabois \" height=\"1280\" width=\"1920\" src=\"https:\/\/www.infobae.com\/new-resizer\/zZIJqjIt83EfMiCGoLIL0G56kMM=\/420x280\/filters:format(webp):quality(85)\/cloudfront-us-east-1.images.arcpublishing.com\/infobae\/SIZ6XHXWEVDF5MJ5QNVHDTASGY.jpg%20420w\" srcset=\"https:\/\/www.infobae.com\/new-resizer\/zZIJqjIt83EfMiCGoLIL0G56kMM=\/420x280\/filters:format(webp):quality(85)\/cloudfront-us-east-1.images.arcpublishing.com\/infobae\/SIZ6XHXWEVDF5MJ5QNVHDTASGY.jpg 420w,https:\/\/www.infobae.com\/new-resizer\/v7LtoMNpK8slf-5LgjPF7jFjBcY=\/768x512\/filters:format(webp):quality(85)\/cloudfront-us-east-1.images.arcpublishing.com\/infobae\/SIZ6XHXWEVDF5MJ5QNVHDTASGY.jpg 768w,https:\/\/www.infobae.com\/new-resizer\/4CQxs2dkl01KA5QxbxqARTOBFDo=\/992x661\/filters:format(webp):quality(85)\/cloudfront-us-east-1.images.arcpublishing.com\/infobae\/SIZ6XHXWEVDF5MJ5QNVHDTASGY.jpg 992w,https:\/\/www.infobae.com\/new-resizer\/fvkkUDlRFy9KJDwPkkTN0yhVYRQ=\/1200x800\/filters:format(webp):quality(85)\/cloudfront-us-east-1.images.arcpublishing.com\/infobae\/SIZ6XHXWEVDF5MJ5QNVHDTASGY.jpg 1200w,https:\/\/www.infobae.com\/new-resizer\/OArCgbILTCoPmf3j6U5z-aE7sJI=\/1440x960\/filters:format(webp):quality(85)\/cloudfront-us-east-1.images.arcpublishing.com\/infobae\/SIZ6XHXWEVDF5MJ5QNVHDTASGY.jpg 1440w\">COPAJU. En primera fila, el sindicalista Piumato y Yasky y Juan Grabois<\/p>\n\n\n\n<p>El mensaje no fue improvisado. Fue elaborado con tiempo, escrito, grabado y recibido a principios de semana por los organizadores del encuentro -donde tiene un lugar prominente&nbsp;<strong>Roberto Gallardo<\/strong>, un dirigente pol\u00edtico que hace m\u00e1s de 15 a\u00f1os ejerce como juez porte\u00f1o-, que lo mantuvieron en secreto hasta la ma\u00f1ana del mi\u00e9rcoles, cuando lo empezaron a transmitir pero reci\u00e9n a la tercera vez lograron que se viera sin interrupciones, ni cortes. El calor y la p\u00e9sima se\u00f1al fueron inoportunos obst\u00e1culos que, sin embargo, pudieron ser superados.<\/p>\n\n\n\n<p>De todo su mensaje, lo m\u00e1s saliente del papa Francisco fueron las siguientes frases:<\/p>\n\n\n\n<p>1- \u201cEl Estado, hoy es m\u00e1s importante que nunca. Est\u00e1 llamado a ejercer ese papel central de redistribuci\u00f3n y justicia social. Las normas, queridos jueces, ya han sido dictadas, rigen. El problema es su vigencia efectiva, su concreci\u00f3n. Y ah\u00ed empieza vuestro rol\u201d.<\/p>\n\n\n\n<p>2- \u201cLos derechos sociales no son gratuitos. La riqueza para sostenerlos est\u00e1 disponible, pero requiere de decisiones pol\u00edticas adecuadas, racionales, equitativas\u201d.<\/p>\n\n\n\n<p>3- \u201cTodos los que ejercen un poder p\u00fablico tienen que tener presente que no alcanza con la leg\u00edtima legitimidad de origen. No, el ejercicio debe tambi\u00e9n ser leg\u00edtimo. \u00bfQu\u00e9 justificaci\u00f3n puede tener el poder si se aleja de la construcci\u00f3n de sociedades justas y dignas?\u201d<\/p>\n\n\n\n<p>4-\u201dEl Dios mercado, la diosa ganancia, son falsas deidades que nos conducen a la deshumanizaci\u00f3n y a la destrucci\u00f3n del planeta\u201d.<\/p>\n\n\n\n<p>5- \u201cLes pido firmeza y decisi\u00f3n frente a los modelos deshumanizantes y violentos. Porque la paz es una construcci\u00f3n de todos los d\u00edas y ustedes son obreros de la paz\u201d.<\/p>\n\n\n\n<p><img decoding=\"async\" loading=\"lazy\" alt=\"El papa Francisco ley\u00f3 un mensaje a los pol\u00edticos y juristas convocados al encuentro de la COPAJU \" height=\"1081\" width=\"1920\" src=\"https:\/\/www.infobae.com\/new-resizer\/svDQv1-HjvpYsNdBF4NL5_BKvR0=\/420x236\/filters:format(webp):quality(85)\/cloudfront-us-east-1.images.arcpublishing.com\/infobae\/OGQYS7UTZVGYNGK7GIEMEPR4OE.jpg%20420w\" srcset=\"https:\/\/www.infobae.com\/new-resizer\/svDQv1-HjvpYsNdBF4NL5_BKvR0=\/420x236\/filters:format(webp):quality(85)\/cloudfront-us-east-1.images.arcpublishing.com\/infobae\/OGQYS7UTZVGYNGK7GIEMEPR4OE.jpg 420w,https:\/\/www.infobae.com\/new-resizer\/30KOC3x9h2wgTTFXRSG3mp2PUwc=\/768x432\/filters:format(webp):quality(85)\/cloudfront-us-east-1.images.arcpublishing.com\/infobae\/OGQYS7UTZVGYNGK7GIEMEPR4OE.jpg 768w,https:\/\/www.infobae.com\/new-resizer\/O3WWOX0ilml0Bae28IOfd-1RZpc=\/992x558\/filters:format(webp):quality(85)\/cloudfront-us-east-1.images.arcpublishing.com\/infobae\/OGQYS7UTZVGYNGK7GIEMEPR4OE.jpg 992w,https:\/\/www.infobae.com\/new-resizer\/TzQtBnPlFkendr9mxfM-NnETLhA=\/1200x675\/filters:format(webp):quality(85)\/cloudfront-us-east-1.images.arcpublishing.com\/infobae\/OGQYS7UTZVGYNGK7GIEMEPR4OE.jpg 1200w,https:\/\/www.infobae.com\/new-resizer\/7_N-qFy0c8zwt0ziAx-SFjVpFec=\/1440x810\/filters:format(webp):quality(85)\/cloudfront-us-east-1.images.arcpublishing.com\/infobae\/OGQYS7UTZVGYNGK7GIEMEPR4OE.jpg 1440w\">El papa Francisco ley\u00f3 un mensaje a los pol\u00edticos y juristas convocados al encuentro de la COPAJU<\/p>\n\n\n\n<h2>\u00bfQu\u00e9 hizo el Gobierno?<\/h2>\n\n\n\n<p>El discurso del papa Francisco, con conceptos tan contrapuestos a las ideas y al propio Milei, tuvo de parte del gobierno de La Libertad Avanza una respuesta sobria y ajena a los desbordes de otros conflictos. S\u00f3lo el vocero presidencial, Manuel Adorni, se refiri\u00f3 a sus dichos, con una diferenciaci\u00f3n que de ning\u00fan modo perdi\u00f3 las formas. No hubo otro ministro -ni siquiera la canciller Diana Mondino, que al ser el Papa la cabeza de otro Estado podr\u00eda haberse pronunciado- ni dirigente, diputado o senador libertario que opinara sobre el tema.<\/p>\n\n\n\n<p>Pero tambi\u00e9n llam\u00f3 la atenci\u00f3n el silencio sugestivo que hubo en redes sociales. Ninguna de las cuentas con nombres de fantas\u00eda que s\u00ed estuvieron hiperactivas cuando la pelea fue con el gobernador de Chubut, Ignacio \u201cNacho\u201d Torres, o la artista pop Lali Esp\u00f3sito, o Axel Kicillof emiti\u00f3 un solo mensaje o meme, ni like o retuite\u00f3. En el caso del Papa Francisco, el \u00fanico que opin\u00f3 fue el encargado principal de la comunicaci\u00f3n presidencial.<\/p>\n\n\n\n<p>\u201c<strong>Con algunas de las frases no estamos de acuerdo y est\u00e1 muy bien que as\u00ed sea. El<\/strong>&nbsp;<strong>Papa es un l\u00edder espiritual y nosotros gobernamos la Argentina, una Argentina con problemas en absolutamente todos lados. El Estado, hay que ver cu\u00e1l es la definici\u00f3n de un Estado\u201d,<\/strong>&nbsp;dijo Adorni en su habitual conferencia de prensa en la Casa Rosada.<\/p>\n\n\n\n<p>Y apunt\u00f3 contra uno de los conceptos de Francisco que m\u00e1s irritan a los libertarios: \u201cEntendiendo que la Justicia Social, en esta l\u00f3gica de sacarle a unos compulsivamente a criterio del funcionario provoc\u00f3 lo que hoy estamos viviendo, que es un 50% de pobres\u201d. Para concluir: \u201c<strong>A muchos millones de argentinos el bendito Estado presente evidentemente les ha quitado todo y no les ha dado absolutamente nada.&nbsp;<\/strong>Veintipico de a\u00f1os hablando de Justicia Social, la verdad es que la gente no quiere eso, lo demostr\u00f3 en las urnas. Parte de su campa\u00f1a del Presidente fue contarle a la gente c\u00f3mo iba a ser para achicar el Estado y dejar de gastar dinero\u201d.<\/p>\n\n\n\n<p><strong>Fue lo \u00fanico que se dijo del papa Francisco. Despu\u00e9s, silencio.<\/strong><\/p>\n\n\n\n<p>Fuente: Infobae<\/p>\n","protected":false},"excerpt":{"rendered":"<div class=\"mh-excerpt\"><p>En la Argentina de&nbsp;Javier Milei&nbsp;el tiempo est\u00e1 girando m\u00e1s r\u00e1pido. Un d\u00eda parece un mes o incluso varios. En apenas 17 d\u00edas, las im\u00e1genes sonrientes del presidente y el&nbsp;papa Francisco&nbsp;en la escenograf\u00eda vaticana se transformaron en un \u00e1spero lenguaje de comunicados duros y frases cr\u00edpticas que trataron de retrasar un conflicto previsible. El&nbsp;mensaje que se conoci\u00f3 ayer&nbsp;del sumo pont\u00edfice ante jueces, fiscales, juristas y pol\u00edticos de todo el arco ideol\u00f3gico -excluidos los libertarios-&nbsp;puede marcar un punto de inflexi\u00f3n&nbsp;en una relaci\u00f3n que empez\u00f3 mal, pareci\u00f3 encarrilarse y tiene ahora pron\u00f3stico reservado. El v\u00ednculo del sucesor de Pedro con el primer mandatario <a class=\"mh-excerpt-more\" href=\"http:\/\/dsrmedios.com.ar\/diario\/archivos\/43201\" title=\"El papa Francisco, del abrazo indulgente con Javier Milei a un mensaje cr\u00edtico\">[Leer m\u00e1s]<\/a><\/p>\n<\/div>","protected":false},"author":8,"featured_media":43202,"comment_status":"open","ping_status":"closed","sticky":false,"template":"","format":"standard","meta":{"_jetpack_newsletter_access":""},"categories":[6],"tags":[],"jetpack_featured_media_url":"http:\/\/dsrmedios.com.ar\/diario\/wp-content\/uploads\/2024\/02\/CG72QJQLVVHS5CCZCUWSUKWOYU.jpg","jetpack_sharing_enabled":true,"jetpack_shortlink":"https:\/\/wp.me\/p9fihK-beN","_links":{"self":[{"href":"http:\/\/dsrmedios.com.ar\/diario\/wp-json\/wp\/v2\/posts\/43201"}],"collection":[{"href":"http:\/\/dsrmedios.com.ar\/diario\/wp-json\/wp\/v2\/posts"}],"about":[{"href":"http:\/\/dsrmedios.com.ar\/diario\/wp-json\/wp\/v2\/types\/post"}],"author":[{"embeddable":true,"href":"http:\/\/dsrmedios.com.ar\/diario\/wp-json\/wp\/v2\/users\/8"}],"replies":[{"embeddable":true,"href":"http:\/\/dsrmedios.com.ar\/diario\/wp-json\/wp\/v2\/comments?post=43201"}],"version-history":[{"count":1,"href":"http:\/\/dsrmedios.com.ar\/diario\/wp-json\/wp\/v2\/posts\/43201\/revisions"}],"predecessor-version":[{"id":43203,"href":"http:\/\/dsrmedios.com.ar\/diario\/wp-json\/wp\/v2\/posts\/43201\/revisions\/43203"}],"wp:featuredmedia":[{"embeddable":true,"href":"http:\/\/dsrmedios.com.ar\/diario\/wp-json\/wp\/v2\/media\/43202"}],"wp:attachment":[{"href":"http:\/\/dsrmedios.com.ar\/diario\/wp-json\/wp\/v2\/media?parent=43201"}],"wp:term":[{"taxonomy":"category","embeddable":true,"href":"http:\/\/dsrmedios.com.ar\/diario\/wp-json\/wp\/v2\/categories?post=43201"},{"taxonomy":"post_tag","embeddable":true,"href":"http:\/\/dsrmedios.com.ar\/diario\/wp-json\/wp\/v2\/tags?post=43201"}],"curies":[{"name":"wp","href":"https:\/\/api.w.org\/{rel}","templated":true}]}}