{"id":43174,"date":"2024-02-28T17:33:13","date_gmt":"2024-02-28T20:33:13","guid":{"rendered":"http:\/\/dsrmedios.com.ar\/diario\/?p=43174"},"modified":"2024-02-28T17:33:17","modified_gmt":"2024-02-28T20:33:17","slug":"el-gobierno-prohibira-el-lenguaje-inclusivo-y-la-perspectiva-de-genero-en-el-estado","status":"publish","type":"post","link":"http:\/\/dsrmedios.com.ar\/diario\/archivos\/43174","title":{"rendered":"El Gobierno prohibir\u00e1 el lenguaje inclusivo y la perspectiva de g\u00e9nero en el Estado"},"content":{"rendered":"\n<p>El Gobierno, por decisi\u00f3n del presidente Javier Milei, &#8220;iniciar\u00e1 las actuaciones para prohibir el lenguaje inclusivo y la perspectiva de g\u00e9nero en toda la Administraci\u00f3n P\u00fablica Nacional&#8221;.<\/p>\n\n\n\n<p>As\u00ed lo inform\u00f3 hoy el portavoz presidencial, Manuel Adorni, en su habitual conferencia de prensa en Casa Rosada.<br>En medio de una disputa por\u00a0<strong>recortes de fondos y subsidios<\/strong>, indic\u00f3 que &#8220;no est\u00e1 en los planes del Gobierno hacer una convocatoria en general&#8221; a los gobernadores.<\/p>\n\n\n\n<p>En ese sentido, Adorni ratific\u00f3 que&nbsp;<strong>&#8220;en la Argentina no hay plata&#8221; y la &#8220;premisa&#8221; del Gobierno es &#8220;el d\u00e9ficit cero&#8221;<\/strong>, una medida &#8220;inamovible&#8221;, sostuvo en conferencia de prensa.<\/p>\n\n\n\n<p>Puntualmente, alent\u00f3 al gobernador bonaerense,&nbsp;<a href=\"https:\/\/www.telam.com.ar\/notas\/202402\/656424-kicillof-milei-estado-disolucion.html\" target=\"_blank\" rel=\"noreferrer noopener\">Axel Kicillof<\/a>, a presentarse en la Justicia, como anunci\u00f3 que har\u00e1, para reclamar la restituci\u00f3n del Fondo de Fortalecimiento Fiscal de la provincia de Buenos Aires.<\/p>\n\n\n\n<p><strong>&#8220;Que lo haga y claramente seguir\u00e1 el curso legal y lo respetaremos&#8221;<\/strong>, respondi\u00f3 Adorni al tiempo que asegur\u00f3 que &#8220;todo lo que sea discrecional, ser\u00e1 recortado a las provincias&#8221;.<\/p>\n\n\n\n<p>Fuente: telam<\/p>\n","protected":false},"excerpt":{"rendered":"<div class=\"mh-excerpt\"><p>El Gobierno, por decisi\u00f3n del presidente Javier Milei, &#8220;iniciar\u00e1 las actuaciones para prohibir el lenguaje inclusivo y la perspectiva de g\u00e9nero en toda la Administraci\u00f3n P\u00fablica Nacional&#8221;. As\u00ed lo inform\u00f3 hoy el portavoz presidencial, Manuel Adorni, en su habitual conferencia de prensa en Casa Rosada.En medio de una disputa por\u00a0recortes de fondos y subsidios, indic\u00f3 que &#8220;no est\u00e1 en los planes del Gobierno hacer una convocatoria en general&#8221; a los gobernadores. En ese sentido, Adorni ratific\u00f3 que&nbsp;&#8220;en la Argentina no hay plata&#8221; y la &#8220;premisa&#8221; del Gobierno es &#8220;el d\u00e9ficit cero&#8221;, una medida &#8220;inamovible&#8221;, sostuvo en conferencia de prensa. Puntualmente, <a class=\"mh-excerpt-more\" href=\"http:\/\/dsrmedios.com.ar\/diario\/archivos\/43174\" title=\"El Gobierno prohibir\u00e1 el lenguaje inclusivo y la perspectiva de g\u00e9nero en el Estado\">[Leer m\u00e1s]<\/a><\/p>\n<\/div>","protected":false},"author":8,"featured_media":43175,"comment_status":"open","ping_status":"closed","sticky":false,"template":"","format":"standard","meta":{"_jetpack_newsletter_access":""},"categories":[6],"tags":[],"jetpack_featured_media_url":"http:\/\/dsrmedios.com.ar\/diario\/wp-content\/uploads\/2024\/02\/65ddedb94773d_450.jpg","jetpack_sharing_enabled":true,"jetpack_shortlink":"https:\/\/wp.me\/p9fihK-bem","_links":{"self":[{"href":"http:\/\/dsrmedios.com.ar\/diario\/wp-json\/wp\/v2\/posts\/43174"}],"collection":[{"href":"http:\/\/dsrmedios.com.ar\/diario\/wp-json\/wp\/v2\/posts"}],"about":[{"href":"http:\/\/dsrmedios.com.ar\/diario\/wp-json\/wp\/v2\/types\/post"}],"author":[{"embeddable":true,"href":"http:\/\/dsrmedios.com.ar\/diario\/wp-json\/wp\/v2\/users\/8"}],"replies":[{"embeddable":true,"href":"http:\/\/dsrmedios.com.ar\/diario\/wp-json\/wp\/v2\/comments?post=43174"}],"version-history":[{"count":1,"href":"http:\/\/dsrmedios.com.ar\/diario\/wp-json\/wp\/v2\/posts\/43174\/revisions"}],"predecessor-version":[{"id":43176,"href":"http:\/\/dsrmedios.com.ar\/diario\/wp-json\/wp\/v2\/posts\/43174\/revisions\/43176"}],"wp:featuredmedia":[{"embeddable":true,"href":"http:\/\/dsrmedios.com.ar\/diario\/wp-json\/wp\/v2\/media\/43175"}],"wp:attachment":[{"href":"http:\/\/dsrmedios.com.ar\/diario\/wp-json\/wp\/v2\/media?parent=43174"}],"wp:term":[{"taxonomy":"category","embeddable":true,"href":"http:\/\/dsrmedios.com.ar\/diario\/wp-json\/wp\/v2\/categories?post=43174"},{"taxonomy":"post_tag","embeddable":true,"href":"http:\/\/dsrmedios.com.ar\/diario\/wp-json\/wp\/v2\/tags?post=43174"}],"curies":[{"name":"wp","href":"https:\/\/api.w.org\/{rel}","templated":true}]}}