{"id":43172,"date":"2024-02-27T12:08:13","date_gmt":"2024-02-27T15:08:13","guid":{"rendered":"http:\/\/dsrmedios.com.ar\/diario\/?p=43172"},"modified":"2024-02-27T12:08:16","modified_gmt":"2024-02-27T15:08:16","slug":"axel-kicillof-reclamo-racionalidad-al-gobierno-nacional-pero-advirtio-si-me-pongo-a-fantasear-puedo-cerrar-los-accesos-o-los-puertos","status":"publish","type":"post","link":"http:\/\/dsrmedios.com.ar\/diario\/archivos\/43172","title":{"rendered":"Axel Kicillof reclam\u00f3 \u201cracionalidad\u201d al Gobierno nacional, pero advirti\u00f3: \u201cSi me pongo a fantasear, puedo cerrar los accesos o los puertos\u201d"},"content":{"rendered":"\n<p>El recorte sorpresivo del&nbsp;<a rel=\"noreferrer noopener\" href=\"https:\/\/www.infobae.com\/politica\/2024\/02\/26\/el-gobierno-elimino-el-fondo-para-el-fortalecimiento-fiscal-de-la-provincia-de-buenos-aires\/\" target=\"_blank\">Fondo para el Fortalecimiento Fiscal de la provincia de Buenos Aires<\/a>&nbsp;sum\u00f3 un nuevo cap\u00edtulo a la disputa entre el Gobierno central y los gobernadores. La decisi\u00f3n del Poder Ejecutivo dispar\u00f3 una&nbsp;<a rel=\"noreferrer noopener\" href=\"https:\/\/www.infobae.com\/politica\/2024\/02\/26\/axel-kicillof-anuncio-que-ira-a-la-corte-suprema-para-que-le-restituyan-los-fondos-que-le-quito-el-gobierno\/\" target=\"_blank\">dura reacci\u00f3n de Axel Kicillof<\/a>, quien ayer anticip\u00f3 que recurrir\u00e1 a la Corte Suprema con una medida cautelar que suspenda esa decisi\u00f3n.<\/p>\n\n\n\n<p>Hoy, el gobernador bonaerense volvi\u00f3 a cuestionar la medida, dijo que el Gobierno nacional \u201cno puede desertar de sus responsabilidades y obligaciones\u201d y, tras ratificar su apoyo a su par de Chubut, Ignacio Torres, afirm\u00f3 que \u201cpareciera\u201d que desde la Naci\u00f3n buscan que las provincias se autonomicen. Fue ah\u00ed cuando mencion\u00f3 algunas medidas que podr\u00eda tomar en ese sentido.<\/p>\n\n\n\n<p>\u201cSi, como en el caso de Chubut, te corta la mitad de tus recursos y no lleva adelante sus obligaciones y sus funciones, pareciera que la reacci\u00f3n que debieran tener los gobiernos provinciales es ir en esa misma direcci\u00f3n. Pero ese es un camino de disoluci\u00f3n nacional.<strong>&nbsp;Yo tambi\u00e9n puedo cerrar los accesos, los puertos<\/strong>.<strong>&nbsp;Si uno se pone a fantasear o pensar en decisiones de autonom\u00eda, o posibilidades incluso, hay much\u00edsimas alternativas<\/strong>\u201d, advirti\u00f3.<\/p>\n\n\n\n<p>Durante una entrevista en Radio Con Vos, el mandatario explic\u00f3 que esa posici\u00f3n\u00a0<strong>\u201cno surge como voluntad de los gobernadores que est\u00e9n pensando en separarse de las dem\u00e1s provincias o del Gobierno nacional tomando decisiones aut\u00f3nomas<\/strong>\u201d, sino que es porque el Ejecutivo \u201cte arrincona y te lleva a este lugar, un Gobierno nacional que no cumple y abandona sus obligaciones\u201d.<\/p>\n\n\n\n<p>\u201cSi al Gobierno nacional no le importan nada de nada,&nbsp;<strong>es una invitaci\u00f3n a hacer lo que puedas o lo que quieras.<\/strong>&nbsp;Si cada uno se tiene que arreglar con lo que tiene, cada provincia y cada persona, nos invita a una sociedad espantosa, a un pa\u00eds absolutamente en estado de disoluci\u00f3n. Parece que te quieren arrinconar\u201d, asever\u00f3.<\/p>\n\n\n\n<p>Ayer, en un nuevo avance en el ajuste fiscal que lleva adelante desde que asumi\u00f3, el presidente Javier Milei decidi\u00f3 eliminar el&nbsp;<strong>Fondo para el Fortalecimiento Fiscal de la Provincia de Buenos Aires<\/strong>&nbsp;con un claro mensaje a la administraci\u00f3n de&nbsp;<strong>Axel Kicillof<\/strong>.<\/p>\n\n\n\n<p><img decoding=\"async\" loading=\"lazy\" alt=\"Axel Kicillof se presentar\u00e1 ante la Corte Suprema por el recorte de fondos\" height=\"2480\" width=\"4040\" src=\"https:\/\/www.infobae.com\/new-resizer\/zAe23AG4ShOUoROchuyBex3o3v4=\/992x606\/filters:format(webp):quality(85)\/cloudfront-us-east-1.images.arcpublishing.com\/infobae\/OJUHFD5D2NHTDHZPC2USBUH74E.JPG%20992w\" srcset=\"https:\/\/www.infobae.com\/new-resizer\/zAe23AG4ShOUoROchuyBex3o3v4=\/992x606\/filters:format(webp):quality(85)\/cloudfront-us-east-1.images.arcpublishing.com\/infobae\/OJUHFD5D2NHTDHZPC2USBUH74E.JPG 992w\">Axel Kicillof se presentar\u00e1 ante la Corte Suprema por el recorte de fondos<\/p>\n\n\n\n<p>A trav\u00e9s del&nbsp;<strong>Decreto 192\/2024<\/strong>, publicado ayer en el&nbsp;<strong>Bolet\u00edn Oficial&nbsp;<\/strong>con las firmas del Presidente, del jefe de Gabinete,&nbsp;<strong>Nicol\u00e1s Posse<\/strong>, y del ministro de Econom\u00eda,&nbsp;<strong>Luis Caputo<\/strong>, se establece la eliminaci\u00f3n del fondo que hab\u00eda sido creado durante la gesti\u00f3n de&nbsp;<strong>Alberto Fern\u00e1ndez<\/strong>, en medio de la pandemia, con recursos obtenidos a partir de la quita a CABA de un porcentaje de los fondos correspondientes a la coparticipaci\u00f3n federal.<\/p>\n\n\n\n<p>La medida, que marc\u00f3 un punto de conflicto entre Casa Rosada y el entonces jefe de Gobierno porte\u00f1o,&nbsp;<strong>Horacio Rodr\u00edguez Larreta<\/strong>,&nbsp;<a href=\"https:\/\/www.infobae.com\/politica\/2020\/09\/09\/mensaje-de-alberto-fernandez-a-los-policias-que-protestan-en-la-quinta-de-olivos-espero-que-reflexionen-y-cesen-con-esta-mecanica\/\">se hab\u00eda anunciado tras una protesta policial por mejoras salariales contra la gesti\u00f3n Kicillof<\/a>. \u201cTenemos que buscar los recursos en una situaci\u00f3n fiscal complicada. Estamos derivando muchos recursos del Estado a los sectores m\u00e1s desprotegidos\u201d, afirm\u00f3 Alberto Fern\u00e1ndez en aquel momento.<\/p>\n\n\n\n<p>La respuesta de Kicillof no se hizo esperar: el mandatario bonaerense realiz\u00f3 una conferencia de prensa para responderle al Presidente con duras cr\u00edticas hacia su gesti\u00f3n y la pol\u00edtica de ajuste que est\u00e1 llevando adelante en todos los sectores del Estado, y adelant\u00f3 que presentar\u00e1 una medida cautelar ante la Corte Suprema.<\/p>\n\n\n\n<p>Hoy, Kicillof fue muy duro con Milei, al que acus\u00f3 de llevar adelante \u201cuna estafa electoral\u201d, ya que en la campa\u00f1a hab\u00eda prometido que el ajuste lo pagar\u00eda \u201cla casta\u201d y que no integrar\u00eda su Gabinete \u201ccon los mismos de siempre\u201d.<\/p>\n\n\n\n<p>Adem\u00e1s, advirti\u00f3 que la quita del Fondo anunciado ayer por el Gobierno nacional redundar\u00e1 \u201cen menos seguridad para la provincia de Buenos Aires\u201d.<\/p>\n\n\n\n<p>\u201cQue la provincia de Buenos Aires necesita refuerzos presupuestarios para atender su seguridad no hay ninguna duda. En comparaci\u00f3n con la Ciudad, la Ciudad tiene dos polic\u00edas por cuadra y la provincia, 1 cada 80 cuadras. Y probablemente otras provincias necesitan m\u00e1s recursos, y vamos a acompa\u00f1arlas.&nbsp;<strong>\u00bfC\u00f3mo va a impactar esto? En menos seguridad en la provincia de Buenos Aires, claramente\u201d<\/strong>, dijo.<\/p>\n\n\n\n<p>Kicillof fue consultado tambi\u00e9n sobre la posibilidad de que la provincia tenga que recurrir a una cuasimoneda para enfrentar sus pagos si es que el recorte de fondos nacionales se profundiza, y si bien evit\u00f3 responder directamente sobre ese tema, dej\u00f3 una advertencia: \u201cNosotros tenemos obligaciones, tienen que seguir funcionando los servicios o los derechos que reconoce, porque si no la gente se queda sin escuelas, sin laburo, sin remedios\u201d.<\/p>\n\n\n\n<p><strong>\u201c\u00bfQu\u00e9 va a pasar despu\u00e9s? No lo s\u00e9. Esperemos poder ponerle sensatez y racionalidad a esta situaci\u00f3n,<\/strong>\u00a0m\u00e1s all\u00e1 de las teor\u00edas austr\u00edacas del Siglo XIX, anarcocapitalista. Yo estudi\u00e9 esas teor\u00edas, son completamente marginales, nadie cree en eso. Lo votaron, est\u00e1 bien, pero no votaron para no poder comprar remedios, no poder bajar en bondi, para no poder comprar en el supermercado. Y eso no lo dijo\u201d, cerr\u00f3 Kicillof.<\/p>\n\n\n\n<p>Fuente: Infobae<\/p>\n","protected":false},"excerpt":{"rendered":"<div class=\"mh-excerpt\"><p>El recorte sorpresivo del&nbsp;Fondo para el Fortalecimiento Fiscal de la provincia de Buenos Aires&nbsp;sum\u00f3 un nuevo cap\u00edtulo a la disputa entre el Gobierno central y los gobernadores. La decisi\u00f3n del Poder Ejecutivo dispar\u00f3 una&nbsp;dura reacci\u00f3n de Axel Kicillof, quien ayer anticip\u00f3 que recurrir\u00e1 a la Corte Suprema con una medida cautelar que suspenda esa decisi\u00f3n. Hoy, el gobernador bonaerense volvi\u00f3 a cuestionar la medida, dijo que el Gobierno nacional \u201cno puede desertar de sus responsabilidades y obligaciones\u201d y, tras ratificar su apoyo a su par de Chubut, Ignacio Torres, afirm\u00f3 que \u201cpareciera\u201d que desde la Naci\u00f3n buscan que las provincias <a class=\"mh-excerpt-more\" href=\"http:\/\/dsrmedios.com.ar\/diario\/archivos\/43172\" title=\"Axel Kicillof reclam\u00f3 \u201cracionalidad\u201d al Gobierno nacional, pero advirti\u00f3: \u201cSi me pongo a fantasear, puedo cerrar los accesos o los puertos\u201d\">[Leer m\u00e1s]<\/a><\/p>\n<\/div>","protected":false},"author":8,"featured_media":33910,"comment_status":"open","ping_status":"closed","sticky":false,"template":"","format":"standard","meta":{"_jetpack_newsletter_access":""},"categories":[7],"tags":[],"jetpack_featured_media_url":"http:\/\/dsrmedios.com.ar\/diario\/wp-content\/uploads\/2023\/05\/p14-axel-kicillof-n_optjpeg.jpeg","jetpack_sharing_enabled":true,"jetpack_shortlink":"https:\/\/wp.me\/p9fihK-bek","_links":{"self":[{"href":"http:\/\/dsrmedios.com.ar\/diario\/wp-json\/wp\/v2\/posts\/43172"}],"collection":[{"href":"http:\/\/dsrmedios.com.ar\/diario\/wp-json\/wp\/v2\/posts"}],"about":[{"href":"http:\/\/dsrmedios.com.ar\/diario\/wp-json\/wp\/v2\/types\/post"}],"author":[{"embeddable":true,"href":"http:\/\/dsrmedios.com.ar\/diario\/wp-json\/wp\/v2\/users\/8"}],"replies":[{"embeddable":true,"href":"http:\/\/dsrmedios.com.ar\/diario\/wp-json\/wp\/v2\/comments?post=43172"}],"version-history":[{"count":1,"href":"http:\/\/dsrmedios.com.ar\/diario\/wp-json\/wp\/v2\/posts\/43172\/revisions"}],"predecessor-version":[{"id":43173,"href":"http:\/\/dsrmedios.com.ar\/diario\/wp-json\/wp\/v2\/posts\/43172\/revisions\/43173"}],"wp:featuredmedia":[{"embeddable":true,"href":"http:\/\/dsrmedios.com.ar\/diario\/wp-json\/wp\/v2\/media\/33910"}],"wp:attachment":[{"href":"http:\/\/dsrmedios.com.ar\/diario\/wp-json\/wp\/v2\/media?parent=43172"}],"wp:term":[{"taxonomy":"category","embeddable":true,"href":"http:\/\/dsrmedios.com.ar\/diario\/wp-json\/wp\/v2\/categories?post=43172"},{"taxonomy":"post_tag","embeddable":true,"href":"http:\/\/dsrmedios.com.ar\/diario\/wp-json\/wp\/v2\/tags?post=43172"}],"curies":[{"name":"wp","href":"https:\/\/api.w.org\/{rel}","templated":true}]}}