{"id":43170,"date":"2024-02-27T12:06:08","date_gmt":"2024-02-27T15:06:08","guid":{"rendered":"http:\/\/dsrmedios.com.ar\/diario\/?p=43170"},"modified":"2024-02-27T12:06:11","modified_gmt":"2024-02-27T15:06:11","slug":"en-plena-tension-de-milei-con-los-gobernadores-renuncio-un-funcionario-clave-de-patricia-bullrich","status":"publish","type":"post","link":"http:\/\/dsrmedios.com.ar\/diario\/archivos\/43170","title":{"rendered":"En plena tensi\u00f3n de Milei con los gobernadores, renunci\u00f3 un funcionario clave de Patricia Bullrich"},"content":{"rendered":"\n<p>En plena tensi\u00f3n del presidente de la Naci\u00f3n,&nbsp;<strong>Javier Milei<\/strong>, con los gobernadores, un funcionario clave de Patricia Bullrich<strong>&nbsp;present\u00f3 la renuncia<\/strong>&nbsp;al Ministerio de Seguridad. Se trata de&nbsp;<strong>Sebasti\u00e1n Garc\u00eda De Luca<\/strong>, secretario de Articulaci\u00f3n Federal de esa cartera, que ejecutaba un rol de relacionamiento pol\u00edtico dentro del proyecto de poder de la ministra. La salida del funcionario aumenta la presi\u00f3n en el PRO, que atraviesa una interna por el v\u00ednculo que el partido tiene con la Casa Rosada. A diferencia de Bullrich, Mauricio Macri avala el programa libertario, aunque discrepa con algunas formas del Presidente y, sobre todo, busca impedir que su partido sea absorbido por La Libertad Avanza.<\/p>\n\n\n\n<p>Seg\u00fan pudo reconstruir este medio, De Luca ven\u00eda manifestando su&nbsp;<strong>disconformidad<\/strong>&nbsp;con el<strong>&nbsp;trato pol\u00edtico&nbsp;<\/strong>que el&nbsp;<strong>Gobierno<\/strong>&nbsp;le daba a los&nbsp;<strong>Gobernadores y los legisladore<\/strong>s nacionales, en la estrategia de confrontar con el Congreso y el sistema pol\u00edtico. En ese contexto,<a rel=\"noreferrer noopener\" href=\"https:\/\/www.infobae.com\/politica\/2024\/02\/27\/el-conflicto-con-chubut-expuso-la-estrategia-sostenida-de-milei-el-vinculo-oscilante-con-el-pro-y-las-diferencias-entre-macri-y-bullrich\/\" target=\"_blank\">&nbsp;como anticip\u00f3 Infobae<\/a>, en los \u00faltimos d\u00edas el funcionario hizo saber su idea de alejarse del cargo y&nbsp;<strong>esta ma\u00f1ana se confirm\u00f3 esa decisi\u00f3n<\/strong>.<\/p>\n\n\n\n<p>De Luca, que fue el armador pol\u00edtico de la campa\u00f1a presidencial de Bullrich, creci\u00f3 pol\u00edticamente al lado de&nbsp;<strong>Emilio Monz\u00f3<\/strong>. En los \u00faltimos a\u00f1os se hab\u00eda distanciado del diputado nacional para hacer una construcci\u00f3n propia junto a la ministra de Seguridad. Durante la presidencia de Macri, el dirigente trabaj\u00f3 como Secretario del Interior del Ministerio que conduc\u00eda&nbsp;<strong>Rogelio Frigerio<\/strong>, tambi\u00e9n cercano al ex intendente de Carlos Tejedor. Junto con&nbsp;<strong>Nicol\u00e1s Massot<\/strong>, por entonces titular de la bancada oficialista, integraban un grupo que se mov\u00eda en la articulaci\u00f3n pol\u00edtica del oficialismo para motorizar la agenda parlamentaria del Poder Ejecutivo. Ese grupo fue apuntado por Macri, a partir de objeciones hechas por&nbsp;<strong>Marcos Pe\u00f1a<\/strong>, ex jefe de Gabinete de la Naci\u00f3n, y hubo una distancia pol\u00edtica con el macrismo. Entre 2019 y 2023, De Luca fue diputado nacional de JxC.<\/p>\n\n\n\n<p><img decoding=\"async\" loading=\"lazy\" alt=\"Patricia Bullrich y Javier Milei (AP Foto\/Nicol\u00e1s Aguilera, Archivo)\" height=\"4578\" width=\"6864\" src=\"https:\/\/www.infobae.com\/new-resizer\/nPgXjm3t1WN2Yl8AXXkErS4QpyE=\/420x280\/filters:format(webp):quality(85)\/cloudfront-us-east-1.images.arcpublishing.com\/infobae\/33HYCMIKLH2UF2BPHARP3VLYFU.jpg%20420w\" srcset=\"https:\/\/www.infobae.com\/new-resizer\/nPgXjm3t1WN2Yl8AXXkErS4QpyE=\/420x280\/filters:format(webp):quality(85)\/cloudfront-us-east-1.images.arcpublishing.com\/infobae\/33HYCMIKLH2UF2BPHARP3VLYFU.jpg 420w,https:\/\/www.infobae.com\/new-resizer\/esWFQZRQtZeFoIHmRjMuoxf0KCI=\/768x512\/filters:format(webp):quality(85)\/cloudfront-us-east-1.images.arcpublishing.com\/infobae\/33HYCMIKLH2UF2BPHARP3VLYFU.jpg 768w,https:\/\/www.infobae.com\/new-resizer\/x33jiI-OgfXl6IPKTEI1ltZ_DlA=\/992x661\/filters:format(webp):quality(85)\/cloudfront-us-east-1.images.arcpublishing.com\/infobae\/33HYCMIKLH2UF2BPHARP3VLYFU.jpg 992w,https:\/\/www.infobae.com\/new-resizer\/H2C4PA79u7ZXI8nLmbOOXcKvCVk=\/1200x800\/filters:format(webp):quality(85)\/cloudfront-us-east-1.images.arcpublishing.com\/infobae\/33HYCMIKLH2UF2BPHARP3VLYFU.jpg 1200w,https:\/\/www.infobae.com\/new-resizer\/ysNL73dFuNnFvfMO5jDg6bQyNIk=\/1440x960\/filters:format(webp):quality(85)\/cloudfront-us-east-1.images.arcpublishing.com\/infobae\/33HYCMIKLH2UF2BPHARP3VLYFU.jpg 1440w\">Patricia Bullrich y Javier Milei (AP Foto\/Nicol\u00e1s Aguilera, Archivo)<\/p>\n\n\n\n<p>En el marco de la campa\u00f1a presidencial de Bullrich del a\u00f1o pasado, De Luca ingres\u00f3 a la mesa pol\u00edtica como\u00a0<strong>armador\u00a0<\/strong>de la provincia de Buenos Aires. Ejecut\u00f3 una ardua tarea, que consisti\u00f3 en armar listas propias en los 135 municipios, bajo la candidatura de la ministra de Seguridad y N\u00e9stor Grindetti como postulante a gobernador. Con ese esquema, el bullrichismo logr\u00f3 imponerse al esquema de Horacio Rodr\u00edguez Larreta y a Diego Santilli en la provincia m\u00e1s grande del pa\u00eds. Fue algo letal, que inclin\u00f3 la PASO de Juntos por en Cambio en favor de la presidenta del PRO.<\/p>\n\n\n\n<p>Camino a la elecci\u00f3n general de octubre, De Luca&nbsp;<strong>gan\u00f3 protagonismo&nbsp;<\/strong>en la campa\u00f1a y se puso al frente del armado nacional, junto a<strong>&nbsp;Dami\u00e1n Arabia<\/strong>&nbsp;y&nbsp;<strong>Juan Pablo Arenaza<\/strong>, dos dirigentes de extrema confianza de Bullrich. La historia que sigue es conocida: Milei dio el&nbsp;<strong>batacazo&nbsp;<\/strong>y JxC qued\u00f3 afuera del balotaje. Cuando se confirm\u00f3 el apoyo de Bullrich y Macri al libertario, De Luca y el equipo pol\u00edtico bullrichista trabajaron para coordinar la fiscalizaci\u00f3n de La Libertad Avanza, con el soporte del PRO.<\/p>\n\n\n\n<p>Cuando Bullrich confirm\u00f3 su regreso al Ministerio de Seguridad, tras la propuesta de Milei, lo convoc\u00f3 a De Luca para hacerse cargo de la Secretar\u00eda de Articulaci\u00f3n Federal. Cumpl\u00eda un rol pol\u00edtico en un ministerio t\u00e9cnico: tej\u00eda puentes con dirigentes de todo el pa\u00eds para robustecer la construcci\u00f3n pol\u00edtica de la presidenta del PRO. Pero con el correr de las semanas, el funcionario comenz\u00f3 a sentir incomodidad por el trato de Milei a los gobernadores y a la dirigencia.<\/p>\n\n\n\n<p>Las primeras alarmas se encendieron durante el tratamiento de la Ley \u00d3mnibus en el Congreso. De Luca notaba que no hab\u00eda respaldo de la Casa Rosada para buscar consensos sobre el articulado. Y discrepaba de la forma en la que el Presidente de dirig\u00eda a la oposici\u00f3n.<\/p>\n\n\n\n<p><img decoding=\"async\" loading=\"lazy\" alt=\"Rogelio Frigerio y Sebasti\u00e1n Garc\u00eda De Luca\" height=\"1080\" width=\"1920\" src=\"https:\/\/www.infobae.com\/new-resizer\/G5oeg4yOr_0Yx8twrmPgxWakRlE=\/420x236\/filters:format(webp):quality(85)\/cloudfront-us-east-1.images.arcpublishing.com\/infobae\/PFNV3K4F2ZDCZLOM6ZLP4YSTLI.jpg%20420w\" srcset=\"https:\/\/www.infobae.com\/new-resizer\/G5oeg4yOr_0Yx8twrmPgxWakRlE=\/420x236\/filters:format(webp):quality(85)\/cloudfront-us-east-1.images.arcpublishing.com\/infobae\/PFNV3K4F2ZDCZLOM6ZLP4YSTLI.jpg 420w,https:\/\/www.infobae.com\/new-resizer\/TDGDOpKbTPkkOjF0Y2V-Ze0PpiA=\/768x432\/filters:format(webp):quality(85)\/cloudfront-us-east-1.images.arcpublishing.com\/infobae\/PFNV3K4F2ZDCZLOM6ZLP4YSTLI.jpg 768w,https:\/\/www.infobae.com\/new-resizer\/6wTsLNYAL9mNsT6HVmg6rmGC2zE=\/992x558\/filters:format(webp):quality(85)\/cloudfront-us-east-1.images.arcpublishing.com\/infobae\/PFNV3K4F2ZDCZLOM6ZLP4YSTLI.jpg 992w,https:\/\/www.infobae.com\/new-resizer\/_uA86BAyboLKPdzBymO-Bz-wNkQ=\/1200x675\/filters:format(webp):quality(85)\/cloudfront-us-east-1.images.arcpublishing.com\/infobae\/PFNV3K4F2ZDCZLOM6ZLP4YSTLI.jpg 1200w,https:\/\/www.infobae.com\/new-resizer\/aI8spFOAKkO--yeYkdjlUdYc_4o=\/1440x810\/filters:format(webp):quality(85)\/cloudfront-us-east-1.images.arcpublishing.com\/infobae\/PFNV3K4F2ZDCZLOM6ZLP4YSTLI.jpg 1440w\">Rogelio Frigerio y Sebasti\u00e1n Garc\u00eda De Luca<\/p>\n\n\n\n<p>Actualmente, De Luca cultiva una excelente relaci\u00f3n pol\u00edtica y personal con Rogelio Frigerio, gobernador de Entre R\u00edos. Son amigos y se conocen hace varios a\u00f1os. Si bien a\u00fan no decidi\u00f3 su futuro p\u00fablico, no se descarta un acercamiento con el mandatario entrerriano para integrarse a su equipo pol\u00edtico.<\/p>\n\n\n\n<p>La salida de De Luca le agrega tensi\u00f3n a la discusi\u00f3n en el PRO. El funcionario fue uno de los dirigentes bullrichistas que no firm\u00f3 el comunicado que redact\u00f3 su jefa para respaldar a Milei en la disputa contra el gobernador de Chubut, Nacho Torres, en la discusi\u00f3n por los fondos de la coparticipaci\u00f3n. La ministra de Seguridad considera necesario que su partido respalde al Jefe de Estado y, adem\u00e1s, que adopte una postura oficialista sin condicionalidades.<\/p>\n\n\n\n<p>Es una tensi\u00f3n que se da a d\u00edas de la elecci\u00f3n de autoridades del PRO, donde Macri arma su lista para presidir el partido. Bullrich pretende que el ex Presidente no hegemonice el partido. Intenta conservar incidencia para avanzar en la convergencia del PRO con La Libertad Avanza. En esa l\u00ednea, Bullrich dijo anoche en LN+ que le hubiera gustado escuchar un posicionamiento de Macri sobre el tema Chubut. Esperaba un respaldo expl\u00edcito a Milei. Macri, que apoya el grueso del programa libertario, opt\u00f3 por no pronunciarse y apoy\u00f3 en silencio a mandatario chubutense.<\/p>\n\n\n\n<p>Fuente: infobae<\/p>\n","protected":false},"excerpt":{"rendered":"<div class=\"mh-excerpt\"><p>En plena tensi\u00f3n del presidente de la Naci\u00f3n,&nbsp;Javier Milei, con los gobernadores, un funcionario clave de Patricia Bullrich&nbsp;present\u00f3 la renuncia&nbsp;al Ministerio de Seguridad. Se trata de&nbsp;Sebasti\u00e1n Garc\u00eda De Luca, secretario de Articulaci\u00f3n Federal de esa cartera, que ejecutaba un rol de relacionamiento pol\u00edtico dentro del proyecto de poder de la ministra. La salida del funcionario aumenta la presi\u00f3n en el PRO, que atraviesa una interna por el v\u00ednculo que el partido tiene con la Casa Rosada. A diferencia de Bullrich, Mauricio Macri avala el programa libertario, aunque discrepa con algunas formas del Presidente y, sobre todo, busca impedir que su <a class=\"mh-excerpt-more\" href=\"http:\/\/dsrmedios.com.ar\/diario\/archivos\/43170\" title=\"En plena tensi\u00f3n de Milei con los gobernadores, renunci\u00f3 un funcionario clave de Patricia Bullrich\">[Leer m\u00e1s]<\/a><\/p>\n<\/div>","protected":false},"author":8,"featured_media":41568,"comment_status":"open","ping_status":"closed","sticky":false,"template":"","format":"standard","meta":{"_jetpack_newsletter_access":""},"categories":[6],"tags":[],"jetpack_featured_media_url":"http:\/\/dsrmedios.com.ar\/diario\/wp-content\/uploads\/2023\/11\/javier-milei-20230817-1634415.jpg","jetpack_sharing_enabled":true,"jetpack_shortlink":"https:\/\/wp.me\/p9fihK-bei","_links":{"self":[{"href":"http:\/\/dsrmedios.com.ar\/diario\/wp-json\/wp\/v2\/posts\/43170"}],"collection":[{"href":"http:\/\/dsrmedios.com.ar\/diario\/wp-json\/wp\/v2\/posts"}],"about":[{"href":"http:\/\/dsrmedios.com.ar\/diario\/wp-json\/wp\/v2\/types\/post"}],"author":[{"embeddable":true,"href":"http:\/\/dsrmedios.com.ar\/diario\/wp-json\/wp\/v2\/users\/8"}],"replies":[{"embeddable":true,"href":"http:\/\/dsrmedios.com.ar\/diario\/wp-json\/wp\/v2\/comments?post=43170"}],"version-history":[{"count":1,"href":"http:\/\/dsrmedios.com.ar\/diario\/wp-json\/wp\/v2\/posts\/43170\/revisions"}],"predecessor-version":[{"id":43171,"href":"http:\/\/dsrmedios.com.ar\/diario\/wp-json\/wp\/v2\/posts\/43170\/revisions\/43171"}],"wp:featuredmedia":[{"embeddable":true,"href":"http:\/\/dsrmedios.com.ar\/diario\/wp-json\/wp\/v2\/media\/41568"}],"wp:attachment":[{"href":"http:\/\/dsrmedios.com.ar\/diario\/wp-json\/wp\/v2\/media?parent=43170"}],"wp:term":[{"taxonomy":"category","embeddable":true,"href":"http:\/\/dsrmedios.com.ar\/diario\/wp-json\/wp\/v2\/categories?post=43170"},{"taxonomy":"post_tag","embeddable":true,"href":"http:\/\/dsrmedios.com.ar\/diario\/wp-json\/wp\/v2\/tags?post=43170"}],"curies":[{"name":"wp","href":"https:\/\/api.w.org\/{rel}","templated":true}]}}