{"id":43156,"date":"2024-02-26T21:23:53","date_gmt":"2024-02-27T00:23:53","guid":{"rendered":"http:\/\/dsrmedios.com.ar\/diario\/?p=43156"},"modified":"2024-02-26T21:23:55","modified_gmt":"2024-02-27T00:23:55","slug":"kicillof-ira-a-la-justicia-por-la-quita-de-fondos-el-presidente-se-roba-los-recursos-de-las-provincias","status":"publish","type":"post","link":"http:\/\/dsrmedios.com.ar\/diario\/archivos\/43156","title":{"rendered":"Kicillof ir\u00e1 a la Justicia por la quita de fondos: \u201cEl Presidente se roba los recursos de las provincias\u201d"},"content":{"rendered":"\n<p>El gobernador&nbsp;<strong>Axel Kicillof<\/strong>&nbsp;brind\u00f3 un duro discurso contra el Gobierno luego de que&nbsp;<strong>Javier Milei<\/strong>&nbsp;ordenara la eliminaci\u00f3n del Fondo para el Fortalecimiento Fiscal de la provincia de Buenos Aires.&nbsp;<strong>\u201cEl Presidente se roba los recursos de las provincias\u201d<\/strong>, apunt\u00f3 Kicillof, quien acudir\u00e1 a la Corte Suprema para reclamar que se restablezca el giro de dinero.<\/p>\n\n\n\n<p>Durante una conferencia de prensa en La Plata, acompa\u00f1ado por la vicegobernadora, Ver\u00f3nica Magario, sentenci\u00f3 que la quita de fondos se trata de&nbsp;<strong>\u201cun ajuste brutal\u201d.&nbsp;<\/strong>En este sentido, expres\u00f3 su \u201csolidaridad con el pueblo de Chubut\u201d, y se posicion\u00f3 respecto a la&nbsp;<strong>disputa de los mandatarios patag\u00f3nicos<\/strong>&nbsp;por los fondos coparticipables.<\/p>\n\n\n\n<p>El gobernador relacion\u00f3 esta decisi\u00f3n del Ejecutivo con el traspi\u00e9 que sufri\u00f3 La Libertad Avanza con la&nbsp;<strong>Ley \u00d3mnibus:<\/strong>&nbsp;\u201cTodos recordamos el&nbsp;<strong>bochorno del tratamiento en comisiones y retiro de la Ley \u00d3mnibus.&nbsp;<\/strong>Pero una vez ca\u00edda, fue la causa, seg\u00fan el Presidente, de muchas de las situaciones que estamos viviendo hoy\u201d.<\/p>\n\n\n\n<figure class=\"wp-block-image\"><img decoding=\"async\" src=\"https:\/\/tn.com.ar\/resizer\/_hTxMXfNWPSU50jGQtPU_9bQpFk=\/767x0\/smart\/filters:format(webp)\/cloudfront-us-east-1.images.arcpublishing.com\/artear\/Z4IADTJRIJE2TNULRAGZDSMT6U.jpg\" alt=\"Javier Milei orden\u00f3 la eliminaci\u00f3n del Fondo para el Fortalecimiento Fiscal de la provincia de Buenos Aires. (Foto AP - Jos\u00e9 Luis Maga\u00f1a)\"\/><figcaption class=\"wp-element-caption\">Javier Milei orden\u00f3 la eliminaci\u00f3n del Fondo para el Fortalecimiento Fiscal de la provincia de Buenos Aires. (Foto AP \u2013 Jos\u00e9 Luis Maga\u00f1a)<\/figcaption><\/figure>\n\n\n\n<p>\u201cEl Presidente adem\u00e1s de tratar de convertir ese fracaso en un triunfo, rid\u00edculamente, decide, ante su propia torpeza para su tratamiento, fundir a las provincias. Inicia un raid que no termina, de violencia en las redes. Tenemos un Presidente que, de manera compulsiva, escribe mensajes&nbsp;<strong>agrediendo a gobernadores y a cualquiera que no est\u00e9 de acuerdo con \u00e9l<\/strong>\u201d, sum\u00f3.<\/p>\n\n\n\n<p>Adem\u00e1s, tambi\u00e9n hizo un paralelismo con la eliminaci\u00f3n del fondo para los docentes y&nbsp;<strong>la quita de subsidios al transporte.&nbsp;<\/strong>\u201cMilei dice que nos va a fundir e inmediatamente procede a fundir, no a los gobernadores, si no a sacarle plata del bolsillo a los docentes, sacando el FONID\u201d, se\u00f1al\u00f3.<\/p>\n\n\n\n<p>Y agreg\u00f3: \u201cLas provincias solo trasladaban ese fondo a los bolsillos de los docentes. No es contra el gobierno ni contra un gobernador, sino contra el pueblo, maestros y maestras de todo el pa\u00eds. Luego se la agarra con el bolsillo de todos los que viajan en el pa\u00eds, llevando el boleto a valores cercanos a los mil pesos,<strong>&nbsp;un aumento desproporcionado e impagable<\/strong>\u201d.<\/p>\n\n\n\n<p>El cruce entre<strong>&nbsp;Naci\u00f3n y Provincia se da en medio de las disputas por la quita de los fondos coparticipables<\/strong>&nbsp;y luego de que el jefe de Estado optara por eliminar, a trav\u00e9s del Decreto 192\/2024, el fondo que hab\u00eda sido creado bajo la administraci\u00f3n de Alberto Fern\u00e1ndez, en plena pandemia.<\/p>\n\n\n\n<p>La medida surgi\u00f3 de la quita de un punto de la coparticipaci\u00f3n a la Ciudad de Buenos Aires y fue transferida a la provincia en m\u00e1s de 30 mil millones de pesos, lo que abri\u00f3 un conflicto entre la Casa Rosada y el que era en aquel entonces jefe de Gobierno porte\u00f1o, Horacio Rodr\u00edguez Larreta.<\/p>\n\n\n\n<p>Desde el entorno del gobernador bonaerense&nbsp;<strong>calificaron la medida como \u201cun atropello contra los bonaerenses\u201d.&nbsp;<\/strong>Sin embargo, aclararon que ni en diciembre ni en enero hab\u00edan recibido el dinero correspondiente al fondo en cuesti\u00f3n.<\/p>\n\n\n\n<h2>Los cruces entre Naci\u00f3n y las provincias por los recursos coparticipables<\/h2>\n\n\n\n<p>Poco despu\u00e9s de que estallara el cruce entre Milei y el gobernador de Chubut por los fondos coparticipables y&nbsp;la amenaza de cortar la distribuci\u00f3n de petr\u00f3leo, el exministro de Econom\u00eda hizo p\u00fablico su respaldo a Ignacio Torres, perteneciente al PRO.<\/p>\n\n\n\n<p>\u201c<strong>Nuestra solidaridad con el pueblo de Chubut.<\/strong>\u00a0Todas las provincias estamos siendo sometidas a esta \u2018extorsi\u00f3n\u2019 y el recorte de fondos. No es, como sostiene Milei, contra los gobernadores, sino contra los pueblos de las provincias\u201d, expres\u00f3 Kicillof a trav\u00e9s de su cuenta de\u00a0<em>X<\/em>.<\/p>\n\n\n\n<p>Fuente: canalsiete<\/p>\n","protected":false},"excerpt":{"rendered":"<div class=\"mh-excerpt\"><p>El gobernador&nbsp;Axel Kicillof&nbsp;brind\u00f3 un duro discurso contra el Gobierno luego de que&nbsp;Javier Milei&nbsp;ordenara la eliminaci\u00f3n del Fondo para el Fortalecimiento Fiscal de la provincia de Buenos Aires.&nbsp;\u201cEl Presidente se roba los recursos de las provincias\u201d, apunt\u00f3 Kicillof, quien acudir\u00e1 a la Corte Suprema para reclamar que se restablezca el giro de dinero. Durante una conferencia de prensa en La Plata, acompa\u00f1ado por la vicegobernadora, Ver\u00f3nica Magario, sentenci\u00f3 que la quita de fondos se trata de&nbsp;\u201cun ajuste brutal\u201d.&nbsp;En este sentido, expres\u00f3 su \u201csolidaridad con el pueblo de Chubut\u201d, y se posicion\u00f3 respecto a la&nbsp;disputa de los mandatarios patag\u00f3nicos&nbsp;por los fondos coparticipables. <a class=\"mh-excerpt-more\" href=\"http:\/\/dsrmedios.com.ar\/diario\/archivos\/43156\" title=\"Kicillof ir\u00e1 a la Justicia por la quita de fondos: \u201cEl Presidente se roba los recursos de las provincias\u201d\">[Leer m\u00e1s]<\/a><\/p>\n<\/div>","protected":false},"author":8,"featured_media":27083,"comment_status":"open","ping_status":"closed","sticky":false,"template":"","format":"standard","meta":{"_jetpack_newsletter_access":""},"categories":[7],"tags":[],"jetpack_featured_media_url":"http:\/\/dsrmedios.com.ar\/diario\/wp-content\/uploads\/2022\/02\/kicillof.jpg","jetpack_sharing_enabled":true,"jetpack_shortlink":"https:\/\/wp.me\/p9fihK-be4","_links":{"self":[{"href":"http:\/\/dsrmedios.com.ar\/diario\/wp-json\/wp\/v2\/posts\/43156"}],"collection":[{"href":"http:\/\/dsrmedios.com.ar\/diario\/wp-json\/wp\/v2\/posts"}],"about":[{"href":"http:\/\/dsrmedios.com.ar\/diario\/wp-json\/wp\/v2\/types\/post"}],"author":[{"embeddable":true,"href":"http:\/\/dsrmedios.com.ar\/diario\/wp-json\/wp\/v2\/users\/8"}],"replies":[{"embeddable":true,"href":"http:\/\/dsrmedios.com.ar\/diario\/wp-json\/wp\/v2\/comments?post=43156"}],"version-history":[{"count":1,"href":"http:\/\/dsrmedios.com.ar\/diario\/wp-json\/wp\/v2\/posts\/43156\/revisions"}],"predecessor-version":[{"id":43157,"href":"http:\/\/dsrmedios.com.ar\/diario\/wp-json\/wp\/v2\/posts\/43156\/revisions\/43157"}],"wp:featuredmedia":[{"embeddable":true,"href":"http:\/\/dsrmedios.com.ar\/diario\/wp-json\/wp\/v2\/media\/27083"}],"wp:attachment":[{"href":"http:\/\/dsrmedios.com.ar\/diario\/wp-json\/wp\/v2\/media?parent=43156"}],"wp:term":[{"taxonomy":"category","embeddable":true,"href":"http:\/\/dsrmedios.com.ar\/diario\/wp-json\/wp\/v2\/categories?post=43156"},{"taxonomy":"post_tag","embeddable":true,"href":"http:\/\/dsrmedios.com.ar\/diario\/wp-json\/wp\/v2\/tags?post=43156"}],"curies":[{"name":"wp","href":"https:\/\/api.w.org\/{rel}","templated":true}]}}