{"id":43131,"date":"2024-02-26T21:04:58","date_gmt":"2024-02-27T00:04:58","guid":{"rendered":"http:\/\/dsrmedios.com.ar\/diario\/?p=43131"},"modified":"2024-02-26T21:05:45","modified_gmt":"2024-02-27T00:05:45","slug":"suben-a-51-los-casos-confirmados-de-encefalitis-equina-en-la-provincia-de-buenos-aires","status":"publish","type":"post","link":"http:\/\/dsrmedios.com.ar\/diario\/archivos\/43131","title":{"rendered":"Suben a 51 los casos confirmados de encefalitis equina en la provincia de Buenos Aires"},"content":{"rendered":"\n<p>Desde las \u00faltimas semanas de diciembre de 2023 comenzaron a advertirse&nbsp;<a href=\"https:\/\/infocielo.com\/casos-a2320\">casos&nbsp;<\/a>de<strong><a href=\"https:\/\/infocielo.com\/24-diciembre-a45891\">&nbsp;encefalitis equina&nbsp;<\/a><\/strong>en personas y, semana a semana, el&nbsp;<strong>Ministerio de Salud de la&nbsp;<a href=\"https:\/\/infocielo.com\/provincia-buenos-aires\">provincia de Buenos Aires<\/a><\/strong>&nbsp;advierte un aumento de casos en la regi\u00f3n. Tal es as\u00ed, que ya son 32 las localidades bonaerenses con casos confirmados de la enfermedad.<\/p>\n\n\n\n<p>Seg\u00fan el&nbsp;<a rel=\"noreferrer noopener\" href=\"https:\/\/www.ms.gba.gov.ar\/sitios\/media\/files\/2024\/02\/Bolet%C3%ADn-epidemiol%C3%B3gico_7.pdf\" target=\"_blank\"><strong>\u00faltimo Bolet\u00edn Epidemiol\u00f3gico bonaerense<\/strong><\/a>, desde fines de noviembre de 2023 a la segunda semana de febrero de 2024,&nbsp;<strong>se notificaron 206 casos sospechosos de EEO, de los cuales se confirmaron 51 casos y 19 fueron probables<\/strong>.<\/p>\n\n\n\n<p>De estos casos positivos 59 requirieron internaci\u00f3n:<strong>&nbsp;10 se encuentran internados actualmente, 3 casos fallecieron y los restantes fueron dados de alta<\/strong>. Los casos fallecidos corresponden a los municipios de&nbsp;<a href=\"https:\/\/infocielo.com\/sociedad\/confirman-el-primer-fallecido-encefalitis-equina-la-provincia-buenos-aires-n778862\" target=\"_blank\" rel=\"noreferrer noopener\">La Plata<\/a>, Exaltaci\u00f3n de la Cruz y General Viamonte, viv\u00edan en zona rural y dos de ellos ten\u00edan comorbilidades.<\/p>\n\n\n\n<h2>Cu\u00e1les son las localidades bonaerenses con casos positivos de encefalitis equina<\/h2>\n\n\n\n<p>Los casos sospechosos y confirmados pertenecen a 32 municipios de la&nbsp;<strong>provincia de Buenos Aires<\/strong>:<\/p>\n\n\n\n<ul>\n<li>Patagones<\/li>\n\n\n\n<li>9 de Julio<\/li>\n\n\n\n<li>General Villegas<\/li>\n\n\n\n<li>Pehuaj\u00f3<\/li>\n\n\n\n<li>Chacabuco<\/li>\n\n\n\n<li>General Arenales<\/li>\n\n\n\n<li>General Viamonte<\/li>\n\n\n\n<li>Jun\u00edn<\/li>\n\n\n\n<li>Leandro N. Alem<\/li>\n\n\n\n<li>Lincoln<\/li>\n\n\n\n<li>Arrecifes<\/li>\n\n\n\n<li>Baradero<\/li>\n\n\n\n<li>Pergamino<\/li>\n\n\n\n<li>Ramallo<\/li>\n\n\n\n<li>Campana<\/li>\n\n\n\n<li>Escobar<\/li>\n\n\n\n<li>Exaltaci\u00f3n de la Cruz<\/li>\n\n\n\n<li>Malvinas Argentinas<\/li>\n\n\n\n<li>Lomas de Zamora<\/li>\n\n\n\n<li>Avellaneda<\/li>\n\n\n\n<li>Berazategui<\/li>\n\n\n\n<li>Bol\u00edvar<\/li>\n\n\n\n<li>Rauch<\/li>\n\n\n\n<li>Tapalqu\u00e9<\/li>\n\n\n\n<li>Las Flores<\/li>\n\n\n\n<li>25 de Mayo<\/li>\n\n\n\n<li>Bragado<\/li>\n\n\n\n<li>Chascom\u00fas<\/li>\n\n\n\n<li>La Plata<\/li>\n\n\n\n<li>Magdalena<\/li>\n\n\n\n<li>San Vicente<\/li>\n\n\n\n<li>Ensenada<\/li>\n<\/ul>\n\n\n\n<figure class=\"wp-block-image\"><img decoding=\"async\" src=\"https:\/\/media.infocielo.com\/p\/fd714bb18aab08bf90e5a75bf9302493\/adjuntos\/299\/imagenes\/001\/798\/0001798403\/887x0\/smart\/mosquitos-picadura-png.png\" alt=\"Seg\u00fan el \u00faltimo Bolet\u00edn Epidemiol\u00f3gico del Ministerio de Salud bonaerense, hay 51 casos confirmados de encefalitis equina en personas.\" title=\"Seg\u00fan el \u00faltimo Bolet\u00edn Epidemiol\u00f3gico del Ministerio de Salud bonaerense, hay 51 casos confirmados de encefalitis equina en personas.\"\/><\/figure>\n\n\n\n<p>Seg\u00fan el \u00faltimo Bolet\u00edn Epidemiol\u00f3gico del Ministerio de Salud bonaerense, hay 51 casos confirmados de encefalitis equina en personas.<\/p>\n\n\n\n<h2>Casos confirmados de encefalitis equina en animales de la Provincia<\/h2>\n\n\n\n<p>Respecto a la enfermedad en equinos, en este \u00faltimo&nbsp;<a href=\"https:\/\/www.ms.gba.gov.ar\/sitios\/media\/files\/2024\/02\/Bolet%C3%ADn-epidemiol%C3%B3gico_5-1.pdf\" target=\"_blank\" rel=\"noreferrer noopener\">Bolet\u00edn Epidemiol\u00f3gico bonaerense<\/a>&nbsp;informan que<strong>&nbsp;&#8220;hasta el 5 de febrero de 2024 se notificaron 827 brotes positivos de encefalitis equina del oeste en equinos en la PBA<\/strong>, de los cuales 813 brotes fueron confirmados por criterio cl\u00ednico y 14 por laboratorio&#8221;.<\/p>\n\n\n\n<h2>C\u00f3mo prevenir la picadura del mosquito vector de la encefalitis equina<\/h2>\n\n\n\n<p>El mosquito vector de la encefalitis equina se llama&nbsp;<strong>Aedes scapularis<\/strong>&nbsp;y, a diferencia del aedes aegypti, transmisor del dengue, se reproduce en zonas rurales y silvestres. El&nbsp;<a href=\"https:\/\/www.gba.gob.ar\/saludprovincia\" target=\"_blank\" rel=\"noreferrer noopener\">Ministerio de Salud bonaerense<\/a>&nbsp;aconseja:<\/p>\n\n\n\n<ul>\n<li>Aplicarse peri\u00f3dicamente repelentes de insectos con el ingrediente activo DEET mientras se realizan tareas en el exterior o dentro de establecimientos donde se hayan detectado animales enfermos o muertos. Es necesario volver a aplicar el producto peri\u00f3dicamente.<\/li>\n\n\n\n<li>Colocar telas mosquiteras en puertas y ventanas.<\/li>\n\n\n\n<li>Utilizar ropa clara y preferentemente de manga larga.<\/li>\n\n\n\n<li>Utilizar espirales en el exterior y pastillas o aerosoles en el interior de las edificaciones.<\/li>\n<\/ul>\n\n\n\n<p>Fuente: Infocielo<\/p>\n","protected":false},"excerpt":{"rendered":"<div class=\"mh-excerpt\"><p>Desde las \u00faltimas semanas de diciembre de 2023 comenzaron a advertirse&nbsp;casos&nbsp;de&nbsp;encefalitis equina&nbsp;en personas y, semana a semana, el&nbsp;Ministerio de Salud de la&nbsp;provincia de Buenos Aires&nbsp;advierte un aumento de casos en la regi\u00f3n. Tal es as\u00ed, que ya son 32 las localidades bonaerenses con casos confirmados de la enfermedad. Seg\u00fan el&nbsp;\u00faltimo Bolet\u00edn Epidemiol\u00f3gico bonaerense, desde fines de noviembre de 2023 a la segunda semana de febrero de 2024,&nbsp;se notificaron 206 casos sospechosos de EEO, de los cuales se confirmaron 51 casos y 19 fueron probables. De estos casos positivos 59 requirieron internaci\u00f3n:&nbsp;10 se encuentran internados actualmente, 3 casos fallecieron y los <a class=\"mh-excerpt-more\" href=\"http:\/\/dsrmedios.com.ar\/diario\/archivos\/43131\" title=\"Suben a 51 los casos confirmados de encefalitis equina en la provincia de Buenos Aires\">[Leer m\u00e1s]<\/a><\/p>\n<\/div>","protected":false},"author":8,"featured_media":10012,"comment_status":"open","ping_status":"closed","sticky":false,"template":"","format":"standard","meta":{"_jetpack_newsletter_access":""},"categories":[6],"tags":[],"jetpack_featured_media_url":"http:\/\/dsrmedios.com.ar\/diario\/wp-content\/uploads\/2018\/12\/mosquitos.jpg","jetpack_sharing_enabled":true,"jetpack_shortlink":"https:\/\/wp.me\/p9fihK-bdF","_links":{"self":[{"href":"http:\/\/dsrmedios.com.ar\/diario\/wp-json\/wp\/v2\/posts\/43131"}],"collection":[{"href":"http:\/\/dsrmedios.com.ar\/diario\/wp-json\/wp\/v2\/posts"}],"about":[{"href":"http:\/\/dsrmedios.com.ar\/diario\/wp-json\/wp\/v2\/types\/post"}],"author":[{"embeddable":true,"href":"http:\/\/dsrmedios.com.ar\/diario\/wp-json\/wp\/v2\/users\/8"}],"replies":[{"embeddable":true,"href":"http:\/\/dsrmedios.com.ar\/diario\/wp-json\/wp\/v2\/comments?post=43131"}],"version-history":[{"count":2,"href":"http:\/\/dsrmedios.com.ar\/diario\/wp-json\/wp\/v2\/posts\/43131\/revisions"}],"predecessor-version":[{"id":43134,"href":"http:\/\/dsrmedios.com.ar\/diario\/wp-json\/wp\/v2\/posts\/43131\/revisions\/43134"}],"wp:featuredmedia":[{"embeddable":true,"href":"http:\/\/dsrmedios.com.ar\/diario\/wp-json\/wp\/v2\/media\/10012"}],"wp:attachment":[{"href":"http:\/\/dsrmedios.com.ar\/diario\/wp-json\/wp\/v2\/media?parent=43131"}],"wp:term":[{"taxonomy":"category","embeddable":true,"href":"http:\/\/dsrmedios.com.ar\/diario\/wp-json\/wp\/v2\/categories?post=43131"},{"taxonomy":"post_tag","embeddable":true,"href":"http:\/\/dsrmedios.com.ar\/diario\/wp-json\/wp\/v2\/tags?post=43131"}],"curies":[{"name":"wp","href":"https:\/\/api.w.org\/{rel}","templated":true}]}}