{"id":43105,"date":"2024-02-24T19:44:48","date_gmt":"2024-02-24T22:44:48","guid":{"rendered":"http:\/\/dsrmedios.com.ar\/diario\/?p=43105"},"modified":"2024-02-24T19:44:51","modified_gmt":"2024-02-24T22:44:51","slug":"gastronomia-alemana-shows-y-patio-cervecero-se-viene-la-fiesta-del-strudel-en-coronel-suarez","status":"publish","type":"post","link":"http:\/\/dsrmedios.com.ar\/diario\/archivos\/43105","title":{"rendered":"Gastronom\u00eda alemana, shows y patio cervecero: se viene la Fiesta del Strudel en Coronel Su\u00e1rez"},"content":{"rendered":"\n<p>La&nbsp;<strong>provincia de Buenos Aires&nbsp;<\/strong>cuenta con una gran variedad de pueblos que realizan incre\u00edbles fiestas regionales, muy esperadas por los locales y turistas que aprovechan a pasear y conocer nuevos destinos. Una de ellas es la&nbsp;<strong>Strudel Fest<\/strong>, evento que se desarrolla en&nbsp;<strong>Santa Mar\u00eda<\/strong>, del partido de<strong>&nbsp;Coronel Su\u00e1rez<\/strong>.<\/p>\n\n\n\n<p>La&nbsp;<strong>Subsecretar\u00eda de Turismo bonaerense<\/strong>&nbsp;propone conocer esta&nbsp;fiesta&nbsp;que cuenta con&nbsp;<strong>una&nbsp;tradici\u00f3n&nbsp;muy arraigada, como lo son los metros en cada edici\u00f3n de la elaboraci\u00f3n del strudel gigante, cuya longitud este a\u00f1o superar\u00e1 los sesenta y seis<\/strong>. \u201cEste ritual colectivo, del que participa todo el pueblo, es una actividad tradicional y destacada\u201d, sostuvo el organismo.<\/p>\n\n\n\n<h2>\u00bfC\u00f3mo ser\u00e1 la edici\u00f3n 2024 de la Fiesta del Strudel?<\/h2>\n\n\n\n<p>Como cada a\u00f1o, se podr\u00e1 disfrutar de comidas t\u00edpicas alemanas combinadas con sabores cerveceros, paseo de artesan\u00edas, juegos, visitas guiadas, m\u00fasica y danzas tradicionales. La 9\u00b0 edici\u00f3n<strong>&nbsp;ser\u00e1 el s\u00e1bado 2 y domingo 3 de marzo y contar\u00e1 con m\u00e1s de 30 canillas con las mejores cervezas artesanales locales.<\/strong><\/p>\n\n\n\n<p>Esp\u00e9ctaculos musicales con grandes artistas y la presentaci\u00f3n de \u201cLa Franela\u201d y paseos incre\u00edbles como una visita guiada en plena apertura del Museo Santa Mar\u00eda y presenciar el proceso de elaboraci\u00f3n de cerveza artesanal a cargo de Suarveceros. Conoc\u00e9 el cronograma completo de actividades\u00a0<a rel=\"noreferrer noopener\" href=\"https:\/\/web.facebook.com\/strudelfestsantamaria\/posts\/pfbid02QK7UKyLXrxsfwQPjwvwcrHYSZWY8D8s9Qg6nt6272exU5GxEgjX222A6z4uvTsrkl?locale=es_LA\" target=\"_blank\">ingresando a este link<\/a>.<\/p>\n\n\n\n<p>Fuente: Infocielo<\/p>\n","protected":false},"excerpt":{"rendered":"<div class=\"mh-excerpt\"><p>La&nbsp;provincia de Buenos Aires&nbsp;cuenta con una gran variedad de pueblos que realizan incre\u00edbles fiestas regionales, muy esperadas por los locales y turistas que aprovechan a pasear y conocer nuevos destinos. Una de ellas es la&nbsp;Strudel Fest, evento que se desarrolla en&nbsp;Santa Mar\u00eda, del partido de&nbsp;Coronel Su\u00e1rez. La&nbsp;Subsecretar\u00eda de Turismo bonaerense&nbsp;propone conocer esta&nbsp;fiesta&nbsp;que cuenta con&nbsp;una&nbsp;tradici\u00f3n&nbsp;muy arraigada, como lo son los metros en cada edici\u00f3n de la elaboraci\u00f3n del strudel gigante, cuya longitud este a\u00f1o superar\u00e1 los sesenta y seis. \u201cEste ritual colectivo, del que participa todo el pueblo, es una actividad tradicional y destacada\u201d, sostuvo el organismo. \u00bfC\u00f3mo ser\u00e1 la edici\u00f3n <a class=\"mh-excerpt-more\" href=\"http:\/\/dsrmedios.com.ar\/diario\/archivos\/43105\" title=\"Gastronom\u00eda alemana, shows y patio cervecero: se viene la Fiesta del Strudel en Coronel Su\u00e1rez\">[Leer m\u00e1s]<\/a><\/p>\n<\/div>","protected":false},"author":8,"featured_media":43106,"comment_status":"open","ping_status":"closed","sticky":false,"template":"","format":"standard","meta":{"_jetpack_newsletter_access":""},"categories":[8],"tags":[],"jetpack_featured_media_url":"http:\/\/dsrmedios.com.ar\/diario\/wp-content\/uploads\/2024\/02\/fiesta-del-strudel.jpg","jetpack_sharing_enabled":true,"jetpack_shortlink":"https:\/\/wp.me\/p9fihK-bdf","_links":{"self":[{"href":"http:\/\/dsrmedios.com.ar\/diario\/wp-json\/wp\/v2\/posts\/43105"}],"collection":[{"href":"http:\/\/dsrmedios.com.ar\/diario\/wp-json\/wp\/v2\/posts"}],"about":[{"href":"http:\/\/dsrmedios.com.ar\/diario\/wp-json\/wp\/v2\/types\/post"}],"author":[{"embeddable":true,"href":"http:\/\/dsrmedios.com.ar\/diario\/wp-json\/wp\/v2\/users\/8"}],"replies":[{"embeddable":true,"href":"http:\/\/dsrmedios.com.ar\/diario\/wp-json\/wp\/v2\/comments?post=43105"}],"version-history":[{"count":1,"href":"http:\/\/dsrmedios.com.ar\/diario\/wp-json\/wp\/v2\/posts\/43105\/revisions"}],"predecessor-version":[{"id":43107,"href":"http:\/\/dsrmedios.com.ar\/diario\/wp-json\/wp\/v2\/posts\/43105\/revisions\/43107"}],"wp:featuredmedia":[{"embeddable":true,"href":"http:\/\/dsrmedios.com.ar\/diario\/wp-json\/wp\/v2\/media\/43106"}],"wp:attachment":[{"href":"http:\/\/dsrmedios.com.ar\/diario\/wp-json\/wp\/v2\/media?parent=43105"}],"wp:term":[{"taxonomy":"category","embeddable":true,"href":"http:\/\/dsrmedios.com.ar\/diario\/wp-json\/wp\/v2\/categories?post=43105"},{"taxonomy":"post_tag","embeddable":true,"href":"http:\/\/dsrmedios.com.ar\/diario\/wp-json\/wp\/v2\/tags?post=43105"}],"curies":[{"name":"wp","href":"https:\/\/api.w.org\/{rel}","templated":true}]}}