{"id":43004,"date":"2024-02-15T19:49:51","date_gmt":"2024-02-15T22:49:51","guid":{"rendered":"http:\/\/dsrmedios.com.ar\/diario\/?p=43004"},"modified":"2024-02-15T19:49:54","modified_gmt":"2024-02-15T22:49:54","slug":"avanza-el-diseno-de-un-plan-nacional-de-alfabetizacion-con-acuerdo-de-las-provincias","status":"publish","type":"post","link":"http:\/\/dsrmedios.com.ar\/diario\/archivos\/43004","title":{"rendered":"Avanza el dise\u00f1o de un Plan Nacional de Alfabetizaci\u00f3n con acuerdo de las provincias"},"content":{"rendered":"\n<p>Las 24 jurisdicciones del pa\u00eds est\u00e1n trabajando en un&nbsp;<strong>plan de alfabetizaci\u00f3n<\/strong>&nbsp;que deben presentar dentro de dos meses, cuando vuelva a reunirse el&nbsp;<strong>Consejo Federal de Educaci\u00f3n<\/strong>&nbsp;(CFE), el organismo que congrega a todos los ministros de Educaci\u00f3n del pa\u00eds. Pese al conflicto abierto por la decisi\u00f3n del Gobierno nacional de&nbsp;<a rel=\"noreferrer noopener\" href=\"https:\/\/www.infobae.com\/educacion\/2024\/02\/09\/el-gobierno-suspendio-los-aportes-nacionales-al-salario-docente-y-advierten-que-peligra-el-inicio-de-clases\/\" target=\"_blank\">suspender los aportes nacionales al salario docente<\/a>&nbsp;y de&nbsp;<a rel=\"noreferrer noopener\" href=\"https:\/\/www.infobae.com\/politica\/2024\/02\/13\/no-hubo-todavia-convocatoria-a-la-paritaria-docente-y-y-peligra-el-comienzo-de-las-clases-en-todo-el-pais\/\" target=\"_blank\">no convocar a la paritaria nacional que fija un piso salarial<\/a>&nbsp;para los docentes argentinos, todos los ministros de Educaci\u00f3n del pa\u00eds acordaron hacer de la alfabetizaci\u00f3n una prioridad.<\/p>\n\n\n\n<p>Durante la \u00faltima asamblea del CFE se present\u00f3 un documento con los lineamientos del&nbsp;<strong>Plan Nacional de Alfabetizaci\u00f3n<\/strong>, consensuados por los titulares de todas las carteras educativas. Seg\u00fan pudo saber&nbsp;<strong>Infobae<\/strong>, en los pr\u00f3ximos d\u00edas se publicar\u00e1 una resoluci\u00f3n del CFE en la que las 24 jurisdicciones se comprometen a presentar un plan que incluya&nbsp;<strong>indicadores de progreso<\/strong>, es decir, que explicite c\u00f3mo se van a medir los avances de los estudiantes.<\/p>\n\n\n\n<p>En una primera etapa, el foco estar\u00e1 en los&nbsp;<strong>chicos de 0 a 8 a\u00f1os<\/strong>: desde la primera infancia hasta el primer ciclo de primaria, dado que los dise\u00f1os curriculares actuales en Argentina prev\u00e9n que los chicos est\u00e9n alfabetizados en tercer grado. La premisa es que la&nbsp;<strong>alfabetizaci\u00f3n inicial<\/strong>&nbsp;sienta las bases para todos los aprendizajes posteriores.<\/p>\n\n\n\n<p>En una segunda fase se pondr\u00e1 el foco en<strong>\u00a0acciones \u201cremediales\u201d<\/strong>\u00a0para los estudiantes que no lograron el objetivo a tiempo: los del segundo ciclo de primaria, la escuela secundaria y el nivel universitario \u2013de hecho, desde el CFE vienen pensando este tema en articulaci\u00f3n con las\u00a0<strong>universidades<\/strong>, que se encuentran con estos problemas en sus cursos de ingreso\u2013.<\/p>\n\n\n\n<p><a rel=\"noreferrer noopener\" href=\"https:\/\/www.infobae.com\/educacion\/2023\/12\/30\/el-gobierno-analiza-lanzar-un-plan-de-alfabetizacion-que-alcance-a-toda-la-poblacion\/\" target=\"_blank\">Tal como hab\u00edan anticipado desde la Secretar\u00eda de Educaci\u00f3n<\/a>, habr\u00e1&nbsp;<strong>libertad de m\u00e9todos<\/strong>: la idea es que cada provincia trabaje con el que prefiera. Sobre este punto existe, desde hace d\u00e9cadas, una \u201cquerella\u201d entre los m\u00e9todos m\u00e1s&nbsp;<strong>sistem\u00e1ticos<\/strong>, basados en la conciencia fonol\u00f3gica, y los m\u00e9todos m\u00e1s&nbsp;<strong>globales<\/strong>&nbsp;o constructivistas. Desde el CFE descartaron la posibilidad de implementar un mismo m\u00e9todo en todas las escuelas del pa\u00eds, como proponen algunos expertos.<\/p>\n\n\n\n<p>Seg\u00fan pudo saber Infobae, el compromiso de las 24 jurisdicciones es que el plan de alfabetizaci\u00f3n sea&nbsp;<strong>transversal<\/strong>: que involucre a las familias y a la sociedad en general, articulando con otros actores por fuera de la escuela (en esta l\u00ednea, el secretario&nbsp;<strong>Carlos Torrendell<\/strong>&nbsp;suele aludir al rol de la \u201c<strong>sociedad educadora<\/strong>\u201d). Adem\u00e1s, debe prever el dise\u00f1o de m\u00f3dulos de formaci\u00f3n docente espec\u00edficos sobre alfabetizaci\u00f3n.<\/p>\n\n\n\n<p>\u201cQueremos hacer de la alfabetizaci\u00f3n algo transversal. Sabemos que tiene distintos momentos o etapas: la alfabetizaci\u00f3n familiar, la temprana, la inicial, la avanzada, la acad\u00e9mica&#8230; El desaf\u00edo es articularlas todas para que la alfabetizaci\u00f3n sea un eje compartido por todos estos espacios. Esto debe implicar&nbsp;<strong>un compromiso de toda la sociedad<\/strong>\u201d, dijo Torrendell.<\/p>\n\n\n\n<p><img decoding=\"async\" loading=\"lazy\" alt=\"Durante la \u00faltima asamblea del Consejo Federal de Educaci\u00f3n, los ministros acordaron los lineamientos para el Plan Nacional de Alfabetizaci\u00f3n.\" height=\"725\" width=\"1600\" src=\"https:\/\/www.infobae.com\/new-resizer\/a4Fc151oR-a3x26zK2pEjh101Cg=\/420x187\/filters:format(webp):quality(85)\/cloudfront-us-east-1.images.arcpublishing.com\/infobae\/NW5TKGKE3JF5DMX2FXGC3L3QKE.jpeg%20420w\" srcset=\"https:\/\/www.infobae.com\/new-resizer\/a4Fc151oR-a3x26zK2pEjh101Cg=\/420x187\/filters:format(webp):quality(85)\/cloudfront-us-east-1.images.arcpublishing.com\/infobae\/NW5TKGKE3JF5DMX2FXGC3L3QKE.jpeg 420w,https:\/\/www.infobae.com\/new-resizer\/yt-ZteHQhKKAn7IEyFSrmeOBOXc=\/768x341\/filters:format(webp):quality(85)\/cloudfront-us-east-1.images.arcpublishing.com\/infobae\/NW5TKGKE3JF5DMX2FXGC3L3QKE.jpeg 768w,https:\/\/www.infobae.com\/new-resizer\/DiQdbKgqTrTT99uNSKVUaLUxWnw=\/1200x533\/filters:format(webp):quality(85)\/cloudfront-us-east-1.images.arcpublishing.com\/infobae\/NW5TKGKE3JF5DMX2FXGC3L3QKE.jpeg 1200w\">Durante la \u00faltima asamblea del Consejo Federal de Educaci\u00f3n, los ministros acordaron los lineamientos para el Plan Nacional de Alfabetizaci\u00f3n.<\/p>\n\n\n\n<p>Los&nbsp;<strong>objetivos centrales&nbsp;<\/strong>del Plan Nacional de Alfabetizaci\u00f3n son \u201cgarantizar el desarrollo de los niveles de lectura y escritura apropiados para los estudiantes de tercer grado, garantizar oportunidades equitativas de alfabetizaci\u00f3n como motor para la aceleraci\u00f3n de aprendizajes en los estudiantes de cuarto grado, y desarrollar dispositivos de seguimiento y evaluaci\u00f3n que permitan mejorar la calidad y equidad de la educaci\u00f3n\u201d, inform\u00f3 la Secretar\u00eda de Educaci\u00f3n en un comunicado.<\/p>\n\n\n\n<h2>Una prioridad \u201ctransversal\u201d, m\u00e1s all\u00e1 de la escuela<\/h2>\n\n\n\n<p>El plan propone \u201c<strong>una mirada federal, progresiva, integral e intercultural<\/strong>\u201d y prev\u00e9 \u201cla participaci\u00f3n, el compromiso y el&nbsp;<strong>consenso<\/strong>&nbsp;por parte de los diversos sectores que componen la sociedad\u201d: el Estado, el sector privado, las organizaciones de la sociedad civil, los movimientos sociales y los ciudadanos en general.<\/p>\n\n\n\n<p>Durante la asamblea del Consejo Federal, que dur\u00f3 dos d\u00edas, presentaron sus experiencias las provincias de&nbsp;<strong>La Pampa, Entre R\u00edos, Mendoza<\/strong>&nbsp;y<strong>&nbsp;Salta<\/strong>. Tambi\u00e9n hubo mesas de trabajo jurisdiccionales, organizadas por regiones, donde las provincias compartieron lo que est\u00e1n haciendo en materia de alfabetizaci\u00f3n. Por otro lado, distintas&nbsp;<strong>organizaciones de la sociedad civil&nbsp;<\/strong>tambi\u00e9n contaron sobre sus programas y resultados.<\/p>\n\n\n\n<p><strong>Jos\u00e9 Thomas<\/strong>, secretario del Consejo Federal y exdirector general de Escuelas de Mendoza, subray\u00f3 la importancia de&nbsp;<strong>hacer p\u00fablico el diagn\u00f3stico<\/strong>&nbsp;de partida: \u201cSi queremos que la sociedad nos acompa\u00f1e y se haga cargo de los problemas, los tiene que conocer con datos reales, sin estigmatizar y sin rankear\u201d. Thomas tambi\u00e9n plante\u00f3 la necesidad de&nbsp;<strong>alinear&nbsp;<\/strong>con este objetivo las pol\u00edticas de formaci\u00f3n docente, entrega de libros y distribuci\u00f3n de materiales para estudiantes y docentes.<\/p>\n\n\n\n<p>Adem\u00e1s, los ministros escucharon a un panel de&nbsp;<strong>especialistas<\/strong>&nbsp;y referentes de&nbsp;<strong>organismos internacionales&nbsp;<\/strong>que incluy\u00f3 a Axel Rivas, director de la Escuela de Educaci\u00f3n de la Universidad de San Andr\u00e9s; Rossieli Soares Da Silva, secretario de Educaci\u00f3n del estado de Par\u00e1 (Brasil); Jaime Saavedra, director de Desarrollo Humano para Am\u00e9rica Latina y el Caribe del Banco Mundial; Ximena Due\u00f1as, representante del Banco Interamericano de Desarrollo (BID); Pablo Bartol, gerente de Desarrollo Social y Humano de CAF (Banco de Desarrollo de Am\u00e9rica Latina y el Caribe); Luis Scasso, director regional en Argentina de OEI; y Luisa Brumana, la representante de UNICEF en Argentina.<\/p>\n\n\n\n<p>La situaci\u00f3n de la alfabetizaci\u00f3n fue uno de los temas centrales de la agenda educativa durante la campa\u00f1a electoral del a\u00f1o pasado, a partir de los resultados cr\u00edticos de los estudiantes en las pruebas internacionales, pero tambi\u00e9n en las evaluaciones nacionales y jurisdiccionales. Desde Argentinos por la Educaci\u00f3n y otras organizaciones impulsaron una&nbsp;<strong>Campa\u00f1a Nacional por la Alfabetizaci\u00f3n<\/strong>&nbsp;que incluy\u00f3 el compromiso del actual presidente Javier Milei de priorizar este tema durante su gesti\u00f3n de gobierno.<\/p>\n\n\n\n<p><img decoding=\"async\" loading=\"lazy\" alt=\"Durante la campa\u00f1a electoral, el presidente Javier Milei se hab\u00eda comprometido a priorizar la alfabetizaci\u00f3n durante su gesti\u00f3n de gobierno. \" height=\"2641\" width=\"3962\" src=\"https:\/\/www.infobae.com\/new-resizer\/NVl67K_3IWydn49hr_wgp0K7GiQ=\/420x280\/filters:format(webp):quality(85)\/cloudfront-us-east-1.images.arcpublishing.com\/infobae\/DPHKPNTTRJFVNN5ATUDT24YSII.jpg%20420w\" srcset=\"https:\/\/www.infobae.com\/new-resizer\/NVl67K_3IWydn49hr_wgp0K7GiQ=\/420x280\/filters:format(webp):quality(85)\/cloudfront-us-east-1.images.arcpublishing.com\/infobae\/DPHKPNTTRJFVNN5ATUDT24YSII.jpg 420w,https:\/\/www.infobae.com\/new-resizer\/ps3-6pUcIGBb1-jBOYxSzJZhlVI=\/768x512\/filters:format(webp):quality(85)\/cloudfront-us-east-1.images.arcpublishing.com\/infobae\/DPHKPNTTRJFVNN5ATUDT24YSII.jpg 768w,https:\/\/www.infobae.com\/new-resizer\/fbBNA4Ve7BwN71LwQWx-G4gbnBk=\/1200x800\/filters:format(webp):quality(85)\/cloudfront-us-east-1.images.arcpublishing.com\/infobae\/DPHKPNTTRJFVNN5ATUDT24YSII.jpg 1200w,https:\/\/www.infobae.com\/new-resizer\/gESJ4busB1Ebi6d7KHYqtiN2aXg=\/1440x960\/filters:format(webp):quality(85)\/cloudfront-us-east-1.images.arcpublishing.com\/infobae\/DPHKPNTTRJFVNN5ATUDT24YSII.jpg 1440w\">Durante la campa\u00f1a electoral, el presidente Javier Milei se hab\u00eda comprometido a priorizar la alfabetizaci\u00f3n durante su gesti\u00f3n de gobierno.<\/p>\n\n\n\n<p>Tambi\u00e9n adhirieron a ese compromiso los&nbsp;<strong>gobernadores de diez provincias<\/strong>: hace unos d\u00edas firm\u00f3 Rogelio Frigerio, gobernador de Entre R\u00edos, que se sum\u00f3 a los compromisos asumidos por Maximiliano Pullaro (Santa Fe), Mart\u00edn Llaryora (C\u00f3rdoba), Marcelo Orrego (San Juan), Leandro Zdero (Chaco), Hugo Passalacqua (Misiones), Claudio Poggi (San Luis), Gustavo Mellella (Tierra del Fuego), Ignacio Torres (Chubut) y Alberto Weretilneck (R\u00edo Negro)<\/p>\n\n\n\n<p>Desde la Secretar\u00eda de Educaci\u00f3n hab\u00edan dejado trascender que la alfabetizaci\u00f3n ser\u00eda una de las prioridades de la pol\u00edtica educativa nacional. La otra, seg\u00fan anticiparon desde la Secretar\u00eda, ser\u00e1 el&nbsp;<strong>uso de la informaci\u00f3n y la evaluaci\u00f3n<\/strong>&nbsp;al servicio de la mejora educativa. Esa tarea recaer\u00e1 especialmente sobre el equipo de&nbsp;<strong>Mar\u00eda Cortelezzi<\/strong>, subsecretaria de Informaci\u00f3n y Evaluaci\u00f3n Educativa.<\/p>\n\n\n\n<p>La especialista lleg\u00f3 al Palacio Sarmiento luego de trabajar como consultora en evaluaci\u00f3n de programas en el \u00e1rea de Educaci\u00f3n de&nbsp;<strong>Unicef Argentina<\/strong>; antes fue directora ejecutiva de&nbsp;<strong>Educar 2050<\/strong>&nbsp;y directora de evaluaci\u00f3n de&nbsp;<strong>Fundaci\u00f3n Cimientos<\/strong>. Tambi\u00e9n tuvo un paso por la funci\u00f3n p\u00fablica durante la gesti\u00f3n de Alejandro Finocchiaro, como directora nacional de Evaluaci\u00f3n de la Calidad y Equidad Educativa del Ministerio de Educaci\u00f3n de la Naci\u00f3n.<\/p>\n\n\n\n<p>El nombramiento oficial de Cortelezzi se conoci\u00f3 a principios de febrero, junto con las designaciones de\u00a0<strong>Alejandro Ciro \u00c1lvarez<\/strong>\u00a0al frente de la Subsecretar\u00eda de Pol\u00edticas Universitarias,\u00a0<strong>Ludovico Grillo<\/strong>\u00a0como director ejecutivo del Instituto Nacional de Educaci\u00f3n Tecnol\u00f3gica (INET) y\u00a0<strong>Mar\u00eda In\u00e9s Brogin Alba<\/strong>\u00a0como subsecretaria de Gesti\u00f3n Administrativa. La subsecretar\u00eda de Pol\u00edticas e Innovaci\u00f3n Educativa qued\u00f3 a cargo de\u00a0<strong>Mar\u00eda In\u00e9s Pla Alba<\/strong>, que viene de coordinar carreras de Educaci\u00f3n en la Universidad de la Ciudad de Buenos Aires y la Universidad Austral.<\/p>\n\n\n\n<p>FUENTE: INFOBAE<\/p>\n","protected":false},"excerpt":{"rendered":"<div class=\"mh-excerpt\"><p>Las 24 jurisdicciones del pa\u00eds est\u00e1n trabajando en un&nbsp;plan de alfabetizaci\u00f3n&nbsp;que deben presentar dentro de dos meses, cuando vuelva a reunirse el&nbsp;Consejo Federal de Educaci\u00f3n&nbsp;(CFE), el organismo que congrega a todos los ministros de Educaci\u00f3n del pa\u00eds. Pese al conflicto abierto por la decisi\u00f3n del Gobierno nacional de&nbsp;suspender los aportes nacionales al salario docente&nbsp;y de&nbsp;no convocar a la paritaria nacional que fija un piso salarial&nbsp;para los docentes argentinos, todos los ministros de Educaci\u00f3n del pa\u00eds acordaron hacer de la alfabetizaci\u00f3n una prioridad. Durante la \u00faltima asamblea del CFE se present\u00f3 un documento con los lineamientos del&nbsp;Plan Nacional de Alfabetizaci\u00f3n, consensuados <a class=\"mh-excerpt-more\" href=\"http:\/\/dsrmedios.com.ar\/diario\/archivos\/43004\" title=\"Avanza el dise\u00f1o de un Plan Nacional de Alfabetizaci\u00f3n con acuerdo de las provincias\">[Leer m\u00e1s]<\/a><\/p>\n<\/div>","protected":false},"author":8,"featured_media":43007,"comment_status":"open","ping_status":"closed","sticky":false,"template":"","format":"standard","meta":{"_jetpack_newsletter_access":""},"categories":[6],"tags":[],"jetpack_featured_media_url":"http:\/\/dsrmedios.com.ar\/diario\/wp-content\/uploads\/2024\/02\/descarga-39.jpeg","jetpack_sharing_enabled":true,"jetpack_shortlink":"https:\/\/wp.me\/p9fihK-bbC","_links":{"self":[{"href":"http:\/\/dsrmedios.com.ar\/diario\/wp-json\/wp\/v2\/posts\/43004"}],"collection":[{"href":"http:\/\/dsrmedios.com.ar\/diario\/wp-json\/wp\/v2\/posts"}],"about":[{"href":"http:\/\/dsrmedios.com.ar\/diario\/wp-json\/wp\/v2\/types\/post"}],"author":[{"embeddable":true,"href":"http:\/\/dsrmedios.com.ar\/diario\/wp-json\/wp\/v2\/users\/8"}],"replies":[{"embeddable":true,"href":"http:\/\/dsrmedios.com.ar\/diario\/wp-json\/wp\/v2\/comments?post=43004"}],"version-history":[{"count":1,"href":"http:\/\/dsrmedios.com.ar\/diario\/wp-json\/wp\/v2\/posts\/43004\/revisions"}],"predecessor-version":[{"id":43008,"href":"http:\/\/dsrmedios.com.ar\/diario\/wp-json\/wp\/v2\/posts\/43004\/revisions\/43008"}],"wp:featuredmedia":[{"embeddable":true,"href":"http:\/\/dsrmedios.com.ar\/diario\/wp-json\/wp\/v2\/media\/43007"}],"wp:attachment":[{"href":"http:\/\/dsrmedios.com.ar\/diario\/wp-json\/wp\/v2\/media?parent=43004"}],"wp:term":[{"taxonomy":"category","embeddable":true,"href":"http:\/\/dsrmedios.com.ar\/diario\/wp-json\/wp\/v2\/categories?post=43004"},{"taxonomy":"post_tag","embeddable":true,"href":"http:\/\/dsrmedios.com.ar\/diario\/wp-json\/wp\/v2\/tags?post=43004"}],"curies":[{"name":"wp","href":"https:\/\/api.w.org\/{rel}","templated":true}]}}