{"id":42994,"date":"2024-02-15T11:31:53","date_gmt":"2024-02-15T14:31:53","guid":{"rendered":"http:\/\/dsrmedios.com.ar\/diario\/?p=42994"},"modified":"2024-02-15T11:31:54","modified_gmt":"2024-02-15T14:31:54","slug":"el-gobierno-define-la-suba-del-salario-minimo-mientras-los-gremios-reclaman-por-la-caida-del-poder-adquisitivo","status":"publish","type":"post","link":"http:\/\/dsrmedios.com.ar\/diario\/archivos\/42994","title":{"rendered":"El Gobierno define la suba del salario m\u00ednimo mientras los gremios reclaman por la ca\u00edda del poder adquisitivo"},"content":{"rendered":"\n<p><strong>El Gobierno re\u00fane<\/strong>&nbsp;este jueves al&nbsp;<a href=\"https:\/\/tn.com.ar\/economia\/2024\/02\/07\/el-gobierno-convoco-al-consejo-del-salario-minimo-para-definir-un-nuevo-aumento\/\" target=\"_blank\" rel=\"noreferrer noopener\">Consejo del Salario M\u00ednimo, Vital y M\u00f3vil<\/a>&nbsp;para definir un&nbsp;<strong>nuevo aumento<\/strong>&nbsp;en el sueldo b\u00e1sico de empleados formales para el primer trimestre del a\u00f1o. La reuni\u00f3n ser\u00e1 en la sede de la Secretar\u00eda de Trabajo. La \u00faltima vez que se actualiz\u00f3 el haber m\u00ednimo fue en&nbsp;<strong>diciembre de 2023<\/strong>, cuando se estableci\u00f3 en&nbsp;<strong>$156.000.<\/strong><\/p>\n\n\n\n<p>Se trata de la primera convocatoria de la gesti\u00f3n de&nbsp;<strong>Javier Milei<\/strong>, que hab\u00eda sido postergada en dos oportunidades. En la mesa de negociaci\u00f3n, se revisar\u00e1n los montos vigentes desde diciembre de 2023 y se tratar\u00e1 los valores m\u00ednimos y m\u00e1ximos de la prestaci\u00f3n por desempleo. Entre diciembre de 2022 y 2023, esa variable&nbsp;<strong>aument\u00f3 solo 151,8% y perdi\u00f3 contra la inflaci\u00f3n<\/strong>, que en el mismo per\u00edodo fue de 211,4%.<\/p>\n\n\n\n<p><\/p>\n\n\n\n<p>Desde que asumi\u00f3 la nueva administraci\u00f3n, se esperaba por la convocatoria al&nbsp;<strong>Consejo del Salario<\/strong>, una instancia en la que dialogan representantes de los trabajadores, empleadores, el Estado nacional y los gobiernos provinciales para determinar el monto de ese piso salarial.<\/p>\n\n\n\n<p>El secretario de Trabajo, Omar Yas\u00edn, hab\u00eda anticipado que el salario m\u00ednimo, vital y m\u00f3vil tendr\u00eda un ajuste importante. Aunque el Gobierno hab\u00eda dicho que&nbsp;<a href=\"https:\/\/tn.com.ar\/economia\/2024\/01\/09\/aumento-del-salario-minimo-2024-cuando-se-reune-el-gobierno-con-los-gremios-y-empresas\/\"><strong>llamar\u00eda a las partes a fin de enero<\/strong><\/a>, reci\u00e9n la semana pasada public\u00f3 la convocatoria.<\/p>\n\n\n\n<p>Tras esa convocatoria, la\u00a0<a rel=\"noreferrer noopener\" href=\"https:\/\/tn.com.ar\/economia\/2024\/02\/07\/tras-la-convocatoria-del-consejo-del-salario-la-cgt-presiona-para-que-el-haber-minimo-suba-al-menos-85\/\" target=\"_blank\"><strong>Confederaci\u00f3n General del Trabajo\u00a0<\/strong><\/a><strong>(CGT) plante\u00f3 que la recomposici\u00f3n del ingreso m\u00ednimo deber\u00e1 ser de al menos un 85%\u00a0<\/strong>para recuperar \u201calgo\u201d del poder adquisitivo perdido desde diciembre.<\/p>\n\n\n\n<p>En diciembre, el INDEC inform\u00f3 que los salarios de la econom\u00eda crecieron 8,9% mensual. Sin embargo, la consultora&nbsp;<em>Ecolatina&nbsp;<\/em>se\u00f1al\u00f3 que \u201cm\u00e1s all\u00e1 de la&nbsp;<em>performance<\/em>&nbsp;de los salarios del sector formal (9%) e informal (7,6%),&nbsp;<strong>los aumentos salariales no tuvieron comparaci\u00f3n con la inflaci\u00f3n de diciembre<\/strong>, que ascendi\u00f3 al 25,5%\u201d. De esta manera, se registr\u00f3 \u201cuna&nbsp;<strong>ca\u00edda de magnitud hist\u00f3rica\u201d&nbsp;<\/strong>que, en t\u00e9rminos reales, represent\u00f3 una&nbsp;<strong>p\u00e9rdida mensual de 13,2%&nbsp;<\/strong>en promedio.<\/p>\n\n\n\n<p>\u201cTomando como base el dato de los salarios privados de trabajadores estables (RIPTE), cuya serie disponible es m\u00e1s extensa,&nbsp;<strong>la contracci\u00f3n mensual fue la m\u00e1s importante de la serie que se inicia en 1994<\/strong>, dando cuenta de un salario real que volvi\u00f3 a niveles de septiembre 2003\u2033, explicaron los analistas de esa consultora.<\/p>\n\n\n\n<figure class=\"wp-block-image\"><img decoding=\"async\" src=\"https:\/\/tn.com.ar\/resizer\/Z9zBD8jIkVyhNs5f2-GluIhmVhc=\/767x0\/smart\/filters:format(webp)\/cloudfront-us-east-1.images.arcpublishing.com\/artear\/KZPLFDIAEGNXSQ355LQGY3545A.jpg\" alt=\"El Gobierno definir\u00e1 c\u00f3mo extender el programa ATP para los salarios de junio y aguinaldos. (Foto: Noticias Argentinas)\"\/><figcaption class=\"wp-element-caption\">El Gobierno definir\u00e1 c\u00f3mo extender el programa ATP para los salarios de junio y aguinaldos. (Foto: Noticias Argentinas)<\/figcaption><\/figure>\n\n\n\n<p>En ese contexto, de acuerdo al Observatorio de la CTA, si se quiere recuperar el poder adquisitivo del salario m\u00ednimo de hace un a\u00f1o (enero 2023) el monto a fijar \u201cdeber\u00eda ser de<strong>&nbsp;$234.051<\/strong>&nbsp;considerando el IPC general\u201d. Esto es, una suba del 50% en relaci\u00f3n con los valores de diciembre.<\/p>\n\n\n\n<p>Asimismo, el informe plantea que si se tiene en cuenta la estimaci\u00f3n del IPC que public\u00f3 el Banco Central en el \u00faltimo\u00a0<a rel=\"noreferrer noopener\" href=\"https:\/\/tn.com.ar\/economia\/2024\/02\/06\/los-analistas-que-releva-el-bcra-esperan-que-la-inflacion-de-enero-sea-del-219-y-que-llegue-a-227-en-2024\/\" target=\"_blank\">Relevamiento de Expectativas de Mercado (REM)<\/a>\u00a0para\u00a0<strong>febrero y marzo<\/strong>, 18% y 16,2% respectivamente, el monto del salario m\u00ednimo actualizado deber\u00eda ser de\u00a0<strong>$276.147\u00a0<\/strong>en el segundo mes del a\u00f1o y de\u00a0<strong>$320.902<\/strong>\u00a0en el tercero.<\/p>\n\n\n\n<p>El relevamiento explica que la actualizaci\u00f3n debe contemplar no solo la aceleraci\u00f3n de precios de los alimentos, sino de otros productos esenciales como los medicamentos, alquileres, naftas y las tarifas del transporte: \u201cLa p\u00e9rdida real del salario m\u00ednimo es reflejo de un panorama de retraso salarial cr\u00f3nico que debe atenderse a los efectos de recomponer el poder adquisitivo perdido y, en un mismo nivel de importancia, instalar la discusi\u00f3n de un&nbsp;<strong>piso salarial que garantice el acceso a los bienes y servicios necesarios&nbsp;<\/strong>para el conjunto de la fuerza laboral, valor monetario que debe adecuarse al de una canasta objetiva que asegure las condiciones materiales de vida de las y los trabajadores\u201d.<\/p>\n\n\n\n<h2>Salario m\u00ednimo en la Argentina: de cu\u00e1nto es en febrero<\/h2>\n\n\n\n<p>Desde diciembre de 2023, el valor del salario m\u00ednimo vital y m\u00f3vil para los trabajadores mensualizados es de&nbsp;<strong>$156.000<\/strong>, mientras que los jornalizados deber\u00edan cobrar al menos&nbsp;<strong>$780<\/strong>&nbsp;por hora. Ese salario mensual representa unos&nbsp;<strong>US$188<\/strong>&nbsp;medidos a la cotizaci\u00f3n oficial o&nbsp;<strong>US$137<\/strong>&nbsp;al valor del d\u00f3lar blue.<\/p>\n\n\n\n<p>Cuando&nbsp;<strong>se actualiza<\/strong>,<strong>&nbsp;el SMVyM<\/strong>&nbsp;<strong>impacta&nbsp;<\/strong>en el haber de los beneficiarios del plan&nbsp;<strong>Potenciar Trabajo<\/strong>,que paga directo al beneficiario la mitad del salario m\u00ednimo por una contraprestaci\u00f3n laboral de cuatro horas diarias. Aunque el Gobierno ya dej\u00f3 entrever que busca desacoplar esa instancia. As\u00ed, hoy los titulares del plan que abona la ANSES cobran&nbsp;<strong>$78.000<\/strong>.<\/p>\n\n\n\n<p>Adem\u00e1s, el\u00a0<strong>salario m\u00ednimo<\/strong>\u00a0sirve de par\u00e1metro para los informales.<\/p>\n\n\n\n<p>En tanto, el salario m\u00ednimo repercute en el&nbsp;<strong>sueldo inicial docente<\/strong>&nbsp;(que por ley debe estar por lo menos un 20% por arriba del salario m\u00ednimo) y las jubilaciones, ya que su evoluci\u00f3n determina el valor diferencial de la jubilaci\u00f3n b\u00e1sica con el 82% m\u00f3vil de aquellos con m\u00e1s de 30 a\u00f1os de aportes.<\/p>\n\n\n\n<p>Por su parte, la actualizaci\u00f3n tambi\u00e9n influye\u00a0<strong>en la exclusi\u00f3n del impuesto a las Ganancias\u00a0<\/strong>para los trabajadores que ganan menos de 15 salarios m\u00ednimos, que hoy se ubica en $2.340.000.<\/p>\n\n\n\n<p>Fuente: TN<\/p>\n","protected":false},"excerpt":{"rendered":"<div class=\"mh-excerpt\"><p>El Gobierno re\u00fane&nbsp;este jueves al&nbsp;Consejo del Salario M\u00ednimo, Vital y M\u00f3vil&nbsp;para definir un&nbsp;nuevo aumento&nbsp;en el sueldo b\u00e1sico de empleados formales para el primer trimestre del a\u00f1o. La reuni\u00f3n ser\u00e1 en la sede de la Secretar\u00eda de Trabajo. La \u00faltima vez que se actualiz\u00f3 el haber m\u00ednimo fue en&nbsp;diciembre de 2023, cuando se estableci\u00f3 en&nbsp;$156.000. Se trata de la primera convocatoria de la gesti\u00f3n de&nbsp;Javier Milei, que hab\u00eda sido postergada en dos oportunidades. En la mesa de negociaci\u00f3n, se revisar\u00e1n los montos vigentes desde diciembre de 2023 y se tratar\u00e1 los valores m\u00ednimos y m\u00e1ximos de la prestaci\u00f3n por desempleo. Entre <a class=\"mh-excerpt-more\" href=\"http:\/\/dsrmedios.com.ar\/diario\/archivos\/42994\" title=\"El Gobierno define la suba del salario m\u00ednimo mientras los gremios reclaman por la ca\u00edda del poder adquisitivo\">[Leer m\u00e1s]<\/a><\/p>\n<\/div>","protected":false},"author":8,"featured_media":42995,"comment_status":"open","ping_status":"closed","sticky":false,"template":"","format":"standard","meta":{"_jetpack_newsletter_access":""},"categories":[6],"tags":[],"jetpack_featured_media_url":"http:\/\/dsrmedios.com.ar\/diario\/wp-content\/uploads\/2024\/02\/images-24.jpeg","jetpack_sharing_enabled":true,"jetpack_shortlink":"https:\/\/wp.me\/p9fihK-bbs","_links":{"self":[{"href":"http:\/\/dsrmedios.com.ar\/diario\/wp-json\/wp\/v2\/posts\/42994"}],"collection":[{"href":"http:\/\/dsrmedios.com.ar\/diario\/wp-json\/wp\/v2\/posts"}],"about":[{"href":"http:\/\/dsrmedios.com.ar\/diario\/wp-json\/wp\/v2\/types\/post"}],"author":[{"embeddable":true,"href":"http:\/\/dsrmedios.com.ar\/diario\/wp-json\/wp\/v2\/users\/8"}],"replies":[{"embeddable":true,"href":"http:\/\/dsrmedios.com.ar\/diario\/wp-json\/wp\/v2\/comments?post=42994"}],"version-history":[{"count":1,"href":"http:\/\/dsrmedios.com.ar\/diario\/wp-json\/wp\/v2\/posts\/42994\/revisions"}],"predecessor-version":[{"id":42996,"href":"http:\/\/dsrmedios.com.ar\/diario\/wp-json\/wp\/v2\/posts\/42994\/revisions\/42996"}],"wp:featuredmedia":[{"embeddable":true,"href":"http:\/\/dsrmedios.com.ar\/diario\/wp-json\/wp\/v2\/media\/42995"}],"wp:attachment":[{"href":"http:\/\/dsrmedios.com.ar\/diario\/wp-json\/wp\/v2\/media?parent=42994"}],"wp:term":[{"taxonomy":"category","embeddable":true,"href":"http:\/\/dsrmedios.com.ar\/diario\/wp-json\/wp\/v2\/categories?post=42994"},{"taxonomy":"post_tag","embeddable":true,"href":"http:\/\/dsrmedios.com.ar\/diario\/wp-json\/wp\/v2\/tags?post=42994"}],"curies":[{"name":"wp","href":"https:\/\/api.w.org\/{rel}","templated":true}]}}