{"id":42960,"date":"2024-02-14T10:05:35","date_gmt":"2024-02-14T13:05:35","guid":{"rendered":"http:\/\/dsrmedios.com.ar\/diario\/?p=42960"},"modified":"2024-02-14T10:05:38","modified_gmt":"2024-02-14T13:05:38","slug":"el-deterioro-del-poder-de-compra-de-los-jubilados-los-haberes-son-los-mas-bajos-desde-2001","status":"publish","type":"post","link":"http:\/\/dsrmedios.com.ar\/diario\/archivos\/42960","title":{"rendered":"El deterioro del poder de compra de los jubilados: los haberes son los m\u00e1s bajos desde 2001"},"content":{"rendered":"\n<p>El&nbsp;<a href=\"https:\/\/tn.com.ar\/economia\/2024\/02\/03\/impuestos-transferencias-y-subsidios-los-puntos-clave-del-plan-de-ajuste-que-el-gobierno-le-presento-al-fmi\/\" target=\"_blank\" rel=\"noreferrer noopener\"><strong>fuerte ajuste<\/strong><\/a>&nbsp;en el gasto que viene aplicando&nbsp;<a href=\"https:\/\/tn.com.ar\/politica\/2024\/02\/12\/javier-milei-vuelve-de-una-gira-cargada-de-gestos-politicos-y-encara-la-nueva-etapa-de-su-plan-de-ajuste\/\" target=\"_blank\" rel=\"noreferrer noopener\"><strong>Javier Milei<\/strong><\/a>&nbsp;desde su asunci\u00f3n llev\u00f3 al Estado nacional a alcanzar el&nbsp;<strong>super\u00e1vit fiscal<\/strong>&nbsp;en enero. La contrapartida es un deterioro brutal en el&nbsp;<a href=\"https:\/\/tn.com.ar\/economia\/2024\/02\/07\/anses-cuando-cobran-los-jubilados-y-pensionados-en-febrero-de-2024-segun-el-dni\/\" target=\"_blank\" rel=\"noreferrer noopener\"><strong>poder de compra de los jubilados<\/strong><\/a><strong>.&nbsp;<\/strong>En ese marco, seg\u00fan un informe del Instituto para el Desarrollo Social Argentino (IDESA), la principal causa de este logro es la&nbsp;<strong>ca\u00edda del gasto social<\/strong>, lo que deja a las&nbsp;<a href=\"https:\/\/tn.com.ar\/economia\/2024\/02\/10\/cuando-cobro-el-bono-para-jubilados-de-anses-en-febrero-2024-fechas-de-pago\/\" target=\"_blank\" rel=\"noreferrer noopener\"><strong>jubilaciones&nbsp;<\/strong><\/a>en su&nbsp;<strong>m\u00ednimo hist\u00f3rico<\/strong>.<\/p>\n\n\n\n<p>\u201cEl valor de la jubilaci\u00f3n m\u00ednima va a ser\u00a0<strong>menor al de 2002<\/strong>. El super\u00e1vit se produce por el\u00a0<strong>ajuste de las jubilaciones<\/strong>. Es necesario migrar hacia fuentes m\u00e1s genuinas de sost\u00e9n del equilibrio fiscal\u201d, se\u00f1al\u00f3 en declaraciones radiales el economista\u00a0<strong>Jorge Colina<\/strong>, presidente de IDESA.<\/p>\n\n\n\n<p>En el trabajo, se plantea que \u201cuna combinaci\u00f3n de factores demostr\u00f3 que la&nbsp;<strong>Ley \u00d3mnibus<\/strong>&nbsp;es una iniciativa&nbsp;<strong>inviable<\/strong>\u201d. \u201cTampoco hay avances significativos en la instrumentaci\u00f3n del&nbsp;<strong>DNU, ya que<\/strong>&nbsp;su aplicaci\u00f3n est\u00e1 muy condicionada por la&nbsp;<strong>incertidumbre jur\u00eddica<\/strong>&nbsp;y fallos judiciales adversos que limitan su impacto\u201d, suma.<\/p>\n\n\n\n<p>\u201cEn los dos meses que el Gobierno lleva en el poder, estos traspi\u00e9s exteriorizan las&nbsp;<strong>dificultades que enfrenta para transformar el Estado<\/strong>&nbsp;y, particularmente, equilibrar las cuentas p\u00fablicas. Sin perjuicio de ello, los funcionarios nacionales expresaron enf\u00e1ticamente que se mantienen en la&nbsp;<strong>meta del d\u00e9ficit cero<\/strong>\u201d, sigue IDESA.<\/p>\n\n\n\n<figure class=\"wp-block-image\"><img decoding=\"async\" src=\"https:\/\/tn.com.ar\/resizer\/MgHlontZK_vVuz-JJfIalTNJgEo=\/767x0\/smart\/filters:format(webp)\/cloudfront-us-east-1.images.arcpublishing.com\/artear\/4BP5BFBXVZCNNEEA2ZNZWNSGQY.jpg\" alt=\"Jubilaci\u00f3n m\u00ednima, promedio anual a precios de diciembre 2023. (Cr\u00e9dito: IDESA)\"\/><figcaption class=\"wp-element-caption\">Jubilaci\u00f3n m\u00ednima, promedio anual a precios de diciembre 2023. (Cr\u00e9dito: IDESA)<\/figcaption><\/figure>\n\n\n\n<p>En ese contexto, contin\u00faa el informe, resulta \u201cparticularmente sugerente el informe de la Oficina de Presupuesto del Congreso (<strong>OPC<\/strong>) que se\u00f1ala que la Administraci\u00f3n P\u00fablica Nacional logr\u00f3 en enero un&nbsp;<strong>super\u00e1vit financiero<\/strong>&nbsp;equivalente a&nbsp;<strong>0,2% del PBI<\/strong>\u201d.<\/p>\n\n\n\n<p>Esto es que&nbsp;<strong>los ingresos superaron a los gastos<\/strong>, incluyendo dentro de ellos los&nbsp;<strong>intereses de la deuda p\u00fablica<\/strong>. Este resultado, consistente con el planteo oficial, \u201cse logr\u00f3 gracias a una&nbsp;<strong>fuerte y generalizada reducci\u00f3n real del gasto p\u00fablico<\/strong>&nbsp;(salvo intereses)\u201d.<\/p>\n\n\n\n<h2>Jubilaciones y pensiones \u201clicuadas\u201d<\/h2>\n\n\n\n<p>En esa reducci\u00f3n,&nbsp;<strong>la ca\u00edda en el valor real del gasto en jubilaciones y pensiones<\/strong>&nbsp;es la m\u00e1s decisiva. Para evaluar en perspectiva esta reducci\u00f3n de la masa jubilatoria \u201csirve observar la tendencia del haber m\u00ednimo \u2013que es el que mejor refleja la movilidad de las jubilaciones\u2013 en lo que va del siglo\u201d. Sobre la base a las normas hist\u00f3ricas de movilidad se observa que:<\/p>\n\n\n\n<ul>\n<li>La&nbsp;<strong>jubilaci\u00f3n m\u00ednima en el 2002<\/strong>&nbsp;fue de<strong>&nbsp;$83.078<\/strong>&nbsp;a precios de diciembre 2023.<\/li>\n\n\n\n<li>Este mismo valor en el a\u00f1o&nbsp;<strong>2023&nbsp;<\/strong>fue de<strong>&nbsp;$127.858&nbsp;<\/strong>a precios de diciembre del 2023.<\/li>\n\n\n\n<li>En diciembre del 2023, la jubilaci\u00f3n m\u00ednima fue de<strong>&nbsp;$105.713.<\/strong><\/li>\n\n\n\n<li><\/li>\n<\/ul>\n\n\n\n<p>De acuerdo a IDESA, estos datos \u201cmuestran un&nbsp;<strong>persistente y profundo deterioro en el poder de compra<\/strong>&nbsp;de las jubilaciones\u201d.<\/p>\n\n\n\n<p>\u201cEl monto en diciembre del 2023 es&nbsp;<strong>inferior al promedio de todo el 2023<\/strong>&nbsp;y se ubica&nbsp;<strong>cerca del menor valor que tuvo en el siglo que fue el del 2002<\/strong>. Dado que las jubilaciones se ajustar\u00e1n reci\u00e9n en marzo del 2024, suponiendo que la inflaci\u00f3n en enero sea aproximadamente del 20%, el valor real de las jubilaciones en enero 2024 ser\u00e1 el equivalente a $88.094 a precios de diciembre 2023. En febrero seguramente se ubicar\u00e1 por debajo del valor real que ten\u00edan en el 2002.&nbsp;<strong>Es decir, en febrero, las jubilaciones tendr\u00e1n el menor valor real del siglo XXI<\/strong>\u201d, advierte IDESA.<\/p>\n\n\n\n<p>Sigue: \u201cLa estrategia de\u00a0<strong>equilibrar las cuentas p\u00fablicas en base a la licuaci\u00f3n de jubilaciones<\/strong>\u00a0es muy endeble. Por un lado, porque tiene un\u00a0<strong>impacto muy regresivo<\/strong>\u00a0y genera tensiones pol\u00edticas. Por otro, porque\u00a0<strong>aumenta las demandas judiciales contra la ANSES<\/strong>\u00a0debido a que la justicia previsional no tolera la licuaci\u00f3n de jubilaciones. No es la primera vez que el ajuste fiscal se sostiene licuando jubilaciones, pero nunca con este nivel de intensidad. La principal conclusi\u00f3n es que\u00a0<strong>el super\u00e1vit de enero es positivo, pero muy precario<\/strong>\u201d.<\/p>\n\n\n\n<p>Sobre el final del documento, IDESA se\u00f1ala que \u201cpara eliminar la inflaci\u00f3n y generar un contexto amigable para la inversi\u00f3n y la creaci\u00f3n de empleos de calidad es imprescindible equilibrar las cuentas p\u00fablicas\u201d. \u201cPor eso,&nbsp;<strong>priorizar la meta de d\u00e9ficit cero es pertinente<\/strong>. Pero tambi\u00e9n es esencial convencer que es factible sostener el equilibrio fiscal en el tiempo. Si los agentes econ\u00f3micos perciben que, por resistencias sociales, pol\u00edticas y\/o judiciales, el equilibrio fiscal no ser\u00e1 sostenido los beneficios se diluyen. Como lo demuestran experiencias pasadas,&nbsp;<strong>el ajuste por licuaci\u00f3n de jubilaciones lleva a dilapidar esfuerzos<\/strong>, tanto de la sociedad como del gobierno\u201d.<\/p>\n\n\n\n<p>\u201cPara migrar desde un equilibrio fiscal basado en la licuaci\u00f3n del gasto p\u00fablico a otro con bases m\u00e1s sostenibles hay que abordar un\u00a0<strong>ordenamiento integral del Estado<\/strong>. Por el lado de los ingresos, avanzar en la\u00a0<strong>unificaci\u00f3n y simplificaci\u00f3n de impuestos<\/strong>\u00a0y tender a que cada nivel de gobierno sea\u00a0<strong>responsable de generar ingresos suficientes<\/strong>\u00a0para cubrir sus gastos. Por el lado de los gastos, eliminar superposiciones entre niveles de gobierno,\u00a0<strong>ordenar el sistema previsional<\/strong>\u00a0y mejorar la gesti\u00f3n p\u00fablica. Esto demanda ideas innovadoras y capacidad para llevarlas a la pr\u00e1ctica. Hasta ahora el gobierno ha demostrado tener ideas, pero\u00a0<strong>carece de la pericia pol\u00edtica y t\u00e9cnica\u00a0<\/strong>para instrumentarlas\u201d, cierra.<\/p>\n\n\n\n<p>Fuente: TN<\/p>\n","protected":false},"excerpt":{"rendered":"<div class=\"mh-excerpt\"><p>El&nbsp;fuerte ajuste&nbsp;en el gasto que viene aplicando&nbsp;Javier Milei&nbsp;desde su asunci\u00f3n llev\u00f3 al Estado nacional a alcanzar el&nbsp;super\u00e1vit fiscal&nbsp;en enero. La contrapartida es un deterioro brutal en el&nbsp;poder de compra de los jubilados.&nbsp;En ese marco, seg\u00fan un informe del Instituto para el Desarrollo Social Argentino (IDESA), la principal causa de este logro es la&nbsp;ca\u00edda del gasto social, lo que deja a las&nbsp;jubilaciones&nbsp;en su&nbsp;m\u00ednimo hist\u00f3rico. \u201cEl valor de la jubilaci\u00f3n m\u00ednima va a ser\u00a0menor al de 2002. El super\u00e1vit se produce por el\u00a0ajuste de las jubilaciones. Es necesario migrar hacia fuentes m\u00e1s genuinas de sost\u00e9n del equilibrio fiscal\u201d, se\u00f1al\u00f3 en declaraciones radiales <a class=\"mh-excerpt-more\" href=\"http:\/\/dsrmedios.com.ar\/diario\/archivos\/42960\" title=\"El deterioro del poder de compra de los jubilados: los haberes son los m\u00e1s bajos desde 2001\">[Leer m\u00e1s]<\/a><\/p>\n<\/div>","protected":false},"author":8,"featured_media":5995,"comment_status":"open","ping_status":"closed","sticky":false,"template":"","format":"standard","meta":{"_jetpack_newsletter_access":""},"categories":[6],"tags":[],"jetpack_featured_media_url":"http:\/\/dsrmedios.com.ar\/diario\/wp-content\/uploads\/2018\/05\/jubilados.jpg","jetpack_sharing_enabled":true,"jetpack_shortlink":"https:\/\/wp.me\/p9fihK-baU","_links":{"self":[{"href":"http:\/\/dsrmedios.com.ar\/diario\/wp-json\/wp\/v2\/posts\/42960"}],"collection":[{"href":"http:\/\/dsrmedios.com.ar\/diario\/wp-json\/wp\/v2\/posts"}],"about":[{"href":"http:\/\/dsrmedios.com.ar\/diario\/wp-json\/wp\/v2\/types\/post"}],"author":[{"embeddable":true,"href":"http:\/\/dsrmedios.com.ar\/diario\/wp-json\/wp\/v2\/users\/8"}],"replies":[{"embeddable":true,"href":"http:\/\/dsrmedios.com.ar\/diario\/wp-json\/wp\/v2\/comments?post=42960"}],"version-history":[{"count":1,"href":"http:\/\/dsrmedios.com.ar\/diario\/wp-json\/wp\/v2\/posts\/42960\/revisions"}],"predecessor-version":[{"id":42966,"href":"http:\/\/dsrmedios.com.ar\/diario\/wp-json\/wp\/v2\/posts\/42960\/revisions\/42966"}],"wp:featuredmedia":[{"embeddable":true,"href":"http:\/\/dsrmedios.com.ar\/diario\/wp-json\/wp\/v2\/media\/5995"}],"wp:attachment":[{"href":"http:\/\/dsrmedios.com.ar\/diario\/wp-json\/wp\/v2\/media?parent=42960"}],"wp:term":[{"taxonomy":"category","embeddable":true,"href":"http:\/\/dsrmedios.com.ar\/diario\/wp-json\/wp\/v2\/categories?post=42960"},{"taxonomy":"post_tag","embeddable":true,"href":"http:\/\/dsrmedios.com.ar\/diario\/wp-json\/wp\/v2\/tags?post=42960"}],"curies":[{"name":"wp","href":"https:\/\/api.w.org\/{rel}","templated":true}]}}