{"id":42914,"date":"2024-02-08T11:20:30","date_gmt":"2024-02-08T14:20:30","guid":{"rendered":"http:\/\/dsrmedios.com.ar\/diario\/?p=42914"},"modified":"2024-02-08T11:20:31","modified_gmt":"2024-02-08T14:20:31","slug":"confirmaron-los-primeros-casos-de-dengue-en-bahia","status":"publish","type":"post","link":"http:\/\/dsrmedios.com.ar\/diario\/archivos\/42914","title":{"rendered":"Confirmaron los primeros casos de dengue en Bah\u00eda"},"content":{"rendered":"\n<p>El municipio confirm\u00f3 que se detectaron los primeros casos de dengue en Bah\u00eda Blanca.<\/p>\n\n\n\n<p>Seg\u00fan informaron, se trata de dos pacientes con dengue aut\u00f3ctono, es decir, que se contagiaron por la picadura del mosquito&nbsp;<em>aedes aegypti<\/em>&nbsp;en nuestra ciudad.<\/p>\n\n\n\n<p>El secretario de salud, Federico Bugatti, indic\u00f3 que \u201c<strong>dicho insecto circula en Bah\u00eda Blanca hace 8 a\u00f1os y no es extra\u00f1o que aparezcan los contagios\u201d.<\/strong><\/p>\n\n\n\n<p>Por otro lado, el m\u00e9dico infect\u00f3logo Diego Maurizi explic\u00f3 que&nbsp;<strong>\u201cest\u00e1n bien, en el inicio de la enfermedad. Se le realiza control diario y permanente. Por el momento no presentan complicaciones\u201d<\/strong>.<\/p>\n\n\n\n<p>Los especialistas resaltaron la importancia de tomar las medidas de prevenci\u00f3n y cuidado. Asimismo, se\u00f1alaron que los s\u00edntomas son dolor de cabeza detr\u00e1s de los ojos, fiebre alta, dolores musculares y en las articulaciones.<\/p>\n\n\n\n<p>Fuente: Canal7 bahia<\/p>\n","protected":false},"excerpt":{"rendered":"<div class=\"mh-excerpt\"><p>El municipio confirm\u00f3 que se detectaron los primeros casos de dengue en Bah\u00eda Blanca. Seg\u00fan informaron, se trata de dos pacientes con dengue aut\u00f3ctono, es decir, que se contagiaron por la picadura del mosquito&nbsp;aedes aegypti&nbsp;en nuestra ciudad. El secretario de salud, Federico Bugatti, indic\u00f3 que \u201cdicho insecto circula en Bah\u00eda Blanca hace 8 a\u00f1os y no es extra\u00f1o que aparezcan los contagios\u201d. Por otro lado, el m\u00e9dico infect\u00f3logo Diego Maurizi explic\u00f3 que&nbsp;\u201cest\u00e1n bien, en el inicio de la enfermedad. Se le realiza control diario y permanente. Por el momento no presentan complicaciones\u201d. Los especialistas resaltaron la importancia de tomar las <a class=\"mh-excerpt-more\" href=\"http:\/\/dsrmedios.com.ar\/diario\/archivos\/42914\" title=\"Confirmaron los primeros casos de dengue en Bah\u00eda\">[Leer m\u00e1s]<\/a><\/p>\n<\/div>","protected":false},"author":8,"featured_media":42918,"comment_status":"open","ping_status":"closed","sticky":false,"template":"","format":"standard","meta":{"_jetpack_newsletter_access":""},"categories":[8],"tags":[],"jetpack_featured_media_url":"http:\/\/dsrmedios.com.ar\/diario\/wp-content\/uploads\/2024\/02\/CONFIRMAN-DENGUE.jpg.webp","jetpack_sharing_enabled":true,"jetpack_shortlink":"https:\/\/wp.me\/p9fihK-baa","_links":{"self":[{"href":"http:\/\/dsrmedios.com.ar\/diario\/wp-json\/wp\/v2\/posts\/42914"}],"collection":[{"href":"http:\/\/dsrmedios.com.ar\/diario\/wp-json\/wp\/v2\/posts"}],"about":[{"href":"http:\/\/dsrmedios.com.ar\/diario\/wp-json\/wp\/v2\/types\/post"}],"author":[{"embeddable":true,"href":"http:\/\/dsrmedios.com.ar\/diario\/wp-json\/wp\/v2\/users\/8"}],"replies":[{"embeddable":true,"href":"http:\/\/dsrmedios.com.ar\/diario\/wp-json\/wp\/v2\/comments?post=42914"}],"version-history":[{"count":1,"href":"http:\/\/dsrmedios.com.ar\/diario\/wp-json\/wp\/v2\/posts\/42914\/revisions"}],"predecessor-version":[{"id":42919,"href":"http:\/\/dsrmedios.com.ar\/diario\/wp-json\/wp\/v2\/posts\/42914\/revisions\/42919"}],"wp:featuredmedia":[{"embeddable":true,"href":"http:\/\/dsrmedios.com.ar\/diario\/wp-json\/wp\/v2\/media\/42918"}],"wp:attachment":[{"href":"http:\/\/dsrmedios.com.ar\/diario\/wp-json\/wp\/v2\/media?parent=42914"}],"wp:term":[{"taxonomy":"category","embeddable":true,"href":"http:\/\/dsrmedios.com.ar\/diario\/wp-json\/wp\/v2\/categories?post=42914"},{"taxonomy":"post_tag","embeddable":true,"href":"http:\/\/dsrmedios.com.ar\/diario\/wp-json\/wp\/v2\/tags?post=42914"}],"curies":[{"name":"wp","href":"https:\/\/api.w.org\/{rel}","templated":true}]}}