{"id":42909,"date":"2024-02-08T11:17:48","date_gmt":"2024-02-08T14:17:48","guid":{"rendered":"http:\/\/dsrmedios.com.ar\/diario\/?p=42909"},"modified":"2024-02-08T11:17:50","modified_gmt":"2024-02-08T14:17:50","slug":"tras-la-caida-de-la-ley-omnibus-y-con-dudas-sobre-un-dnu-o-un-plebiscito-la-oposicion-espera-gestos-de-milei","status":"publish","type":"post","link":"http:\/\/dsrmedios.com.ar\/diario\/archivos\/42909","title":{"rendered":"Tras la ca\u00edda de la Ley \u00d3mnibus y con dudas sobre un DNU o un plebiscito, la oposici\u00f3n espera gestos de Milei"},"content":{"rendered":"\n<p>Entre&nbsp;<a href=\"https:\/\/tn.com.ar\/politica\/2024\/02\/07\/polemico-posteo-el-gobierno-publico-los-nombres-de-los-diputados-que-votaron-a-favor-y-contra-la-ley-omnibus\/\" target=\"_blank\" rel=\"noreferrer noopener\">listas de traidores<\/a>, duras acusaciones y catarsis variadas, las&nbsp;<strong>aguas&nbsp;<\/strong>siguen&nbsp;<strong>revueltas en el Congreso<\/strong>&nbsp;tras el&nbsp;<a href=\"https:\/\/tn.com.ar\/politica\/2024\/02\/07\/la-ley-omnibus-de-javier-milei-en-vivo-ultimas-noticias-minuto-a-minuto\/\" target=\"_blank\" rel=\"noreferrer noopener\">naufragio de la Ley \u00d3mnibus<\/a>. Oficialismo y oposici\u00f3n comparten la certeza de que el proyecto, tal como fue propuesto, no volver\u00e1 a tratarse en Diputados.<\/p>\n\n\n\n<p>Los \u201cdialoguistas\u201d insisten -aunque con serias dudas de que Javier Milei haya tenido alguna vez intenci\u00f3n de aprobar una ley- en&nbsp;<strong>que el Gobierno divida el paquete<\/strong>&nbsp;<strong>de reformas<\/strong>&nbsp;en varias iniciativas y&nbsp;<strong>vuelva a negociar<\/strong>&nbsp;cuando \u201cbaje la espuma\u201d, con los&nbsp;<strong>gobernadores incluidos<\/strong>.<\/p>\n\n\n\n<p>Ante la amenaza de\u00a0<strong>nuevos DNU<\/strong>\u00a0para suplir la falta de apoyo en el Congreso, en la oposici\u00f3n parlamentaria anticipan un conflicto de poderes y\u00a0<strong>una \u201cfecha de vencimiento\u201d<\/strong>, mientras que la posibilidad de una\u00a0<strong>\u201cconsulta popular\u201d<\/strong>\u00a0-que tambi\u00e9n volvi\u00f3 a sonar en Casa Rosada- fue interpretada como \u201cuna cortina de humo\u201d con fines pr\u00e1cticos muy limitados y de dif\u00edcil concreci\u00f3n. Esas mismas bancadas dialoguistas reconocen, por otra parte, la\u00a0<strong>situaci\u00f3n inc\u00f3moda<\/strong>\u00a0en la que quedaron.<\/p>\n\n\n\n<p>Considerando las seis reuniones de las comisiones de Legislaci\u00f3n General, de Presupuesto y de Asuntos Constitucionales, que seg\u00fan el c\u00e1lculo oficial de la C\u00e1mara Baja se reuni\u00f3 durante 70 horas, sumadas las m\u00e1s de 30 horas de debate en el recinto entre votaci\u00f3n en general y particular, desde el 9 de enero pasado, la<strong>&nbsp;Ley \u00d3mnibus insumi\u00f3 al menos 100 horas de debate formal<\/strong>. Esto es, sin contar las m\u00faltiples reuniones entre legisladores, jefes partidarios, gobernadores, autoridades parlamentarias y funcionarios nacionales, que se dieron en paralelo.<\/p>\n\n\n\n<figure class=\"wp-block-image\"><img decoding=\"async\" src=\"https:\/\/tn.com.ar\/resizer\/ErcDqh4yhC4_HKJrNJqiO3NogQA=\/767x0\/smart\/filters:format(webp)\/cloudfront-us-east-1.images.arcpublishing.com\/artear\/YAFRXH4GUZHETOQUHT6WGCSSAU.jpg\" alt=\"El bloque oficialista, durante la votaci\u00f3n en particular de la Ley \u00d3mnibus en la C\u00e1mara de Diputados. Foto: T\u00e9lam\"\/><figcaption class=\"wp-element-caption\">El bloque oficialista, durante la votaci\u00f3n en particular de la Ley \u00d3mnibus en la C\u00e1mara de Diputados. Foto: T\u00e9lam<\/figcaption><\/figure>\n\n\n\n<p>Con esa mochila, legisladores del oficialismo y oposici\u00f3n que viven en el interior comenzaron a regresar a sus provincias. Los bloques hicieron sus primeros balances,&nbsp;<strong>analizaron las causas&nbsp;<\/strong>del fracaso parlamentario y, en el caso de los opositores, resolvieron estrategias discursivas para&nbsp;<strong>responder a las acusaciones del Gobierno contra los \u201ctraidores\u201d&nbsp;<\/strong>y exponentes de la casta, una lista en la que la Oficina del Presidente puso incluso a diputados -por ejemplo radicales- que aprobaron el proyecto en general y todos los primeros art\u00edculos, salvo un inciso.<\/p>\n\n\n\n<p>En el d\u00eda posterior a la ca\u00edda del proyecto, los bloques opositores&nbsp;<strong>no esperaban que el Gobierno fuera a reiniciar el debate&nbsp;<\/strong>de la Ley \u00d3mnibus en comisiones,<strong>&nbsp;ni una r\u00e1pida reacci\u00f3n<\/strong>&nbsp;parlamentaria del oficialismo. En general reinaba la sensaci\u00f3n de que no suceder\u00e1 mucho m\u00e1s en Diputados hasta el&nbsp;<strong>regreso la semana que viene de Javier Milei<\/strong>&nbsp;a la Argentina. Por lo pronto, desde el 15 de febrero, deber\u00eda volver a&nbsp;<strong>prorrogar el periodo de sesiones extraordinarias.<\/strong><\/p>\n\n\n\n<p>\u201c<strong>Ahora la pelota la tiene el Presidente<\/strong>\u201d: el pron\u00f3stico era compartido, con matices de enojo, por legisladores de espacios diversos como el&nbsp;<strong>PRO&nbsp;<\/strong>(que, pese a las internas, fue el espacio opositor que mostr\u00f3 mayor unidad de acci\u00f3n y acompa\u00f1\u00f3 en todas las votaciones al oficialismo), la&nbsp;<strong>UCR&nbsp;<\/strong>(que vot\u00f3 dividida, pero ya hab\u00eda advertido exactamente qu\u00e9 art\u00edculos no acompa\u00f1ar\u00eda),&nbsp;<strong>Hacemos Coalici\u00f3n Federal<\/strong>&nbsp;(que acompa\u00f1\u00f3 menos de lo previsto en la previa) e&nbsp;<strong>Innovaci\u00f3n Federal<\/strong>&nbsp;(ligado a gobernadores de fuerzas provinciales, que tuvo una posici\u00f3n mucho m\u00e1s dura que la anticipada).<\/p>\n\n\n\n<figure class=\"wp-block-image\"><img decoding=\"async\" src=\"https:\/\/tn.com.ar\/resizer\/-2UFyS7RV9yZkeL1Bjqzf7B-oD8=\/767x0\/smart\/filters:format(webp)\/cloudfront-us-east-1.images.arcpublishing.com\/artear\/P37CUHIXB5DFXARYFKCZT4JP6I.jpg\" alt=\"El bloque del PRO en Diputados, comandado por Cristian RItondo, se sent\u00f3 junto a La Libertad Avanza en el recinto (Foto: NA).\"\/><figcaption class=\"wp-element-caption\">El bloque del PRO en Diputados, comandado por Cristian RItondo, se sent\u00f3 junto a La Libertad Avanza en el recinto (Foto: NA).<\/figcaption><\/figure>\n\n\n\n<p>La gran inc\u00f3gnita en el Congreso era&nbsp;<strong>si Milei ten\u00eda intenci\u00f3n de recomponer el di\u00e1logo<\/strong>&nbsp;con la&nbsp;<strong>oposici\u00f3n y c\u00f3mo.&nbsp;<\/strong>F<a href=\"https:\/\/tn.com.ar\/politica\/2024\/02\/07\/el-ejecutivo-puso-en-la-mira-a-los-gobernadores-pero-reconoce-que-tiene-que-negociar-un-pacto-fiscal\/\" target=\"_blank\" rel=\"noreferrer noopener\">undamentalmente con los&nbsp;<strong>gobernadores<\/strong><\/a>provinciales, y sobre todo con algunos como el cordob\u00e9s Mart\u00edn Llaryora -parte de una fuerza que hasta ahora tiene hombres en el Gobierno nacional y en el control de \u201ccajas\u201d clave como la Anses-, el rionegrino Alberto Weretilneck, el neuquino Rolando Figueroa, el salte\u00f1o Gustavo S\u00e1enz o el misionero Hugo Passalacqua.<\/p>\n\n\n\n<p>En los bloques federales insisten en que sea el&nbsp;<strong>Presidente el que convoque a todos los mandatarios a una reuni\u00f3n, ya sin intermediarios<\/strong>&nbsp;con escaso poder de decisi\u00f3n (como algunos consideran al ministro del Interior, Guillermo Francos), si es que tienen intenciones no solo de aprobar lo que quede de la Ley \u00d3mnibus, sino tambi\u00e9n el potencial&nbsp;<strong>nuevo \u201cpacto fiscal\u201d<\/strong>&nbsp;o la&nbsp;<strong>reforma laboral<\/strong>&nbsp;que el Gobierno hab\u00eda dejado trascender que enviar\u00eda al parlamento.<\/p>\n\n\n\n<p>Por otra parte, en el oficialismo, pero tambi\u00e9n espacios como el PRO y la UCR se\u00f1alaban que,&nbsp;<strong>en el corto plazo<\/strong>, los que<strong>&nbsp;tienen m\u00e1s para perder son los propios gobernadores<\/strong>, que \u201cen un mes o dos van a tener que empezar a pagar sueldos en cuotas\u201d, seg\u00fan se\u00f1alaba un legislador opositor. Entre tironeos y advertencias, todos esperaban que, antes de cualquier decisi\u00f3n,&nbsp;<strong>primero \u201cbaje la espuma\u201d.<\/strong><\/p>\n\n\n\n<h2>Del DNU a la consulta popular<\/h2>\n\n\n\n<p>En el Gabinete nacional tambi\u00e9n dejaron trascender, una vez m\u00e1s, que el Ejecutivo podr\u00eda avanzar con un nuevo o&nbsp;<a href=\"https:\/\/tn.com.ar\/politica\/2024\/02\/07\/milei-cree-que-la-ley-omnibus-no-sera-tratada-en-el-congreso-y-evalua-sacar-otro-dnu-para-activar-reformas\/\" target=\"_blank\" rel=\"noreferrer noopener\"><strong>nuevos DNU o con una \u201cconsulta popular<\/strong>\u201d<\/a>.<\/p>\n\n\n\n<p>Como advierten en todos los bloques opositores, una consulta popular \u201cvinculante\u201d debe pasar necesariamente por el Congreso. El Gobierno podr\u00eda llamar a una consulta popular \u201cno vinculante\u201d, como un&nbsp;<strong>intento de ejercer \u201cpresi\u00f3n popular\u201d&nbsp;<\/strong>sobre los legisladores.<\/p>\n\n\n\n<p>\u201cSer\u00eda una estupidez por varias razones: por&nbsp;<strong>el gasto que supone<\/strong>&nbsp;algo as\u00ed en un contexto con la mitad de la gente en la pobreza; porque&nbsp;<strong>demorar\u00eda meses<\/strong>&nbsp;llevarla a cabo y porque sencillamente&nbsp;<strong>podr\u00edan perderla<\/strong>&nbsp;y encima&nbsp;<strong>no obligar\u00eda a hacer nada<\/strong>\u201d, resum\u00eda un diputado dialoguista que la Oficina del Presidente ubic\u00f3 en la lista de los que \u201cvotaron en favor del pueblo\u201d.<\/p>\n\n\n\n<figure class=\"wp-block-image\"><img decoding=\"async\" src=\"https:\/\/tn.com.ar\/resizer\/6TujHdL-aYLuMi2Ma8SUXt3HCM8=\/767x0\/smart\/filters:format(webp)\/cloudfront-us-east-1.images.arcpublishing.com\/artear\/MZSU7Y4MKONT6WGZBM2PHRVM6Y.jpg\" alt=\"El jefe del bloque Hacemos Coalici\u00f3n Federal, Miguel Pichetto (REUTERS\/Agustin Marcarian)\"\/><figcaption class=\"wp-element-caption\">El jefe del bloque Hacemos Coalici\u00f3n Federal, Miguel Pichetto (REUTERS\/Agustin Marcarian)Por:&nbsp;<strong>REUTERS<\/strong><\/figcaption><\/figure>\n\n\n\n<p>El&nbsp;<strong>DNU supone una discusi\u00f3n m\u00e1s compleja<\/strong>&nbsp;y m\u00e1s impredecible. Para empezar, tiene limitaciones constitucionales, con lo cual Milei no podr\u00eda usarlo para hacer cambios en materia penal, tributaria o electoral. Pero los decretos tambi\u00e9n tienen control parlamentario.<\/p>\n\n\n\n<p>Hasta ahora, el oficialismo&nbsp;<strong>decidi\u00f3 no conformar la Bicameral de Tr\u00e1mite Legislativo<\/strong>, que deber\u00eda analizar todos los decretos, antes de someterlos a votaci\u00f3n en el recinto. Todo DNU est\u00e1 vigente mientras no sea rechazado por las dos C\u00e1maras legislativas (no alcanza con una sola) o invalidado en la Justicia, y as\u00ed sucede con el mega DNU que Milei firm\u00f3 en diciembre.<\/p>\n\n\n\n<p>Ahora,&nbsp;<strong>sin Bicameral y pasado el plazo<\/strong>, los diputados y senadores&nbsp;<strong>pueden sesionar<\/strong>, si consiguen quorum, y rechazarlo en el recinto. Hoy, en los bloques dialoguistas se\u00f1alan que no hay intenciones de acompa\u00f1ar una posible sesi\u00f3n convocada por el PJ-K para rechazar el DNU que ya est\u00e1 en vigencia.<\/p>\n\n\n\n<figure class=\"wp-block-image\"><img decoding=\"async\" src=\"https:\/\/tn.com.ar\/resizer\/G9zLlPue-FjKAG0jPIYv46C7JqI=\/767x0\/smart\/filters:format(webp)\/cloudfront-us-east-1.images.arcpublishing.com\/artear\/EXRVBGMCP5EY5KXE3HO3NXH454.jpg\" alt=\"El jefe de bloque de la UCR en Diputados, Rodrigo de Loredo, en su intervenci\u00f3n en una de las sesiones por la Ley \u00d3mnibus (Foto: NA).\"\/><figcaption class=\"wp-element-caption\">El jefe de bloque de la UCR en Diputados, Rodrigo de Loredo, en su intervenci\u00f3n en una de las sesiones por la Ley \u00d3mnibus (Foto: NA).<\/figcaption><\/figure>\n\n\n\n<p>\u201cNo hay ninguna forma de que nos sentemos con el kirchnerismo para voltear un decreto sin tratamiento en la Bicameral. Pero&nbsp;<strong>hay que ver para d\u00f3nde sale Milei<\/strong>: gobernar con decretos lo hicieron todos; extralimitarse, querer cerrar el Congreso, no ir a la apertura de sesiones el 1 de marzo, la violencia que est\u00e1 generando con el armado de listas&#8230;. es otra cosa. A&nbsp;<strong>medida que pasa el tiempo<\/strong>, tambi\u00e9n agota voluntades\u201d, advert\u00eda una diputada de la UCR.<\/p>\n\n\n\n<p>No est\u00e1 claro que podr\u00eda pasar de\u00a0<strong>aqu\u00ed a un mes, con nuevos decretos y con una escalada de tensiones entre el Ejecutivo y los gobernadores<\/strong>. As\u00ed, por ejemplo, en el Senado, UxP tiene 33 senadores, con lo cual necesitar\u00eda solo 4 m\u00e1s -suponiendo asistencia perfecta- para lograr el quorum. De entrada, hay tres senadores que responden al gobernador de R\u00edo Negro y al de Misiones, que fueron aliados del PJ-K hasta el 10 de diciembre pasado, y a los que el Ejecutivo ya puso en el grupo \u201cen contra\u201d del pueblo. Hasta ahora, no consigui\u00f3 sesionar.<\/p>\n\n\n\n<p>Fuente: TN<\/p>\n","protected":false},"excerpt":{"rendered":"<div class=\"mh-excerpt\"><p>Entre&nbsp;listas de traidores, duras acusaciones y catarsis variadas, las&nbsp;aguas&nbsp;siguen&nbsp;revueltas en el Congreso&nbsp;tras el&nbsp;naufragio de la Ley \u00d3mnibus. Oficialismo y oposici\u00f3n comparten la certeza de que el proyecto, tal como fue propuesto, no volver\u00e1 a tratarse en Diputados. Los \u201cdialoguistas\u201d insisten -aunque con serias dudas de que Javier Milei haya tenido alguna vez intenci\u00f3n de aprobar una ley- en&nbsp;que el Gobierno divida el paquete&nbsp;de reformas&nbsp;en varias iniciativas y&nbsp;vuelva a negociar&nbsp;cuando \u201cbaje la espuma\u201d, con los&nbsp;gobernadores incluidos. Ante la amenaza de\u00a0nuevos DNU\u00a0para suplir la falta de apoyo en el Congreso, en la oposici\u00f3n parlamentaria anticipan un conflicto de poderes y\u00a0una \u201cfecha de <a class=\"mh-excerpt-more\" href=\"http:\/\/dsrmedios.com.ar\/diario\/archivos\/42909\" title=\"Tras la ca\u00edda de la Ley \u00d3mnibus y con dudas sobre un DNU o un plebiscito, la oposici\u00f3n espera gestos de Milei\">[Leer m\u00e1s]<\/a><\/p>\n<\/div>","protected":false},"author":8,"featured_media":42915,"comment_status":"open","ping_status":"closed","sticky":false,"template":"","format":"standard","meta":{"_jetpack_newsletter_access":""},"categories":[6],"tags":[],"jetpack_featured_media_url":"http:\/\/dsrmedios.com.ar\/diario\/wp-content\/uploads\/2024\/02\/images-23.jpeg","jetpack_sharing_enabled":true,"jetpack_shortlink":"https:\/\/wp.me\/p9fihK-ba5","_links":{"self":[{"href":"http:\/\/dsrmedios.com.ar\/diario\/wp-json\/wp\/v2\/posts\/42909"}],"collection":[{"href":"http:\/\/dsrmedios.com.ar\/diario\/wp-json\/wp\/v2\/posts"}],"about":[{"href":"http:\/\/dsrmedios.com.ar\/diario\/wp-json\/wp\/v2\/types\/post"}],"author":[{"embeddable":true,"href":"http:\/\/dsrmedios.com.ar\/diario\/wp-json\/wp\/v2\/users\/8"}],"replies":[{"embeddable":true,"href":"http:\/\/dsrmedios.com.ar\/diario\/wp-json\/wp\/v2\/comments?post=42909"}],"version-history":[{"count":1,"href":"http:\/\/dsrmedios.com.ar\/diario\/wp-json\/wp\/v2\/posts\/42909\/revisions"}],"predecessor-version":[{"id":42916,"href":"http:\/\/dsrmedios.com.ar\/diario\/wp-json\/wp\/v2\/posts\/42909\/revisions\/42916"}],"wp:featuredmedia":[{"embeddable":true,"href":"http:\/\/dsrmedios.com.ar\/diario\/wp-json\/wp\/v2\/media\/42915"}],"wp:attachment":[{"href":"http:\/\/dsrmedios.com.ar\/diario\/wp-json\/wp\/v2\/media?parent=42909"}],"wp:term":[{"taxonomy":"category","embeddable":true,"href":"http:\/\/dsrmedios.com.ar\/diario\/wp-json\/wp\/v2\/categories?post=42909"},{"taxonomy":"post_tag","embeddable":true,"href":"http:\/\/dsrmedios.com.ar\/diario\/wp-json\/wp\/v2\/tags?post=42909"}],"curies":[{"name":"wp","href":"https:\/\/api.w.org\/{rel}","templated":true}]}}