{"id":42883,"date":"2024-02-05T17:16:19","date_gmt":"2024-02-05T20:16:19","guid":{"rendered":"http:\/\/dsrmedios.com.ar\/diario\/?p=42883"},"modified":"2024-02-05T17:16:21","modified_gmt":"2024-02-05T20:16:21","slug":"la-argentina-y-la-ue-analizan-proyectos-e-inversiones-en-mineria-y-renovables-en-el-pais","status":"publish","type":"post","link":"http:\/\/dsrmedios.com.ar\/diario\/archivos\/42883","title":{"rendered":"La Argentina y la UE analizan proyectos e inversiones en miner\u00eda y renovables en el pa\u00eds"},"content":{"rendered":"\n<p>La Comisi\u00f3n Europea recibi\u00f3 este lunes en Bruselas a la&nbsp;<strong>delegaci\u00f3n argentina encabezada por la secretaria de Miner\u00eda, Flavia Royon, y gobernadores de Salta, Jujuy, Catamarca y San Juan para consolidar el desarrollo de proyectos conjuntos e inversiones sostenibles&nbsp;<\/strong>a lo largo de las cadenas de valor energ\u00e9tica y minera, en un plan de cooperaci\u00f3n iniciado el a\u00f1o pasado.<\/p>\n\n\n\n<p><strong>Junto a Royon se encuentran en Bruselas los gobernadores de Catamarca, Ra\u00fal Jalil; de Jujuy, Carlo Sadir; de Salta, Gustavo S\u00e1enz, y de San Juan, Marcelo Orrego, as\u00ed como el Secretario General del Consejo Federal de Inversiones (CFI), Ignacio Lamothe,<\/strong>\u00a0quienes iniciaron una breve gira la semana pasada en Alemania.<\/p>\n\n\n\n<p>La delegaci\u00f3n argentina inform\u00f3 que durante la jornada&nbsp;<strong>se realizaron reuniones con autoridades europeas que incluyeron a Brian Glynn, director ejecutivo para las Am\u00e9ricas del Servicio Europeo de Acci\u00f3n Exterior; y en la Comisi\u00f3n Europea, con Maive Rute, directora general Adjunta de Mercado Interior, Industria, Emprendimiento y Pymes (DG GROW) y F\u00e9lix Fern\u00e1ndez-Shaw director para Am\u00e9rica Latina y el Caribe (DG Intpa).<\/strong><\/p>\n\n\n\n<p>&#8220;Todos ellos aseguraron el inter\u00e9s de profundizar la vinculaci\u00f3n con la Argentina y las provincias, en el marco de las asociaciones estrat\u00e9gicas globales que impulsa la UE en cadenas de suministro de materias primas cr\u00edticas y energ\u00e9ticas&#8221;, aseguraron las mismas fuentes.<\/p>\n\n\n\n<h2>Los objetivos de la gira<\/h2>\n\n\n\n<p>&nbsp;Esta visita busc\u00f3 generar oportunidades para expandir el potencial que ofrece la diversidad productiva del pa\u00eds y sus provincias, as\u00ed como favorecer el posicionamiento como proveedor global de la industria minera y de minerales cr\u00edticos, con una fuerte mirada federal, de transferencia de tecnolog\u00eda, generaci\u00f3n de empleo y agregaci\u00f3n de valor.<\/p>\n\n\n\n<p>Durante sus presentaciones,<strong>\u00a0Royon expuso acerca de la situaci\u00f3n de la actividad minera en la Argentina con su potencial y oportunidades de inversi\u00f3n,<\/strong>\u00a0adem\u00e1s de bregar por una miner\u00eda \u201cjusta y sostenible\u201d<\/p>\n\n\n\n<p>Asimismo, hizo referencia a que est\u00e1 pr\u00f3ximo a aprobarse el R\u00e9gimen de Incentivos a las Grandes Inversiones (RIGI), de gran importancia en especial para los proyectos de cobre en estados avanzados.<\/p>\n\n\n\n<p>Luego, por la tarde, los encuentros estuvieron m\u00e1s enfocados en el plano comercial y se llevaron a cabo intercambios con m\u00e1s de 70 representantes de c\u00e1maras y empresas europeas, del Banco Europeo de Inversi\u00f3n (BEI) y de entidades financieras con inter\u00e9s inversor en sector minero, litio y cobre en la Argentina.<\/p>\n\n\n\n<p>All\u00ed,&nbsp;<strong>las autoridades argentinas presentaron los proyectos estrat\u00e9gicos en materia de miner\u00eda, as\u00ed como los principales proyectos de inversi\u00f3n en las provincias, que cuentan con alto grado de avance en su desarrollo&nbsp;<\/strong>y capacidad de abastecimiento en materia de litio y cobre. Tambi\u00e9n se brindaron detalles sobre las tecnolog\u00edas de extracci\u00f3n existentes.<\/p>\n\n\n\n<h2>La implementaci\u00f3n del Global Gateway<\/h2>\n\n\n\n<p>La visita se produce luego de&nbsp;<strong>&#8220;la exitosa misi\u00f3n empresarial Team Europe<\/strong>&#8221; que tuvo lugar en diciembre de 2023, en el marco de la Asociaci\u00f3n Estrat\u00e9gica sobre Cadenas de Valor Sostenibles de Materias Primas entre la UE y Argentina firmada el 13 de junio de 2023 en Buenos Aires, inform\u00f3 la Uni\u00f3n Europea en el marco de&nbsp;<strong>la implementaci\u00f3n del Global Gateway.<\/strong><\/p>\n\n\n\n<p>El acuerdo tiene como objetivo &#8220;garantizar el desarrollo de un suministro seguro y sostenible de las materias primas necesarias para la energ\u00eda limpia y la transici\u00f3n digital&#8221; y tambi\u00e9n pretende desarrollar una industria de materias primas sostenible, y apoyar la creaci\u00f3n de valor a\u00f1adido local, empleo de calidad y crecimiento econ\u00f3mico sostenible e integrador.<\/p>\n\n\n\n<figure class=\"wp-block-image\"><a href=\"javascript:void(0);\"><img decoding=\"async\" src=\"https:\/\/www.telam.com.ar\/thumbs\/bluesteel\/advf\/imagenes\/2024\/02\/65c1323579820_1200.jpg\" alt=\"Foto prensa \"\/><\/a><figcaption class=\"wp-element-caption\">Foto: prensa.<\/figcaption><\/figure>\n\n\n\n<p><strong>La reuni\u00f3n es &#8220;parte del compromiso conjunto por intensificar la cooperaci\u00f3n en este sector&#8221;, expres\u00f3 la UE en su esfuerzo de Global Gateway,&nbsp;<\/strong>la oferta para establecer conexiones de confianza y sostenibles con pa\u00edses socios.<\/p>\n\n\n\n<p>A partir del acuerdo bilateral se propone identificar y desarrollar conjuntamente proyectos innovadores y sostenibles a nivel local para toda la cadena de valor de materias primas cr\u00edticas tales como litio y cobre, desde la exploraci\u00f3n, extracci\u00f3n, refinado, transformaci\u00f3n hasta el reciclado, con apoyo financiero europeo.<\/p>\n\n\n\n<p><strong>Las materias primas cr\u00edticas y estrat\u00e9gicas son indispensables para un amplio conjunto de sectores estrat\u00e9gicos, como la industria net-zero, la industria digital, la industria aeroespacial y la defensa<\/strong>, y dado que se prev\u00e9 que la demanda aumente sustancialmente, las alianzas y el uso y abastecimiento responsable de las mismas son fundamentales para un futuro sostenible.<\/p>\n\n\n\n<p>La hoja de ruta tambi\u00e9n prev\u00e9 una cooperaci\u00f3n m\u00e1s estrecha en materia de exploraci\u00f3n geol\u00f3gica, estudios hidrogeol\u00f3gicos, investigaci\u00f3n e innovaci\u00f3n, criterios ESG, soluciones de energ\u00edas renovables y sistemas de gesti\u00f3n del agua para proyectos mineros, desarrollo de capacidades y competencias, que contar\u00e1 con el apoyo de Global Gateway, el programa Horizonte Europa de la UE y otros instrumentos de financiaci\u00f3n.<\/p>\n\n\n\n<p>La UE reconoci\u00f3 que el bloque &#8220;sigue dependiendo en gran medida de las importaciones de materias primas esenciales, a menudo de proveedores casi monopol\u00edsticos de terceros pa\u00edses&#8221;, por lo que necesita &#8220;mitigar los riesgos para las cadenas de suministro para mejorar su resiliencia econ\u00f3mica al tiempo que alcanza sus objetivos clim\u00e1ticos y digitales&#8221;.<\/p>\n\n\n\n<p>Para la Uni\u00f3n Europea, la Argentina se posiciona como un socio confiable que puede contribuir a una asociaci\u00f3n mutuamente beneficiosa para el suministro seguro y sostenible de las materias primas necesarias para las tecnolog\u00edas de transici\u00f3n energ\u00e9tica, como los veh\u00edculos el\u00e9ctricos.<\/p>\n\n\n\n<p>Fuente: TELAM<\/p>\n","protected":false},"excerpt":{"rendered":"<div class=\"mh-excerpt\"><p>La Comisi\u00f3n Europea recibi\u00f3 este lunes en Bruselas a la&nbsp;delegaci\u00f3n argentina encabezada por la secretaria de Miner\u00eda, Flavia Royon, y gobernadores de Salta, Jujuy, Catamarca y San Juan para consolidar el desarrollo de proyectos conjuntos e inversiones sostenibles&nbsp;a lo largo de las cadenas de valor energ\u00e9tica y minera, en un plan de cooperaci\u00f3n iniciado el a\u00f1o pasado. Junto a Royon se encuentran en Bruselas los gobernadores de Catamarca, Ra\u00fal Jalil; de Jujuy, Carlo Sadir; de Salta, Gustavo S\u00e1enz, y de San Juan, Marcelo Orrego, as\u00ed como el Secretario General del Consejo Federal de Inversiones (CFI), Ignacio Lamothe,\u00a0quienes iniciaron una breve <a class=\"mh-excerpt-more\" href=\"http:\/\/dsrmedios.com.ar\/diario\/archivos\/42883\" title=\"La Argentina y la UE analizan proyectos e inversiones en miner\u00eda y renovables en el pa\u00eds\">[Leer m\u00e1s]<\/a><\/p>\n<\/div>","protected":false},"author":8,"featured_media":42885,"comment_status":"open","ping_status":"closed","sticky":false,"template":"","format":"standard","meta":{"_jetpack_newsletter_access":""},"categories":[6],"tags":[],"jetpack_featured_media_url":"http:\/\/dsrmedios.com.ar\/diario\/wp-content\/uploads\/2024\/02\/65c13235949bf_450.jpg","jetpack_sharing_enabled":true,"jetpack_shortlink":"https:\/\/wp.me\/p9fihK-b9F","_links":{"self":[{"href":"http:\/\/dsrmedios.com.ar\/diario\/wp-json\/wp\/v2\/posts\/42883"}],"collection":[{"href":"http:\/\/dsrmedios.com.ar\/diario\/wp-json\/wp\/v2\/posts"}],"about":[{"href":"http:\/\/dsrmedios.com.ar\/diario\/wp-json\/wp\/v2\/types\/post"}],"author":[{"embeddable":true,"href":"http:\/\/dsrmedios.com.ar\/diario\/wp-json\/wp\/v2\/users\/8"}],"replies":[{"embeddable":true,"href":"http:\/\/dsrmedios.com.ar\/diario\/wp-json\/wp\/v2\/comments?post=42883"}],"version-history":[{"count":1,"href":"http:\/\/dsrmedios.com.ar\/diario\/wp-json\/wp\/v2\/posts\/42883\/revisions"}],"predecessor-version":[{"id":42886,"href":"http:\/\/dsrmedios.com.ar\/diario\/wp-json\/wp\/v2\/posts\/42883\/revisions\/42886"}],"wp:featuredmedia":[{"embeddable":true,"href":"http:\/\/dsrmedios.com.ar\/diario\/wp-json\/wp\/v2\/media\/42885"}],"wp:attachment":[{"href":"http:\/\/dsrmedios.com.ar\/diario\/wp-json\/wp\/v2\/media?parent=42883"}],"wp:term":[{"taxonomy":"category","embeddable":true,"href":"http:\/\/dsrmedios.com.ar\/diario\/wp-json\/wp\/v2\/categories?post=42883"},{"taxonomy":"post_tag","embeddable":true,"href":"http:\/\/dsrmedios.com.ar\/diario\/wp-json\/wp\/v2\/tags?post=42883"}],"curies":[{"name":"wp","href":"https:\/\/api.w.org\/{rel}","templated":true}]}}