{"id":42846,"date":"2024-02-01T11:58:34","date_gmt":"2024-02-01T14:58:34","guid":{"rendered":"http:\/\/dsrmedios.com.ar\/diario\/?p=42846"},"modified":"2024-02-01T11:58:37","modified_gmt":"2024-02-01T14:58:37","slug":"tarifas-tras-la-postergacion-de-la-suba-del-gas-surgen-dudas-por-el-aumento-de-la-luz-y-hay-inquietud-en-el-sector","status":"publish","type":"post","link":"http:\/\/dsrmedios.com.ar\/diario\/archivos\/42846","title":{"rendered":"Tarifas: tras la postergaci\u00f3n de la suba del gas, surgen dudas por el aumento de la luz y hay inquietud en el sector"},"content":{"rendered":"\n<p>El ajuste de tarifas es una trampa que acecha desde hace a\u00f1os a cada ministro de Econom\u00eda que intenta avanzar en la correcci\u00f3n de precios relativos. Luis Caputo, testigo privilegiado de las dificultades que tuvo el gobierno de Mauricio Macri para recomponer el precio de los servicios p\u00fablicos, no es la excepci\u00f3n. El fallo de la Corte que en octubre de 2016 oblig\u00f3 al gobierno de ese entonces a retrotraer el aumento que se hab\u00eda aplicado en abril parece haber calado hondo en el actual ministro, que ahora prefiere dar pasos con pie de plomo a pesar de la urgencia fiscal.<a rel=\"noreferrer noopener\" href=\"https:\/\/www.infobae.com\/economia\/2024\/02\/01\/colectivos-advierten-que-el-aumento-del-boleto-para-el-amba-se-retrasara-al-menos-hasta-mitad-de-febrero\/\" target=\"_blank\"><\/a><\/p>\n\n\n\n<p>Para este mes est\u00e1 previsto no s\u00f3lo el incremento del gas, que ser\u00e1 postergado hasta marzo seg\u00fan les anticiparon desde la Secretar\u00eda de Energ\u00eda a las distribuidoras. Ahora tambi\u00e9n entr\u00f3 en tela de juicio la aplicaci\u00f3n de la suba de la luz para la mayor\u00eda de los usuarios.<\/p>\n\n\n\n<p>En ambos casos, el argumento es que el Gobierno prefiere realizar nuevas audiencias p\u00fablicas para determinar los precios tanto de generaci\u00f3n de la electricidad como de producci\u00f3n de gas (precios PEST y PIST respectivamente en la jerga del sector) pero lo cierto es que entre las distribuidoras de electricidad reina el desconcierto. De hecho, estaban esperando hasta ayer noticias sobre el nuevo cuadro tarifario y el aumento que, esperan, les otorgan de todas maneras por la distribuci\u00f3n. \u201cYa tuvimos la audiencia p\u00fablica, estamos esperando que nos pasen cu\u00e1nto es el aumento del VAD (valor agregado de distribuci\u00f3n)\u201d, afirmaron en una de las compa\u00f1\u00edas.<a rel=\"noreferrer noopener\" href=\"https:\/\/www.infobae.com\/economia\/2024\/02\/01\/milei-se-reunira-con-el-ceo-de-blackrock-larry-fink-el-mayor-fondo-de-inversion-global-podrian-hablar-de-privatizaciones\/\" target=\"_blank\"><\/a><\/p>\n\n\n\n<blockquote class=\"wp-block-quote\">\n<p>El argumento para las demoras es que el Gobierno prefiere realizar nuevas audiencias p\u00fablicas para determinar los precios tanto de generaci\u00f3n de la electricidad como de producci\u00f3n de gas<\/p>\n<\/blockquote>\n\n\n\n<p>Sin embargo, los trascendidos respecto de una postergaci\u00f3n en el para definir el costo de la electricidad recogidos por el medio especializado&nbsp;<em>Econojournal<\/em>, instalaron renovadas dudas. De acuerdo a esa versi\u00f3n sobre la que no brindaron precisiones desde Energ\u00eda, el precio de la electricidad no aumentar\u00eda en los pr\u00f3ximos meses para los segmentos de medios y bajos ingresos, precisamente las categor\u00edas a las que se les destina la mayor proporci\u00f3n de los subsidios.<\/p>\n\n\n\n<p>Todo quedar\u00eda supeditado, igual que en el caso del gas, a nuevas audiencias p\u00fablicas para debatir el nuevo esquema de Canasta Energ\u00e9tica B\u00e1sica que est\u00e1 en dise\u00f1o para determinar precisamente el alcance de los subsidios susceptibles de mantenerse para determinados hogares.<a rel=\"noreferrer noopener\" href=\"https:\/\/www.infobae.com\/economia\/2024\/02\/01\/hoy-arranca-cuota-simple-como-funcionara-el-plan-para-comprar-en-3-y-6-pagos-y-que-productos-incluye\/\" target=\"_blank\"><\/a><\/p>\n\n\n\n<p>En cualquier caso, la posibilidad de esa demora no cay\u00f3 bien entre los analistas del mercado, atentos casi exclusivamente a la evoluci\u00f3n del ajuste fiscal. En la planilla que difundi\u00f3 Econom\u00eda cuando anunci\u00f3 con las medidas para alcanzar el equilibrio fiscal, el recorte a los subsidios econ\u00f3micos implicaba un ahorro de 7% del PBI y era, junto con el freno a la obra p\u00fablica, una de las partidas que m\u00e1s aportaba al equilibrio de las cuentas p\u00fablicas.<\/p>\n\n\n\n<p>Las dilaciones en la implementaci\u00f3n de la recomposici\u00f3n, entonces, aun cuando el fundamento sea evitar una judicializaci\u00f3n de la cuesti\u00f3n que termine entorpeciendo a\u00fan m\u00e1s todo el proceso, puede provocar inquietud en uno de los principales ejes del plan econ\u00f3mico en los que el mercado siempre le crey\u00f3 a Caputo y, particularmente, al presidente Javier Milei.<\/p>\n\n\n\n<p>\u201cAs\u00ed no va a caminar la consolidaci\u00f3n fiscal\u201d, reaccion\u00f3 por caso el economista Gabriel Caama\u00f1o, de la consultora EcoLedesma ante la perspectiva de que la correcci\u00f3n de las tarifas se empantane.<\/p>\n\n\n\n<p>Lo m\u00e1s llamativo es que, dada la alta demanda de electricidad en estos meses, la expectativa era exactamente la contraria: que el Gobierno apurara las subas en electricidad para lograr un mayor ahorro en el grueso del volumen de subsidios que acapara el rubro (70% del total de asistencia financiera para la energ\u00eda) mientras que, precisamente por cuestiones estacionales, la postergaci\u00f3n en la suba de tarifas de gas tiene un impacto relativamente menor.<\/p>\n\n\n\n<p>De todos modos, todav\u00eda existe en las empresas del sector cierta expectativs de que el freno a los incrementos, de confirmarse, no se aplique a todos los componentes de la cadena y que se habilite el ajuste para el transporte y la distribuci\u00f3n. Con todo, nadie espera ya novedades esta semana sino que esperan ahora ser contactados desde el Gobierno a partir de la pr\u00f3xima semana.<\/p>\n\n\n\n<p>Fuente: Infobae<\/p>\n","protected":false},"excerpt":{"rendered":"<div class=\"mh-excerpt\"><p>El ajuste de tarifas es una trampa que acecha desde hace a\u00f1os a cada ministro de Econom\u00eda que intenta avanzar en la correcci\u00f3n de precios relativos. Luis Caputo, testigo privilegiado de las dificultades que tuvo el gobierno de Mauricio Macri para recomponer el precio de los servicios p\u00fablicos, no es la excepci\u00f3n. El fallo de la Corte que en octubre de 2016 oblig\u00f3 al gobierno de ese entonces a retrotraer el aumento que se hab\u00eda aplicado en abril parece haber calado hondo en el actual ministro, que ahora prefiere dar pasos con pie de plomo a pesar de la urgencia <a class=\"mh-excerpt-more\" href=\"http:\/\/dsrmedios.com.ar\/diario\/archivos\/42846\" title=\"Tarifas: tras la postergaci\u00f3n de la suba del gas, surgen dudas por el aumento de la luz y hay inquietud en el sector\">[Leer m\u00e1s]<\/a><\/p>\n<\/div>","protected":false},"author":8,"featured_media":3654,"comment_status":"open","ping_status":"closed","sticky":false,"template":"","format":"standard","meta":{"_jetpack_newsletter_access":""},"categories":[6],"tags":[],"jetpack_featured_media_url":"http:\/\/dsrmedios.com.ar\/diario\/wp-content\/uploads\/2018\/01\/luz_3.jpg","jetpack_sharing_enabled":true,"jetpack_shortlink":"https:\/\/wp.me\/p9fihK-b94","_links":{"self":[{"href":"http:\/\/dsrmedios.com.ar\/diario\/wp-json\/wp\/v2\/posts\/42846"}],"collection":[{"href":"http:\/\/dsrmedios.com.ar\/diario\/wp-json\/wp\/v2\/posts"}],"about":[{"href":"http:\/\/dsrmedios.com.ar\/diario\/wp-json\/wp\/v2\/types\/post"}],"author":[{"embeddable":true,"href":"http:\/\/dsrmedios.com.ar\/diario\/wp-json\/wp\/v2\/users\/8"}],"replies":[{"embeddable":true,"href":"http:\/\/dsrmedios.com.ar\/diario\/wp-json\/wp\/v2\/comments?post=42846"}],"version-history":[{"count":1,"href":"http:\/\/dsrmedios.com.ar\/diario\/wp-json\/wp\/v2\/posts\/42846\/revisions"}],"predecessor-version":[{"id":42847,"href":"http:\/\/dsrmedios.com.ar\/diario\/wp-json\/wp\/v2\/posts\/42846\/revisions\/42847"}],"wp:featuredmedia":[{"embeddable":true,"href":"http:\/\/dsrmedios.com.ar\/diario\/wp-json\/wp\/v2\/media\/3654"}],"wp:attachment":[{"href":"http:\/\/dsrmedios.com.ar\/diario\/wp-json\/wp\/v2\/media?parent=42846"}],"wp:term":[{"taxonomy":"category","embeddable":true,"href":"http:\/\/dsrmedios.com.ar\/diario\/wp-json\/wp\/v2\/categories?post=42846"},{"taxonomy":"post_tag","embeddable":true,"href":"http:\/\/dsrmedios.com.ar\/diario\/wp-json\/wp\/v2\/tags?post=42846"}],"curies":[{"name":"wp","href":"https:\/\/api.w.org\/{rel}","templated":true}]}}