{"id":42818,"date":"2024-01-30T10:48:38","date_gmt":"2024-01-30T13:48:38","guid":{"rendered":"http:\/\/dsrmedios.com.ar\/diario\/?p=42818"},"modified":"2024-01-30T10:48:41","modified_gmt":"2024-01-30T13:48:41","slug":"jubilados-cuanto-percibiran-este-ano-con-la-formula-vigente-en-lugar-del-ajuste-por-inflacion-que-propuso-el-gobierno","status":"publish","type":"post","link":"http:\/\/dsrmedios.com.ar\/diario\/archivos\/42818","title":{"rendered":"Jubilados: cu\u00e1nto percibir\u00e1n este a\u00f1o con la f\u00f3rmula vigente en lugar del ajuste por inflaci\u00f3n que propuso el Gobierno"},"content":{"rendered":"\n<p>Tras descartarse los aumentos por decreto de las jubilaciones y la posibilidad de cambiar la actual f\u00f3rmula de movilidad jubilatoria a trav\u00e9s de la\u00a0<strong>ley \u00f3mnibus<\/strong>\u00a0por una atada a la inflaci\u00f3n a partir de abril, los haberes de los jubilados seguir\u00edan perdiendo poder adquisitivo en un contexto en que la aceleraci\u00f3n de precios corre al 20% mensual, seg\u00fan un informe de<strong>\u00a0LCG<\/strong>.<a rel=\"noreferrer noopener\" href=\"https:\/\/www.infobae.com\/economia\/2024\/01\/30\/dolar-hoy-en-vivo-a-cuanto-abre-este-martes-30-de-enero-y-cual-es-el-precio-minuto-a-minuto\/\" target=\"_blank\"><\/a><\/p>\n\n\n\n<p>En detalle, en la actualidad la actualizaci\u00f3n de los haberes se realiza de manera trimestral (marzo, junio, septiembre y diciembre) en funci\u00f3n de la evoluci\u00f3n de los salarios y de los ingresos tributarios destinados a&nbsp;<strong>ANSES<\/strong>, con un rezago de tres meses.<\/p>\n\n\n\n<p>Entonces, el ajuste a aplicar en marzo contempla la din\u00e1mica de estas dos variables durante el trimestre octubre-diciembre de 2023. En base a c\u00e1lculos de LCG,\u00a0<strong>esto implicar\u00e1 un incremento de los haberes en torno al 44% mensual.<\/strong><a rel=\"noreferrer noopener\" href=\"https:\/\/www.infobae.com\/economia\/2024\/01\/30\/ajuste-fiscal-se-retraso-el-pago-de-salarios-en-ciertos-organismos-publicos-como-las-universidades-por-decision-del-bcra\/\" target=\"_blank\"><\/a><\/p>\n\n\n\n<p>Pero, seg\u00fan indica el informe de la consultora, si la inflaci\u00f3n se sostiene en los niveles actuales, el aumento previsto por la ley no alcanzar\u00e1 para cubrir la p\u00e9rdida de poder adquisitivo en estos meses.<\/p>\n\n\n\n<p>Si bien este era el argumento que el oficialismo utilizaba para avalar la derogaci\u00f3n de la f\u00f3rmula, no explicitaba que los aumentos que ofrecer\u00eda corregir\u00edan esta situaci\u00f3n.<a rel=\"noreferrer noopener\" href=\"https:\/\/www.infobae.com\/economia\/2024\/01\/30\/la-inflacion-acorto-el-financiamiento-con-tarjeta-de-credito-y-dejo-el-plazo-maximo-en-6-cuotas\/\" target=\"_blank\"><\/a><\/p>\n\n\n\n<p>De acuerdo a LCG, una f\u00f3rmula que considere s\u00f3lo Indice de Precios al Consumidor (IPC) c\u00f3mo variable de indexaci\u00f3n hace preservar mejor (aunque sea parcialmente) el poder adquisitivo de las jubilaciones para los pr\u00f3ximos meses, porque el contexto es el de una sensible ca\u00edda del salario real.<\/p>\n\n\n\n<p>\u201cEsta mejor cobertura se da incluso si el IPC utilizado para las jubilaciones pagadas en abril fuera el de febrero, perdi\u00e9ndose la inflaci\u00f3n de enero\u201d, asegur\u00f3 la consultora en un informe.<\/p>\n\n\n\n<p>\u201cDurante 2024 el ajuste por IPC preserva a las jubilaciones de una nueva ca\u00edda del salario real como consecuencia de la \u00faltima devaluaci\u00f3n y el aumento de precios. Adem\u00e1s, los recursos tributarios destinados a Anses (IVA, impuesto al cheque, combustibles, etc), el otro componente de la f\u00f3rmula vigente, tambi\u00e9n se ver\u00edan afectados en el marco de una recesi\u00f3n\u201d, sostuvo.<\/p>\n\n\n\n<p><img decoding=\"async\" loading=\"lazy\" alt=\"Estimaciones de evoluci\u00f3n de los haberes jubilatorios seg\u00fan la f\u00f3rmula de movilidad \" height=\"695\" width=\"1170\" src=\"https:\/\/www.infobae.com\/new-resizer\/hqk0R4tfb9mmdgGHQYLV4qP5PjQ=\/992x606\/filters:format(webp):quality(85)\/cloudfront-us-east-1.images.arcpublishing.com\/infobae\/HLVJBVO7CFDBPHITIKOH2IQNR4.jpg%20992w\" srcset=\"https:\/\/www.infobae.com\/new-resizer\/hqk0R4tfb9mmdgGHQYLV4qP5PjQ=\/992x606\/filters:format(webp):quality(85)\/cloudfront-us-east-1.images.arcpublishing.com\/infobae\/HLVJBVO7CFDBPHITIKOH2IQNR4.jpg 992w\">Estimaciones de evoluci\u00f3n de los haberes jubilatorios seg\u00fan la f\u00f3rmula de movilidad<\/p>\n\n\n\n<p>Cabe destacar que ninguna de las dos opciones implicar\u00e1 la recuperaci\u00f3n del ajuste real del 48% que acumularon los haberes jubilatorios en los \u00faltimos 6 a\u00f1os. M\u00e1s bien tienden a perpetuar la p\u00e9rdida. En promedio,<strong>&nbsp;los haberes se incrementar\u00edan 284% en 2024 contra una inflaci\u00f3n esperada de 490% anual y una proyecci\u00f3n de ca\u00edda de la actividad del 4% anual.<\/strong><\/p>\n\n\n\n<p>\u201cDesde una perspectiva de m\u00e1s largo plazo, las opciones IPC (dependiendo del mes que se tome para actualizar las jubilaciones) supondr\u00edan poner los haberes en niveles semejantes a los de 2004-2005. Se ubicar\u00edan lejos de niveles que alcanzaron a partir de los ajustes por movilidad que se dieron desde 2008 por la aplicaci\u00f3n de distintas f\u00f3rmulas\u201d, explic\u00f3 el informe de LCG.<\/p>\n\n\n\n<h2>Implicancias fiscales<\/h2>\n\n\n\n<p>Por otro lado, es importante poner el foco en lo que representa cada opci\u00f3n para las cuentas p\u00fablicas. Por caso, el gasto en jubilaciones de ANSES fue equivalente a&nbsp;<strong>6,5% del PBI&nbsp;<\/strong>en 2023 y cerr\u00f3 el tercer a\u00f1o al hilo en baja con un ajuste de casi 2 puntos porcentuales respecto a 2017-2019. Aun as\u00ed, representa 32% del gasto primario del sector p\u00fablico nacional.<\/p>\n\n\n\n<p>El informe sostiene que la f\u00f3rmula vigente implicar\u00eda un nuevo ajuste en el gasto, que cerrar\u00eda en<strong>&nbsp;4,8% del PBI en 2024<\/strong>, mientras que con la indexaci\u00f3n por IPC a partir de abril el recorte del gasto ser\u00eda menor: se reducir\u00eda a&nbsp;<strong>6% del PBI&nbsp;<\/strong>si el empalme se hace con la inflaci\u00f3n de enero o a&nbsp;<strong>5,6% del PBI<\/strong>&nbsp;si se hace con la de febrero.<\/p>\n\n\n\n<p>En tanto, LCG indic\u00f3 que la f\u00f3rmula de movilidad que opera hoy implica un aumento de la carga fiscal en momentos de desinflaci\u00f3n y un alivio en momentos de aceleraci\u00f3n. La contracara es la mejora\/ p\u00e9rdida de poder adquisitivo de los haberes en cada caso.<\/p>\n\n\n\n<p>\u201cEsto responde en parte al rezago con que se contemplan las variables que se incluyen en la f\u00f3rmula (haberes se mueven con inflaci\u00f3n pasada, ingresos p\u00fablicos mayormente con inflaci\u00f3n presente)\u201d, explicaron.<\/p>\n\n\n\n<p>Fuente: Infobae<\/p>\n","protected":false},"excerpt":{"rendered":"<div class=\"mh-excerpt\"><p>Tras descartarse los aumentos por decreto de las jubilaciones y la posibilidad de cambiar la actual f\u00f3rmula de movilidad jubilatoria a trav\u00e9s de la\u00a0ley \u00f3mnibus\u00a0por una atada a la inflaci\u00f3n a partir de abril, los haberes de los jubilados seguir\u00edan perdiendo poder adquisitivo en un contexto en que la aceleraci\u00f3n de precios corre al 20% mensual, seg\u00fan un informe de\u00a0LCG. En detalle, en la actualidad la actualizaci\u00f3n de los haberes se realiza de manera trimestral (marzo, junio, septiembre y diciembre) en funci\u00f3n de la evoluci\u00f3n de los salarios y de los ingresos tributarios destinados a&nbsp;ANSES, con un rezago de tres <a class=\"mh-excerpt-more\" href=\"http:\/\/dsrmedios.com.ar\/diario\/archivos\/42818\" title=\"Jubilados: cu\u00e1nto percibir\u00e1n este a\u00f1o con la f\u00f3rmula vigente en lugar del ajuste por inflaci\u00f3n que propuso el Gobierno\">[Leer m\u00e1s]<\/a><\/p>\n<\/div>","protected":false},"author":8,"featured_media":32776,"comment_status":"open","ping_status":"closed","sticky":false,"template":"","format":"standard","meta":{"_jetpack_newsletter_access":""},"categories":[6],"tags":[],"jetpack_featured_media_url":"http:\/\/dsrmedios.com.ar\/diario\/wp-content\/uploads\/2023\/05\/jubilados_y_pensionados_anses_2022.jpg_557888218.webp","jetpack_sharing_enabled":true,"jetpack_shortlink":"https:\/\/wp.me\/p9fihK-b8C","_links":{"self":[{"href":"http:\/\/dsrmedios.com.ar\/diario\/wp-json\/wp\/v2\/posts\/42818"}],"collection":[{"href":"http:\/\/dsrmedios.com.ar\/diario\/wp-json\/wp\/v2\/posts"}],"about":[{"href":"http:\/\/dsrmedios.com.ar\/diario\/wp-json\/wp\/v2\/types\/post"}],"author":[{"embeddable":true,"href":"http:\/\/dsrmedios.com.ar\/diario\/wp-json\/wp\/v2\/users\/8"}],"replies":[{"embeddable":true,"href":"http:\/\/dsrmedios.com.ar\/diario\/wp-json\/wp\/v2\/comments?post=42818"}],"version-history":[{"count":1,"href":"http:\/\/dsrmedios.com.ar\/diario\/wp-json\/wp\/v2\/posts\/42818\/revisions"}],"predecessor-version":[{"id":42819,"href":"http:\/\/dsrmedios.com.ar\/diario\/wp-json\/wp\/v2\/posts\/42818\/revisions\/42819"}],"wp:featuredmedia":[{"embeddable":true,"href":"http:\/\/dsrmedios.com.ar\/diario\/wp-json\/wp\/v2\/media\/32776"}],"wp:attachment":[{"href":"http:\/\/dsrmedios.com.ar\/diario\/wp-json\/wp\/v2\/media?parent=42818"}],"wp:term":[{"taxonomy":"category","embeddable":true,"href":"http:\/\/dsrmedios.com.ar\/diario\/wp-json\/wp\/v2\/categories?post=42818"},{"taxonomy":"post_tag","embeddable":true,"href":"http:\/\/dsrmedios.com.ar\/diario\/wp-json\/wp\/v2\/tags?post=42818"}],"curies":[{"name":"wp","href":"https:\/\/api.w.org\/{rel}","templated":true}]}}