{"id":42800,"date":"2024-01-30T10:23:22","date_gmt":"2024-01-30T13:23:22","guid":{"rendered":"http:\/\/dsrmedios.com.ar\/diario\/?p=42800"},"modified":"2024-01-30T10:23:24","modified_gmt":"2024-01-30T13:23:24","slug":"el-gobierno-evalua-subir-un-impuesto-y-las-naftas-podrian-aumentar-desde-el-jueves","status":"publish","type":"post","link":"http:\/\/dsrmedios.com.ar\/diario\/archivos\/42800","title":{"rendered":"El Gobierno eval\u00faa subir un impuesto y las naftas podr\u00edan aumentar desde el jueves"},"content":{"rendered":"\n<p>Las naftas podr\u00edan subir hasta un 11% desde el jueves por la actualizaci\u00f3n del impuesto a los combustibles L\u00edquidos (ICL). El Gobierno empez\u00f3 a evaluar esa medida para sumar recaudaci\u00f3n y compensar el bloqueo de su reforma impositiva prevista en la ley \u00f3mnibus.<\/p>\n\n\n\n<p>Seg\u00fan c\u00e1lculos de la industria petrolera, el gravamen en cuesti\u00f3n no se actualiza desde julio de 2021, lo que habr\u00eda generado un atraso acumulado del 377%. El Gobierno de Alberto Fern\u00e1ndez decidi\u00f3 congelarlo en medio de la aceleraci\u00f3n de la inflaci\u00f3n, una medida que luego extendi\u00f3 el ministro de Econom\u00eda, Sergio Massa, a pocos d\u00edas de la segunda vuelta electoral.<\/p>\n\n\n\n<p>Ahora, la expectativa en el sector es que haya un ajuste del impuesto a los combustibles l\u00edquidos y al di\u00f3xido de carbono, lo que podr\u00eda reflejarse en un incremento del 11% en surtidores desde el jueves, cuando vence la pr\u00f3rroga del congelamiento dispuesta por Massa.<\/p>\n\n\n\n<p>Desde diciembre, el Gobierno de Javier Milei puso en marcha un plan de shock, que comenz\u00f3 con una devaluaci\u00f3n del 118% y la \u201cliberaci\u00f3n de precios\u201d, incluidos los combustibles. As\u00ed, desde noviembre las naftas subieron un 140%, lo que impact\u00f3 en los bolsillos y provoc\u00f3 una ca\u00edda en las ventas del fluido del 20% desde que comenz\u00f3 el a\u00f1o.<\/p>\n\n\n\n<p>Para el director del IARAF, Nad\u00edn Arga\u00f1araz, si el gobierno actualiza el impuesto a los combustibles en funci\u00f3n del atraso acumulado, el precio de la nafta podr\u00eda subir un 25%. Seg\u00fan sus c\u00e1lculos, la recaudaci\u00f3n mensual cay\u00f3 un 77% por el congelamiento. Y si se ajustara, Naci\u00f3n podr\u00eda juntar recursos extras por 0,37% del PBI y las provincias, por 0,15%.<\/p>\n\n\n\n<p>Fuente: Clarin<\/p>\n","protected":false},"excerpt":{"rendered":"<div class=\"mh-excerpt\"><p>Las naftas podr\u00edan subir hasta un 11% desde el jueves por la actualizaci\u00f3n del impuesto a los combustibles L\u00edquidos (ICL). El Gobierno empez\u00f3 a evaluar esa medida para sumar recaudaci\u00f3n y compensar el bloqueo de su reforma impositiva prevista en la ley \u00f3mnibus. Seg\u00fan c\u00e1lculos de la industria petrolera, el gravamen en cuesti\u00f3n no se actualiza desde julio de 2021, lo que habr\u00eda generado un atraso acumulado del 377%. El Gobierno de Alberto Fern\u00e1ndez decidi\u00f3 congelarlo en medio de la aceleraci\u00f3n de la inflaci\u00f3n, una medida que luego extendi\u00f3 el ministro de Econom\u00eda, Sergio Massa, a pocos d\u00edas de la <a class=\"mh-excerpt-more\" href=\"http:\/\/dsrmedios.com.ar\/diario\/archivos\/42800\" title=\"El Gobierno eval\u00faa subir un impuesto y las naftas podr\u00edan aumentar desde el jueves\">[Leer m\u00e1s]<\/a><\/p>\n<\/div>","protected":false},"author":8,"featured_media":35308,"comment_status":"open","ping_status":"closed","sticky":false,"template":"","format":"standard","meta":{"_jetpack_newsletter_access":""},"categories":[6],"tags":[],"jetpack_featured_media_url":"http:\/\/dsrmedios.com.ar\/diario\/wp-content\/uploads\/2023\/06\/aumento-combustible-nafta.webp","jetpack_sharing_enabled":true,"jetpack_shortlink":"https:\/\/wp.me\/p9fihK-b8k","_links":{"self":[{"href":"http:\/\/dsrmedios.com.ar\/diario\/wp-json\/wp\/v2\/posts\/42800"}],"collection":[{"href":"http:\/\/dsrmedios.com.ar\/diario\/wp-json\/wp\/v2\/posts"}],"about":[{"href":"http:\/\/dsrmedios.com.ar\/diario\/wp-json\/wp\/v2\/types\/post"}],"author":[{"embeddable":true,"href":"http:\/\/dsrmedios.com.ar\/diario\/wp-json\/wp\/v2\/users\/8"}],"replies":[{"embeddable":true,"href":"http:\/\/dsrmedios.com.ar\/diario\/wp-json\/wp\/v2\/comments?post=42800"}],"version-history":[{"count":1,"href":"http:\/\/dsrmedios.com.ar\/diario\/wp-json\/wp\/v2\/posts\/42800\/revisions"}],"predecessor-version":[{"id":42802,"href":"http:\/\/dsrmedios.com.ar\/diario\/wp-json\/wp\/v2\/posts\/42800\/revisions\/42802"}],"wp:featuredmedia":[{"embeddable":true,"href":"http:\/\/dsrmedios.com.ar\/diario\/wp-json\/wp\/v2\/media\/35308"}],"wp:attachment":[{"href":"http:\/\/dsrmedios.com.ar\/diario\/wp-json\/wp\/v2\/media?parent=42800"}],"wp:term":[{"taxonomy":"category","embeddable":true,"href":"http:\/\/dsrmedios.com.ar\/diario\/wp-json\/wp\/v2\/categories?post=42800"},{"taxonomy":"post_tag","embeddable":true,"href":"http:\/\/dsrmedios.com.ar\/diario\/wp-json\/wp\/v2\/tags?post=42800"}],"curies":[{"name":"wp","href":"https:\/\/api.w.org\/{rel}","templated":true}]}}