{"id":42785,"date":"2024-01-25T11:47:38","date_gmt":"2024-01-25T14:47:38","guid":{"rendered":"http:\/\/dsrmedios.com.ar\/diario\/?p=42785"},"modified":"2024-01-25T11:47:40","modified_gmt":"2024-01-25T14:47:40","slug":"el-gobierno-dijo-que-confia-en-aprobar-la-ley-omnibus-y-advirtio-que-no-aceptara-mas-cambios","status":"publish","type":"post","link":"http:\/\/dsrmedios.com.ar\/diario\/archivos\/42785","title":{"rendered":"El Gobierno dijo que conf\u00eda en aprobar la ley \u00f3mnibus y advirti\u00f3 que no aceptar\u00e1 m\u00e1s cambios"},"content":{"rendered":"\n<p>En otra semana agitada, el Gobierno nacional dividi\u00f3 su atenci\u00f3n entre el<a rel=\"noreferrer noopener\" href=\"https:\/\/www.infobae.com\/politica\/2024\/01\/25\/el-gobierno-minimizo-el-paro-de-la-cgt-y-se-enfoca-en-la-ley-omnibus-la-puja-con-las-provincias-por-las-retenciones\/\" target=\"_blank\">\u00a0paro general\u00a0<\/a>y movilizaci\u00f3n de la CGT y\u00a0<a rel=\"noreferrer noopener\" href=\"https:\/\/www.infobae.com\/politica\/2024\/01\/25\/ley-omnibus-los-cinco-puntos-sin-consenso-que-podrian-ser-rechazados-en-la-camara-de-diputados\/\" target=\"_blank\">la ley \u00f3mnibus<\/a>, que obtuvo dictamen favorable en comisi\u00f3n, con varios cambios respecto al proyecto original. Y pese a que de los 55 votos que logr\u00f3 el oficialismo 34 fueron en disidencia, desde el Poder Ejecutivo advirtieron que no contemplan ofrecer m\u00e1s modificaciones antes de su tratamiento en el recinto.<a rel=\"noreferrer noopener\" href=\"https:\/\/www.infobae.com\/politica\/2024\/01\/25\/el-diputado-peronista-que-firmo-el-dictamen-de-mayoria-de-la-ley-omnibus-explico-por-que-acompano-al-gobierno-y-se-fue-de-union-por-la-patria\/\" target=\"_blank\"><\/a><\/p>\n\n\n\n<p>El ministro del Interior, Guillermo Francos, asegur\u00f3 hoy que conf\u00edan en que la llamada ley Bases ser\u00e1 aprobada, primero en la C\u00e1mara de Diputados y luego en el Senado, aunque admiti\u00f3 que hay algunos \u201cdiputados y gobernadores\u201d que a\u00fan tienen reparos en algunos puntos. Pese a eso, aclar\u00f3 que no piensan en ofrecer nuevos cambios respecto del proyecto que envi\u00f3 el Gobierno.<\/p>\n\n\n\n<p>\u201cTodos los acuerdos a los que se han llegado con los bloques que han llevado a este dictamen de mayor\u00eda<strong>\u00a0contemplan la m\u00e1xima capacidad de cesi\u00f3n que tiene el Gobierno en funci\u00f3n de lo que pretende de la situaci\u00f3n econ\u00f3mica de los pr\u00f3ximos meses.<\/strong>\u00a0Sabemos que hay algunos legisladores y gobernadores que tienen una visi\u00f3n diferente sobre esto\u201d, dijo Francos.<a rel=\"noreferrer noopener\" href=\"https:\/\/www.infobae.com\/politica\/2024\/01\/25\/el-diputado-peronista-que-firmo-el-dictamen-de-mayoria-de-la-ley-omnibus-explico-por-que-acompano-al-gobierno-y-se-fue-de-union-por-la-patria\/\" target=\"_blank\"><\/a><\/p>\n\n\n\n<p>En di\u00e1logo con el periodista Marcelo Longobardi en Radio Rivadavia, el ministro asegur\u00f3 que el tema central es el de las retenciones, sobre el que varios gobernadores est\u00e1n en contra.<\/p>\n\n\n\n<p><\/p>\n\n\n\n<p>\u201cTodos sabemos que es un mal grav\u00e1men, pero es el lugar del que hoy se puede obtener recursos para equilibrar la econom\u00eda. La intenci\u00f3n del Gobierno es mantenerlo. Por supuesto, en el proceso de la votaci\u00f3n<strong>\u00a0si los diputados resuelven que no se tocan, bueno, habr\u00e1 que hacer recortes en otros sectores de la econom\u00eda<\/strong>\u201d, advirti\u00f3 Francos.<a rel=\"noreferrer noopener\" href=\"https:\/\/www.infobae.com\/politica\/2024\/01\/25\/el-diputado-peronista-que-firmo-el-dictamen-de-mayoria-de-la-ley-omnibus-explico-por-que-acompano-al-gobierno-y-se-fue-de-union-por-la-patria\/\" target=\"_blank\"><\/a><\/p>\n\n\n\n<p>El Gobierno sorte\u00f3 el primer obst\u00e1culo en la carrera por aprobar la<strong>&nbsp;Ley \u00d3mnibus<\/strong>: en la madrugada de este mi\u00e9rcoles logr\u00f3 obtener el&nbsp;<strong>dictamen de mayor\u00eda<\/strong>&nbsp;en el plenario de comisiones tras fren\u00e9ticas negociaciones con la oposici\u00f3n dialoguista. Sin embargo, las conversaciones volvieron a empantanarse y la&nbsp;<strong>sesi\u00f3n<\/strong>&nbsp;prevista para ma\u00f1ana tuvo que postergarse hasta la&nbsp;<strong>semana que viene<\/strong>.<\/p>\n\n\n\n<p><img decoding=\"async\" loading=\"lazy\" alt=\"El Gobierno consigui\u00f3 en la madrugada del mi\u00e9rcoles el dictamen en comisi\u00f3n para su proyecto de ley \u00f3mnibus. Foto: Franco Fafasuli\" height=\"1080\" width=\"1920\" src=\"https:\/\/www.infobae.com\/new-resizer\/TlN6nUM370k9mOcVXtjFOXuvcqI=\/420x236\/filters:format(webp):quality(85)\/cloudfront-us-east-1.images.arcpublishing.com\/infobae\/JGGQDB7L2VHZNHAA5VWMS2OAKA.jpg%20420w\" srcset=\"https:\/\/www.infobae.com\/new-resizer\/TlN6nUM370k9mOcVXtjFOXuvcqI=\/420x236\/filters:format(webp):quality(85)\/cloudfront-us-east-1.images.arcpublishing.com\/infobae\/JGGQDB7L2VHZNHAA5VWMS2OAKA.jpg 420w,https:\/\/www.infobae.com\/new-resizer\/0v4l4ad4QWnKm14jUTRB-kfOalI=\/768x432\/filters:format(webp):quality(85)\/cloudfront-us-east-1.images.arcpublishing.com\/infobae\/JGGQDB7L2VHZNHAA5VWMS2OAKA.jpg 768w,https:\/\/www.infobae.com\/new-resizer\/kZ7H2VR3oraXSyrB7CiUqevZdzc=\/992x558\/filters:format(webp):quality(85)\/cloudfront-us-east-1.images.arcpublishing.com\/infobae\/JGGQDB7L2VHZNHAA5VWMS2OAKA.jpg 992w,https:\/\/www.infobae.com\/new-resizer\/Z6T83vBr293zUzEvlLUSjwvYvqM=\/1200x675\/filters:format(webp):quality(85)\/cloudfront-us-east-1.images.arcpublishing.com\/infobae\/JGGQDB7L2VHZNHAA5VWMS2OAKA.jpg 1200w,https:\/\/www.infobae.com\/new-resizer\/j6So_ozPKFXDgeQ_hBQJQ2sYiOI=\/1440x810\/filters:format(webp):quality(85)\/cloudfront-us-east-1.images.arcpublishing.com\/infobae\/JGGQDB7L2VHZNHAA5VWMS2OAKA.jpg 1440w\">El Gobierno consigui\u00f3 en la madrugada del mi\u00e9rcoles el dictamen en comisi\u00f3n para su proyecto de ley \u00f3mnibus. Foto: Franco Fafasuli<\/p>\n\n\n\n<p>El oficialismo sum\u00f3 55 firmas de los 115 miembros del plenario, pero 34 fueron \u201ccon disidencias parciales\u201d, incluso de sus aliados m\u00e1s cercanos, el PRO. La&nbsp;<strong>UCR<\/strong>&nbsp;se parti\u00f3 por la mitad, de los 16 integrantes del plenario, 8 votaron con el oficialismo y el resto decidi\u00f3 no acompa\u00f1ar ning\u00fan dictamen. Fue una forma de hacer expl\u00edcitas sus intenciones de que el Gobierno siga haciendo cambios en el texto.<\/p>\n\n\n\n<p>Francos admiti\u00f3 hoy que \u201c<strong>es complejo tratar una ley que abarca tantos aspectos de la realidad de un pa\u00eds\u201d,&nbsp;<\/strong>pero dijo que eso tambi\u00e9n era cuando presentaron el proyecto y que, sin embargo, lograron el dictamen en comisi\u00f3n.<\/p>\n\n\n\n<p>\u201cCreo que\u00a0<strong>estamos muy cerca de poder aprobar la ley en la C\u00e1mara de Diputados<\/strong>. Quedar\u00e1n algunos temas para discutir en el recinto, pero conceptualmente estamos convencidos de que la ley va a avanzar\u201d, sostuvo el funcionario.<\/p>\n\n\n\n<p>Francos, quien durante el Gobierno de Alberto Fern\u00e1ndez fue representante de Argentina en el Banco Interamericano de Desarrollo (renunci\u00f3 a ese cargo en noviembre del a\u00f1o pasado, cuando se sum\u00f3 al equipo de Javier Milei) tambi\u00e9n se refiri\u00f3 a los dichos del diputado Miguel \u00c1ngel Pichetto sobre la necesidad de que el oficialismo tenga gobernabilidad.<\/p>\n\n\n\n<p><strong>\u201c<\/strong>Estamos conversando todos los d\u00edas. Entiendo el \u00e1nimo del diputado Pichetto, que es un hombre de gran experiencia y que ha tenido una actitud colaborativa para encontrar un punto de coincidencia, pero el Gobierno tambi\u00e9n lo ha hecho. El acuerdo de gobernabilidad se consigue cuando una ley de esta caracter\u00edstica, que abarca muchos temas y de gran trascendencia, se sanciona. El Congreso la aprueba ley y le dice al Ejecutivo \u2018gobern\u00e1 con esta ley\u2019.<\/p>\n\n\n\n<p>Francos dijo que para el Gobierno ya es un m\u00e9rito que, \u201c<strong>con una posici\u00f3n legislativa muy minoritaria est\u00e1 consiguiendo que se trate una ley que abarca temas muy importantes de la econom\u00eda argentina\u201d.<\/strong><\/p>\n\n\n\n<p>\u201cCuando tengamos normas que no permitan explotar seriamente la cantidad de recursos naturales que Argentina tiene y no explota, eso va a ser el bienestar futuro de los argentinos.&nbsp;<strong>Mientras no tengamos las normas, eso no va a pasar<\/strong>. Llamen a los gobernadores de las provincias que explotan petr\u00f3leo: est\u00e1n de acuerdo. Llamen a los productores del norte a ver qu\u00e9 opinan de la ley respecto al etanol. Van a ver que est\u00e1n de acuerdo. No es casual que hayamos avanzado hasta este punto y que hayamos conseguido acuerdos\u201d, a\u00f1adi\u00f3.<\/p>\n\n\n\n<p>Ayer,&nbsp;<a rel=\"noreferrer noopener\" href=\"https:\/\/www.infobae.com\/economia\/2024\/01\/24\/fuerte-advertencia-de-caputo-a-los-gobernadores-si-no-se-aprueban-las-medidas-economicas-el-ajuste-sera-mas-fuerte\/#:~:text=Minutos%20despu%C3%A9s%2C%20el,de%20X.\" target=\"_blank\">Pichetto mantuvo un cruce en redes sociales con el ministro de Econom\u00eda, Luis Caputo<\/a>, luego de que este publicara un mensaje en el que dec\u00eda que hab\u00eda mantenido una reuni\u00f3n con funcionarios de su cartera en el que analizaron los recortes de fondos a las provincias que aplicar\u00edan en caso de que no se apruebe la ley \u00f3mnibus.<\/p>\n\n\n\n<p>\u201cEl Ministro de Econom\u00eda Luis Caputo, que&nbsp;<strong>no tuvo la valent\u00eda de venir al Congreso<\/strong>, tiene que dejar de apretar a los gobernadores y tratar de buscar acuerdos con los gobiernos provinciales en lugar de amenazarlos\u201d, escribi\u00f3 Pichetto en su cuenta de X.<\/p>\n\n\n\n<p>El ministro de Econom\u00eda le respondi\u00f3 minutos despu\u00e9s: \u201cDiputado, si algo me sobra es valent\u00eda, por eso&nbsp;<strong>acept\u00e9 este puesto en el peor momento de nuestra historia<\/strong>\u201d, le dijo. \u201cCon respecto a no haber ido al Congreso, ten\u00eda cosas m\u00e1s importantes que hacer para el pa\u00eds como cerrar el acuerdo con el Fondo que estaba ca\u00eddo y est\u00e1bamos al borde del default\u201d, asegur\u00f3.<\/p>\n\n\n\n<p>Hoy, en la misma entrevista, Francos defendi\u00f3 los dichos de Caputo y dijo que \u201cno fue una amenaza, es una realidad\u201d.<\/p>\n\n\n\n<p>\u201cNo hay recursos para pagar la enorme cantidad de gastos que tiene el Estado nacional y los estados provinciales. Todas las provincias demandan fondos por distintos temas. Cuando no hay fondos, (el Ejecutivo) suprime las transferencias a las provincias porque no tiene plata para mandar. Y cuando se suprime la transferencia, las provincias van a tener problemas. No es una amenaza, es una realidad. Por ah\u00ed lo tomaron equivocadamente\u201d, subray\u00f3.<\/p>\n\n\n\n<p>Fuente: Infobae<\/p>\n","protected":false},"excerpt":{"rendered":"<div class=\"mh-excerpt\"><p>En otra semana agitada, el Gobierno nacional dividi\u00f3 su atenci\u00f3n entre el\u00a0paro general\u00a0y movilizaci\u00f3n de la CGT y\u00a0la ley \u00f3mnibus, que obtuvo dictamen favorable en comisi\u00f3n, con varios cambios respecto al proyecto original. Y pese a que de los 55 votos que logr\u00f3 el oficialismo 34 fueron en disidencia, desde el Poder Ejecutivo advirtieron que no contemplan ofrecer m\u00e1s modificaciones antes de su tratamiento en el recinto. El ministro del Interior, Guillermo Francos, asegur\u00f3 hoy que conf\u00edan en que la llamada ley Bases ser\u00e1 aprobada, primero en la C\u00e1mara de Diputados y luego en el Senado, aunque admiti\u00f3 que hay <a class=\"mh-excerpt-more\" href=\"http:\/\/dsrmedios.com.ar\/diario\/archivos\/42785\" title=\"El Gobierno dijo que conf\u00eda en aprobar la ley \u00f3mnibus y advirti\u00f3 que no aceptar\u00e1 m\u00e1s cambios\">[Leer m\u00e1s]<\/a><\/p>\n<\/div>","protected":false},"author":8,"featured_media":42787,"comment_status":"open","ping_status":"closed","sticky":false,"template":"","format":"standard","meta":{"_jetpack_newsletter_access":""},"categories":[6],"tags":[],"jetpack_featured_media_url":"http:\/\/dsrmedios.com.ar\/diario\/wp-content\/uploads\/2024\/01\/1706186355688.webp","jetpack_sharing_enabled":true,"jetpack_shortlink":"https:\/\/wp.me\/p9fihK-b85","_links":{"self":[{"href":"http:\/\/dsrmedios.com.ar\/diario\/wp-json\/wp\/v2\/posts\/42785"}],"collection":[{"href":"http:\/\/dsrmedios.com.ar\/diario\/wp-json\/wp\/v2\/posts"}],"about":[{"href":"http:\/\/dsrmedios.com.ar\/diario\/wp-json\/wp\/v2\/types\/post"}],"author":[{"embeddable":true,"href":"http:\/\/dsrmedios.com.ar\/diario\/wp-json\/wp\/v2\/users\/8"}],"replies":[{"embeddable":true,"href":"http:\/\/dsrmedios.com.ar\/diario\/wp-json\/wp\/v2\/comments?post=42785"}],"version-history":[{"count":1,"href":"http:\/\/dsrmedios.com.ar\/diario\/wp-json\/wp\/v2\/posts\/42785\/revisions"}],"predecessor-version":[{"id":42788,"href":"http:\/\/dsrmedios.com.ar\/diario\/wp-json\/wp\/v2\/posts\/42785\/revisions\/42788"}],"wp:featuredmedia":[{"embeddable":true,"href":"http:\/\/dsrmedios.com.ar\/diario\/wp-json\/wp\/v2\/media\/42787"}],"wp:attachment":[{"href":"http:\/\/dsrmedios.com.ar\/diario\/wp-json\/wp\/v2\/media?parent=42785"}],"wp:term":[{"taxonomy":"category","embeddable":true,"href":"http:\/\/dsrmedios.com.ar\/diario\/wp-json\/wp\/v2\/categories?post=42785"},{"taxonomy":"post_tag","embeddable":true,"href":"http:\/\/dsrmedios.com.ar\/diario\/wp-json\/wp\/v2\/tags?post=42785"}],"curies":[{"name":"wp","href":"https:\/\/api.w.org\/{rel}","templated":true}]}}