{"id":42782,"date":"2024-01-25T11:45:09","date_gmt":"2024-01-25T14:45:09","guid":{"rendered":"http:\/\/dsrmedios.com.ar\/diario\/?p=42782"},"modified":"2024-01-25T11:45:12","modified_gmt":"2024-01-25T14:45:12","slug":"argentina-exigio-a-naciones-unidas-que-condene-los-ataque-terroristas-cometidos-por-hamas-contra-israel","status":"publish","type":"post","link":"http:\/\/dsrmedios.com.ar\/diario\/archivos\/42782","title":{"rendered":"Argentina exigi\u00f3 a Naciones Unidas que condene los ataque terroristas cometidos por Hamas contra Israel"},"content":{"rendered":"\n<p><strong>Javier Milei ratific\u00f3 el giro geopol\u00edtico de la Argentina&nbsp;<\/strong>durante un debate del Consejo de Seguridad de la ONU promovido ayer por Francia, adonde se trat\u00f3 la compleja situaci\u00f3n en Medio Oriente causada por los actos terroristas cometidos por Hamas contra Israel.<\/p>\n\n\n\n<p><a href=\"https:\/\/www.infobae.com\/politica\/2024\/01\/25\/el-gobierno-propondra-crear-una-fiscalia-especial-que-se-encargue-de-investigar-la-corrupcion-de-los-funcionarios-publicos\/\" target=\"_blank\" rel=\"noreferrer noopener\"><\/a><\/p>\n\n\n\n<p>La representante permanente del pa\u00eds ante las Naciones Unidas, Mar\u00eda del Carmen Squeff,&nbsp;<strong>reclam\u00f3 que haya una condena directa contra la organizaci\u00f3n fundamentalista que financia Ir\u00e1n,&nbsp;<\/strong>exigi\u00f3 la inmediata liberaci\u00f3n de los rehenes que Hamas mantiene cautivos en los t\u00faneles de la Franja de Gaza y reconoci\u00f3 que&nbsp;<strong>Israel tiene derecho a ejercer su leg\u00edtima defensa<\/strong>&nbsp;cuando es atacado en su propio territorio.<\/p>\n\n\n\n<p>El discurso de Squeff -muy cercana a Cristina Fern\u00e1ndez de Kirchner- fue preparado por el staff de la canciller Diana Mondino y girado a la Casa Rosada para su consideraci\u00f3n.\u00a0<strong>Milei aval\u00f3 el tono geopol\u00edtico de la presentaci\u00f3n diplom\u00e1tica\u00a0<\/strong>y la representante ante la ONU ley\u00f3 el discurso como lleg\u00f3 a su computadora desde el Palacio San Mart\u00edn.<a rel=\"noreferrer noopener\" href=\"https:\/\/www.infobae.com\/politica\/2024\/01\/25\/el-gobierno-propondra-crear-una-fiscalia-especial-que-se-encargue-de-investigar-la-corrupcion-de-los-funcionarios-publicos\/\" target=\"_blank\"><\/a><\/p>\n\n\n\n<p>\u201c<strong>Argentina expresa su m\u00e1s en\u00e9rgica condena a los atentados terroristas de Hamas que est\u00e1n en la ra\u00edz del desastre humanitario\u00a0<\/strong>descrito por el Secretario General. Lamentamos que hasta la fecha estos actos no hayan sido objeto de una condena expl\u00edcita por parte del Consejo de Seguridad de las Naciones Unidas en este sentido. Argentina reconoce el derecho de Israel a ejercer su leg\u00edtima defensa en el marco del derecho internacional conforme al derecho internacional y al derecho internacional humanitario\u201d, sostuvo Squeff despu\u00e9s de escuchar a Antonio Guterres, titular de la ONU.<a rel=\"noreferrer noopener\" href=\"https:\/\/www.infobae.com\/politica\/2024\/01\/25\/asi-reflejaron-el-paro-de-la-cgt-los-medios-internacionales\/\" target=\"_blank\"><\/a><\/p>\n\n\n\n<p>\u201cEn consonancia con la mencionada resoluci\u00f3n,<strong>\u00a0la Argentina exige la inmediata e incondicional liberaci\u00f3n de todos los rehenes tomados en el repudiable atentado terrorista<\/strong>\u00a0perpetrado por Hamas el 7 de octubre del a\u00f1o pasado, que contin\u00faan cautivos. Entre ellos se encuentran ciudadanos argentinos de mi pa\u00eds que contin\u00faan sufriendo en carne propia las consecuencias de dicho acto. Argentina expresa una vez m\u00e1s su compromiso por una paz justa y definitiva, que ponga fin al conflicto palestino-israel\u00ed\u201d.<\/p>\n\n\n\n<p><strong>La posici\u00f3n de Milei contrasta con la mirada sobre el conflicto en Medio Oriente que exhiben Brasil, M\u00e9xico, Chile y Colombia<\/strong>. Lula da Silva, Andr\u00e9s Manuel L\u00f3pez Obrador (AMLO), Gabriel Boric y Gustavo Petro han condenado la r\u00e9plica militar de Israel contra Hamas y se niegan a reconocer que la actual situaci\u00f3n en la regi\u00f3n es consecuencia del ataque fundamentalista del 7 de octubre de 2023.<\/p>\n\n\n\n<p><strong>Hamas es un grupo terrorista apoyado por Ir\u00e1n<\/strong>&nbsp;que mantiene cautivos a cientos de rehenes en Gaza y exige \u201cayuda humanitaria\u201d en nombre de los ciudadanos palestinos que despu\u00e9s&nbsp;<em>utiliza&nbsp;<\/em>para sostener a sus propios fedayines que se esconden en la red de t\u00faneles de la Franja.<\/p>\n\n\n\n<p>El discurso de Squeff ante la ONU va en l\u00ednea con la decisi\u00f3n de Balcarce 50\u00a0<strong>de declarar a Hamas como organizaci\u00f3n terrorista,<\/strong>\u00a0y el objetivo de Milei es anunciar esa posici\u00f3n pol\u00edtica antes de su viaje a Israel. El presidente llegar\u00e1 el seis de febrero a Tel Aviv y desde all\u00ed volar\u00e1 a Roma para participar de la ceremonia de canonizaci\u00f3n de \u201cMam\u00e1 Antula\u201d y mantener una audiencia con el Papa Francisco.<\/p>\n\n\n\n<p>Fuente: Infobae<\/p>\n","protected":false},"excerpt":{"rendered":"<div class=\"mh-excerpt\"><p>Javier Milei ratific\u00f3 el giro geopol\u00edtico de la Argentina&nbsp;durante un debate del Consejo de Seguridad de la ONU promovido ayer por Francia, adonde se trat\u00f3 la compleja situaci\u00f3n en Medio Oriente causada por los actos terroristas cometidos por Hamas contra Israel. La representante permanente del pa\u00eds ante las Naciones Unidas, Mar\u00eda del Carmen Squeff,&nbsp;reclam\u00f3 que haya una condena directa contra la organizaci\u00f3n fundamentalista que financia Ir\u00e1n,&nbsp;exigi\u00f3 la inmediata liberaci\u00f3n de los rehenes que Hamas mantiene cautivos en los t\u00faneles de la Franja de Gaza y reconoci\u00f3 que&nbsp;Israel tiene derecho a ejercer su leg\u00edtima defensa&nbsp;cuando es atacado en su propio territorio. <a class=\"mh-excerpt-more\" href=\"http:\/\/dsrmedios.com.ar\/diario\/archivos\/42782\" title=\"Argentina exigi\u00f3 a Naciones Unidas que condene los ataque terroristas cometidos por Hamas contra Israel\">[Leer m\u00e1s]<\/a><\/p>\n<\/div>","protected":false},"author":8,"featured_media":42783,"comment_status":"open","ping_status":"closed","sticky":false,"template":"","format":"standard","meta":{"_jetpack_newsletter_access":""},"categories":[6],"tags":[],"jetpack_featured_media_url":"http:\/\/dsrmedios.com.ar\/diario\/wp-content\/uploads\/2024\/01\/descarga-32.jpeg","jetpack_sharing_enabled":true,"jetpack_shortlink":"https:\/\/wp.me\/p9fihK-b82","_links":{"self":[{"href":"http:\/\/dsrmedios.com.ar\/diario\/wp-json\/wp\/v2\/posts\/42782"}],"collection":[{"href":"http:\/\/dsrmedios.com.ar\/diario\/wp-json\/wp\/v2\/posts"}],"about":[{"href":"http:\/\/dsrmedios.com.ar\/diario\/wp-json\/wp\/v2\/types\/post"}],"author":[{"embeddable":true,"href":"http:\/\/dsrmedios.com.ar\/diario\/wp-json\/wp\/v2\/users\/8"}],"replies":[{"embeddable":true,"href":"http:\/\/dsrmedios.com.ar\/diario\/wp-json\/wp\/v2\/comments?post=42782"}],"version-history":[{"count":1,"href":"http:\/\/dsrmedios.com.ar\/diario\/wp-json\/wp\/v2\/posts\/42782\/revisions"}],"predecessor-version":[{"id":42784,"href":"http:\/\/dsrmedios.com.ar\/diario\/wp-json\/wp\/v2\/posts\/42782\/revisions\/42784"}],"wp:featuredmedia":[{"embeddable":true,"href":"http:\/\/dsrmedios.com.ar\/diario\/wp-json\/wp\/v2\/media\/42783"}],"wp:attachment":[{"href":"http:\/\/dsrmedios.com.ar\/diario\/wp-json\/wp\/v2\/media?parent=42782"}],"wp:term":[{"taxonomy":"category","embeddable":true,"href":"http:\/\/dsrmedios.com.ar\/diario\/wp-json\/wp\/v2\/categories?post=42782"},{"taxonomy":"post_tag","embeddable":true,"href":"http:\/\/dsrmedios.com.ar\/diario\/wp-json\/wp\/v2\/tags?post=42782"}],"curies":[{"name":"wp","href":"https:\/\/api.w.org\/{rel}","templated":true}]}}