{"id":42765,"date":"2024-01-21T19:37:51","date_gmt":"2024-01-21T22:37:51","guid":{"rendered":"http:\/\/dsrmedios.com.ar\/diario\/?p=42765"},"modified":"2024-01-21T19:37:53","modified_gmt":"2024-01-21T22:37:53","slug":"el-gobierno-modificara-un-articulo-del-mega-dnu-y-les-permitira-a-los-medicos-sugerir-marcas-de-remedios","status":"publish","type":"post","link":"http:\/\/dsrmedios.com.ar\/diario\/archivos\/42765","title":{"rendered":"El Gobierno modificar\u00e1 un art\u00edculo del mega DNU y les permitir\u00e1 a los m\u00e9dicos sugerir marcas de remedios"},"content":{"rendered":"\n<p>En un decreto que se publicar\u00e1 en las pr\u00f3ximas horas en el Bolet\u00edn Oficial, el Gobierno modificar\u00e1 un art\u00edculo del&nbsp;<a href=\"https:\/\/tn.com.ar\/economia\/2024\/01\/15\/dictaron-la-primera-cautelar-para-suspender-el-aumento-de-las-prepagas-impulsado-por-el-dnu-de-milei\/\" target=\"_blank\" rel=\"noreferrer noopener\"><strong>mega DNU&nbsp;<\/strong><\/a>que firm\u00f3<strong>&nbsp;Javier Milei&nbsp;<\/strong>para darles a los m\u00e9dicos la posibilidad de que puedan<strong>&nbsp;sugerir marcas comerciales&nbsp;<\/strong>en sus recetas, seg\u00fan pudo saber&nbsp;<strong>TN.<\/strong><\/p>\n\n\n\n<p>Ante esta medida, ahora&nbsp;<strong>podr\u00e1n sugerir<\/strong>&nbsp;que sea de alg\u00fan<strong>&nbsp;laboratorio en particular.&nbsp;<\/strong>Adem\u00e1s, los establecimientos que no sean habilitados como farmacias solo podr\u00e1n vender anti\u00e1cidos y analg\u00e9sicos.<\/p>\n\n\n\n<p><\/p>\n\n\n\n<p>Un primer borrador, al que tuvo acceso este medio, indica que m\u00e1s all\u00e1 de la sugerencia del doctor que haya recetado la droga, el consumidor tiene derecho de \u201csustituir la misma por una especialidad medicinal&nbsp;<strong>de menor precio&nbsp;<\/strong>que contenga los mismos principios activos, concentraci\u00f3n, forma farmac\u00e9utica y similar cantidad de unidades que el prescripto\u201d.<\/p>\n\n\n\n<figure class=\"wp-block-image\"><img decoding=\"async\" src=\"https:\/\/tn.com.ar\/resizer\/k1-61PYgsMdJxjG57T_s_8X2of8=\/767x0\/smart\/filters:format(webp)\/cloudfront-us-east-1.images.arcpublishing.com\/artear\/KO32QMTT6FDFFEYGFKOYQ56A7Y.jpg\" alt=\"Los m\u00e9dicos ahora podr\u00e1n sugerir que sea de alg\u00fan laboratorio en particular. (Foto: Adobe Stock)\"\/><figcaption class=\"wp-element-caption\">Los m\u00e9dicos ahora podr\u00e1n sugerir que sea de alg\u00fan laboratorio en particular. (Foto: Adobe Stock)<\/figcaption><\/figure>\n\n\n\n<p>Con respecto a los comercios que no est\u00e9n habilitados como farmacias y solo podr\u00e1n vender anti\u00e1cidos y analg\u00e9sicos, esos lugares deber\u00e1n \u201cposeer un espacio para almacenar las especialidades medicinales,&nbsp;<strong>separado e independiente de otros productos&nbsp;<\/strong>comercializados por el establecimiento, resguardado bajo llave y que re\u00fana las condiciones de higiene, seguridad, limpieza, amplitud, luz y ventilaci\u00f3n adecuadas\u201d.<\/p>\n\n\n\n<p>Asimismo, deber\u00e1n acreditar su derecho sobre el inmueble de acuerdo con la legislaci\u00f3n vigente y&nbsp;<strong>p\u00f3liza de seguro&nbsp;<\/strong>que cubra riegos de venta de productor farmac\u00e9uticos por una suma asegurada m\u00ednima equivalente a 750 salarios m\u00ednimos, vitales y m\u00f3viles, seg\u00fan dice el texto.<\/p>\n\n\n\n<p>Entre otros puntos, indican que los medicamentos de venta libre en establecimientos fuera de farmacia deber\u00e1n encontrarse de un modo que la gente no pueda acceder directamente a la especialidades medicinales y\u00a0<strong>fuera del alcance de los ni\u00f1os,<\/strong>\u00a0debiendo ser entregados por un dependiente del establecimiento.<\/p>\n\n\n\n<p>Fuente: tn<\/p>\n","protected":false},"excerpt":{"rendered":"<div class=\"mh-excerpt\"><p>En un decreto que se publicar\u00e1 en las pr\u00f3ximas horas en el Bolet\u00edn Oficial, el Gobierno modificar\u00e1 un art\u00edculo del&nbsp;mega DNU&nbsp;que firm\u00f3&nbsp;Javier Milei&nbsp;para darles a los m\u00e9dicos la posibilidad de que puedan&nbsp;sugerir marcas comerciales&nbsp;en sus recetas, seg\u00fan pudo saber&nbsp;TN. Ante esta medida, ahora&nbsp;podr\u00e1n sugerir&nbsp;que sea de alg\u00fan&nbsp;laboratorio en particular.&nbsp;Adem\u00e1s, los establecimientos que no sean habilitados como farmacias solo podr\u00e1n vender anti\u00e1cidos y analg\u00e9sicos. Un primer borrador, al que tuvo acceso este medio, indica que m\u00e1s all\u00e1 de la sugerencia del doctor que haya recetado la droga, el consumidor tiene derecho de \u201csustituir la misma por una especialidad medicinal&nbsp;de menor precio&nbsp;que <a class=\"mh-excerpt-more\" href=\"http:\/\/dsrmedios.com.ar\/diario\/archivos\/42765\" title=\"El Gobierno modificar\u00e1 un art\u00edculo del mega DNU y les permitir\u00e1 a los m\u00e9dicos sugerir marcas de remedios\">[Leer m\u00e1s]<\/a><\/p>\n<\/div>","protected":false},"author":8,"featured_media":42766,"comment_status":"open","ping_status":"closed","sticky":false,"template":"","format":"standard","meta":{"_jetpack_newsletter_access":""},"categories":[6],"tags":[],"jetpack_featured_media_url":"http:\/\/dsrmedios.com.ar\/diario\/wp-content\/uploads\/2024\/01\/XONTKAQNW7YJRTNDGL65Z4572I.jpg","jetpack_sharing_enabled":true,"jetpack_shortlink":"https:\/\/wp.me\/p9fihK-b7L","_links":{"self":[{"href":"http:\/\/dsrmedios.com.ar\/diario\/wp-json\/wp\/v2\/posts\/42765"}],"collection":[{"href":"http:\/\/dsrmedios.com.ar\/diario\/wp-json\/wp\/v2\/posts"}],"about":[{"href":"http:\/\/dsrmedios.com.ar\/diario\/wp-json\/wp\/v2\/types\/post"}],"author":[{"embeddable":true,"href":"http:\/\/dsrmedios.com.ar\/diario\/wp-json\/wp\/v2\/users\/8"}],"replies":[{"embeddable":true,"href":"http:\/\/dsrmedios.com.ar\/diario\/wp-json\/wp\/v2\/comments?post=42765"}],"version-history":[{"count":1,"href":"http:\/\/dsrmedios.com.ar\/diario\/wp-json\/wp\/v2\/posts\/42765\/revisions"}],"predecessor-version":[{"id":42767,"href":"http:\/\/dsrmedios.com.ar\/diario\/wp-json\/wp\/v2\/posts\/42765\/revisions\/42767"}],"wp:featuredmedia":[{"embeddable":true,"href":"http:\/\/dsrmedios.com.ar\/diario\/wp-json\/wp\/v2\/media\/42766"}],"wp:attachment":[{"href":"http:\/\/dsrmedios.com.ar\/diario\/wp-json\/wp\/v2\/media?parent=42765"}],"wp:term":[{"taxonomy":"category","embeddable":true,"href":"http:\/\/dsrmedios.com.ar\/diario\/wp-json\/wp\/v2\/categories?post=42765"},{"taxonomy":"post_tag","embeddable":true,"href":"http:\/\/dsrmedios.com.ar\/diario\/wp-json\/wp\/v2\/tags?post=42765"}],"curies":[{"name":"wp","href":"https:\/\/api.w.org\/{rel}","templated":true}]}}