{"id":42762,"date":"2024-01-21T19:35:18","date_gmt":"2024-01-21T22:35:18","guid":{"rendered":"http:\/\/dsrmedios.com.ar\/diario\/?p=42762"},"modified":"2024-01-21T19:35:21","modified_gmt":"2024-01-21T22:35:21","slug":"un-auto-volco-en-la-ruta-33-y-dos-personas-resultaron-heridas","status":"publish","type":"post","link":"http:\/\/dsrmedios.com.ar\/diario\/archivos\/42762","title":{"rendered":"Un auto volc\u00f3 en la ruta 33 y dos personas resultaron heridas"},"content":{"rendered":"\n<p>Se registr\u00f3 un accidente de tr\u00e1nsito en la Ruta 33, kil\u00f3metro 20, que involucr\u00f3 a un veh\u00edculo marca Volkswagen Sur\u00e1n con cuatro ocupantes oriundos de Garnica.<\/p>\n\n\n\n<p>El autom\u00f3vil, volc\u00f3 por causas que a\u00fan se desconocen, dejando a dos de sus ocupantes heridos.<\/p>\n\n\n\n<p>El veh\u00edculo era conducido por un hombre de 64 a\u00f1os, quien iba acompa\u00f1ado por su esposa de 63 a\u00f1os y sus dos hijas de 33 y 30 a\u00f1os. Tras el vuelco, el autom\u00f3vil qued\u00f3 sobre la banquina.<\/p>\n\n\n\n<figure class=\"wp-block-image\"><img decoding=\"async\" src=\"https:\/\/www.canalsiete.com.ar\/wp-content\/uploads\/2024\/01\/WhatsApp-Image-2024-01-21-at-16.48.51-1.jpeg.webp\" alt=\"\" class=\"wp-image-340133\"\/><\/figure>\n\n\n\n<p><strong>Personal de ambulancia del servicio Siempre acudi\u00f3 al lugar para brindar asistencia m\u00e9dica a los afectados. Tanto el conductor como su esposa fueron trasladados con politraumatismos, mientras que las dos hijas resultaron ilesas.<\/strong><\/p>\n\n\n\n<p>Adem\u00e1s de los servicios de emergencia m\u00e9dica, tambi\u00e9n participaron en el lugar de Defensa Civil, la Polic\u00eda y Bomberos de Cerri.<\/p>\n\n\n\n<p>Fuente: canal7bahia<\/p>\n","protected":false},"excerpt":{"rendered":"<div class=\"mh-excerpt\"><p>Se registr\u00f3 un accidente de tr\u00e1nsito en la Ruta 33, kil\u00f3metro 20, que involucr\u00f3 a un veh\u00edculo marca Volkswagen Sur\u00e1n con cuatro ocupantes oriundos de Garnica. El autom\u00f3vil, volc\u00f3 por causas que a\u00fan se desconocen, dejando a dos de sus ocupantes heridos. El veh\u00edculo era conducido por un hombre de 64 a\u00f1os, quien iba acompa\u00f1ado por su esposa de 63 a\u00f1os y sus dos hijas de 33 y 30 a\u00f1os. Tras el vuelco, el autom\u00f3vil qued\u00f3 sobre la banquina. Personal de ambulancia del servicio Siempre acudi\u00f3 al lugar para brindar asistencia m\u00e9dica a los afectados. Tanto el conductor como su <a class=\"mh-excerpt-more\" href=\"http:\/\/dsrmedios.com.ar\/diario\/archivos\/42762\" title=\"Un auto volc\u00f3 en la ruta 33 y dos personas resultaron heridas\">[Leer m\u00e1s]<\/a><\/p>\n<\/div>","protected":false},"author":8,"featured_media":42763,"comment_status":"open","ping_status":"closed","sticky":false,"template":"","format":"standard","meta":{"_jetpack_newsletter_access":""},"categories":[8],"tags":[],"jetpack_featured_media_url":"http:\/\/dsrmedios.com.ar\/diario\/wp-content\/uploads\/2024\/01\/WhatsApp-Image-2024-01-21-at-16.48.51-1.jpeg.webp","jetpack_sharing_enabled":true,"jetpack_shortlink":"https:\/\/wp.me\/p9fihK-b7I","_links":{"self":[{"href":"http:\/\/dsrmedios.com.ar\/diario\/wp-json\/wp\/v2\/posts\/42762"}],"collection":[{"href":"http:\/\/dsrmedios.com.ar\/diario\/wp-json\/wp\/v2\/posts"}],"about":[{"href":"http:\/\/dsrmedios.com.ar\/diario\/wp-json\/wp\/v2\/types\/post"}],"author":[{"embeddable":true,"href":"http:\/\/dsrmedios.com.ar\/diario\/wp-json\/wp\/v2\/users\/8"}],"replies":[{"embeddable":true,"href":"http:\/\/dsrmedios.com.ar\/diario\/wp-json\/wp\/v2\/comments?post=42762"}],"version-history":[{"count":1,"href":"http:\/\/dsrmedios.com.ar\/diario\/wp-json\/wp\/v2\/posts\/42762\/revisions"}],"predecessor-version":[{"id":42764,"href":"http:\/\/dsrmedios.com.ar\/diario\/wp-json\/wp\/v2\/posts\/42762\/revisions\/42764"}],"wp:featuredmedia":[{"embeddable":true,"href":"http:\/\/dsrmedios.com.ar\/diario\/wp-json\/wp\/v2\/media\/42763"}],"wp:attachment":[{"href":"http:\/\/dsrmedios.com.ar\/diario\/wp-json\/wp\/v2\/media?parent=42762"}],"wp:term":[{"taxonomy":"category","embeddable":true,"href":"http:\/\/dsrmedios.com.ar\/diario\/wp-json\/wp\/v2\/categories?post=42762"},{"taxonomy":"post_tag","embeddable":true,"href":"http:\/\/dsrmedios.com.ar\/diario\/wp-json\/wp\/v2\/tags?post=42762"}],"curies":[{"name":"wp","href":"https:\/\/api.w.org\/{rel}","templated":true}]}}