{"id":42756,"date":"2024-01-20T18:53:32","date_gmt":"2024-01-20T21:53:32","guid":{"rendered":"http:\/\/dsrmedios.com.ar\/diario\/?p=42756"},"modified":"2024-01-20T18:53:34","modified_gmt":"2024-01-20T21:53:34","slug":"el-pedido-que-lionel-messi-y-angel-di-maria-le-habrian-hecho-a-la-afa-sobre-la-seleccion-argentina","status":"publish","type":"post","link":"http:\/\/dsrmedios.com.ar\/diario\/archivos\/42756","title":{"rendered":"El pedido que Lionel Messi y \u00c1ngel Di Mar\u00eda le habr\u00edan hecho a la AFA sobre la Selecci\u00f3n argentina"},"content":{"rendered":"\n<p><a rel=\"noreferrer noopener\" href=\"https:\/\/tn.com.ar\/tags\/lionel-messi\/\" target=\"_blank\"><strong>Lionel Messi<\/strong><\/a>\u00a0y\u00a0<a rel=\"noreferrer noopener\" href=\"https:\/\/tn.com.ar\/tags\/angel-di-maria\/\" target=\"_blank\"><strong>\u00c1ngel Di Mar\u00eda<\/strong><\/a>\u00a0manifestaron su deseo de participar en los pr\u00f3ximos<strong>\u00a0Juegos Ol\u00edmpicos de Par\u00eds 2024<\/strong>\u00a0con la\u00a0<strong>Selecci\u00f3n argentina Sub 23<\/strong>, en caso de que esta logre la clasificaci\u00f3n, seg\u00fan inform\u00f3 el periodista\u00a0<em>Fernando\u00a0<\/em>Czyz de\u00a0<em>DirecTV Sports<\/em>.<\/p>\n\n\n\n<p>Este pedido habr\u00eda llegado a la\u00a0<strong>AFA\u00a0<\/strong>en un momento crucial, justo cuando el equipo dirigido por<strong>\u00a0Javier Mascherano\u00a0<\/strong>se prepara para enfrentar su primer desaf\u00edo en el\u00a0<strong>Torneo Preol\u00edmpico<\/strong>\u00a0que se celebra en Venezuela.<\/p>\n\n\n\n<p>Messi y Di Mar\u00eda, ambos ganadores de la medalla de oro en&nbsp;<strong>Beijing 2008<\/strong>, estar\u00edan dispuestos a aportar su experiencia y talento al equipo juvenil argentino.<\/p>\n\n\n\n<figure class=\"wp-block-image\"><img decoding=\"async\" src=\"https:\/\/tn.com.ar\/resizer\/gzE3HPat7NnTd4uLJdfMLMr06nU=\/767x0\/smart\/filters:format(webp)\/cloudfront-us-east-1.images.arcpublishing.com\/artear\/UAZQ2CDOK5F2NIXF26Y4SKCBSY.jpg\" alt=\"La formaci\u00f3n argentina en la final por el oro ol\u00edmpico. Foto: AP.\"\/><figcaption class=\"wp-element-caption\">La formaci\u00f3n argentina en la final por el oro ol\u00edmpico. Foto: AP.<\/figcaption><\/figure>\n\n\n\n<p>Ante esta petici\u00f3n, la AFA se encontrar\u00eda dise\u00f1ando un plan para integrar a estas dos figuras en la din\u00e1mica del equipo Sub-23. Se contempla que en la pr\u00f3xima fecha FIFA, un combinado Sub 23 (siempre y cuando se logre la clasificaci\u00f3n en el Preol\u00edmpico) podr\u00eda partidos amistosos, lo que permitir\u00eda a la&nbsp;<em>Pulga<\/em>&nbsp;y al&nbsp;<em>Fideo&nbsp;<\/em>coincidir y familiarizarse con los j\u00f3venes talentos.<\/p>\n\n\n\n<p>Esta iniciativa tambi\u00e9n cuenta con el respaldo de Mascherano, quien ve con buenos ojos la inclusi\u00f3n de ambos jugadores en el equipo ol\u00edmpico.<\/p>\n\n\n\n<figure class=\"wp-block-image\"><img decoding=\"async\" src=\"https:\/\/tn.com.ar\/resizer\/oSiafLSjxNLJNivLEhxqd1JCeN0=\/767x0\/smart\/filters:format(webp)\/cloudfront-us-east-1.images.arcpublishing.com\/artear\/P3TTUBUQTFHIXCD34YHQI3OOFQ.jpg\" alt=\"La Selecci\u00f3n argentina Sub 23 se prepara para su debut en el Preol\u00edmpico. (Foto: @Argentina)\"\/><figcaption class=\"wp-element-caption\">La Selecci\u00f3n argentina Sub 23 se prepara para su debut en el Preol\u00edmpico. (Foto: @Argentina)<\/figcaption><\/figure>\n\n\n\n<p>La posibilidad de que Messi y Di Mar\u00eda se unan al equipo Sub 23 en Par\u00eds gener\u00f3 una gran expectativa, no solo entre los hinchas argentinos sino tambi\u00e9n en el \u00e1mbito futbol\u00edstico internacional. Adem\u00e1s, los calendarios de las ligas donde ambos jugadores participan actualmente parecen alinearse favorablemente para su participaci\u00f3n en los Juegos Ol\u00edmpicos.<\/p>\n\n\n\n<p>Fuente: tn<\/p>\n","protected":false},"excerpt":{"rendered":"<div class=\"mh-excerpt\"><p>Lionel Messi\u00a0y\u00a0\u00c1ngel Di Mar\u00eda\u00a0manifestaron su deseo de participar en los pr\u00f3ximos\u00a0Juegos Ol\u00edmpicos de Par\u00eds 2024\u00a0con la\u00a0Selecci\u00f3n argentina Sub 23, en caso de que esta logre la clasificaci\u00f3n, seg\u00fan inform\u00f3 el periodista\u00a0Fernando\u00a0Czyz de\u00a0DirecTV Sports. Este pedido habr\u00eda llegado a la\u00a0AFA\u00a0en un momento crucial, justo cuando el equipo dirigido por\u00a0Javier Mascherano\u00a0se prepara para enfrentar su primer desaf\u00edo en el\u00a0Torneo Preol\u00edmpico\u00a0que se celebra en Venezuela. Messi y Di Mar\u00eda, ambos ganadores de la medalla de oro en&nbsp;Beijing 2008, estar\u00edan dispuestos a aportar su experiencia y talento al equipo juvenil argentino. Ante esta petici\u00f3n, la AFA se encontrar\u00eda dise\u00f1ando un plan para integrar a <a class=\"mh-excerpt-more\" href=\"http:\/\/dsrmedios.com.ar\/diario\/archivos\/42756\" title=\"El pedido que Lionel Messi y \u00c1ngel Di Mar\u00eda le habr\u00edan hecho a la AFA sobre la Selecci\u00f3n argentina\">[Leer m\u00e1s]<\/a><\/p>\n<\/div>","protected":false},"author":8,"featured_media":42757,"comment_status":"open","ping_status":"closed","sticky":false,"template":"","format":"standard","meta":{"_jetpack_newsletter_access":""},"categories":[2],"tags":[],"jetpack_featured_media_url":"http:\/\/dsrmedios.com.ar\/diario\/wp-content\/uploads\/2024\/01\/descarga-31.jpeg","jetpack_sharing_enabled":true,"jetpack_shortlink":"https:\/\/wp.me\/p9fihK-b7C","_links":{"self":[{"href":"http:\/\/dsrmedios.com.ar\/diario\/wp-json\/wp\/v2\/posts\/42756"}],"collection":[{"href":"http:\/\/dsrmedios.com.ar\/diario\/wp-json\/wp\/v2\/posts"}],"about":[{"href":"http:\/\/dsrmedios.com.ar\/diario\/wp-json\/wp\/v2\/types\/post"}],"author":[{"embeddable":true,"href":"http:\/\/dsrmedios.com.ar\/diario\/wp-json\/wp\/v2\/users\/8"}],"replies":[{"embeddable":true,"href":"http:\/\/dsrmedios.com.ar\/diario\/wp-json\/wp\/v2\/comments?post=42756"}],"version-history":[{"count":1,"href":"http:\/\/dsrmedios.com.ar\/diario\/wp-json\/wp\/v2\/posts\/42756\/revisions"}],"predecessor-version":[{"id":42758,"href":"http:\/\/dsrmedios.com.ar\/diario\/wp-json\/wp\/v2\/posts\/42756\/revisions\/42758"}],"wp:featuredmedia":[{"embeddable":true,"href":"http:\/\/dsrmedios.com.ar\/diario\/wp-json\/wp\/v2\/media\/42757"}],"wp:attachment":[{"href":"http:\/\/dsrmedios.com.ar\/diario\/wp-json\/wp\/v2\/media?parent=42756"}],"wp:term":[{"taxonomy":"category","embeddable":true,"href":"http:\/\/dsrmedios.com.ar\/diario\/wp-json\/wp\/v2\/categories?post=42756"},{"taxonomy":"post_tag","embeddable":true,"href":"http:\/\/dsrmedios.com.ar\/diario\/wp-json\/wp\/v2\/tags?post=42756"}],"curies":[{"name":"wp","href":"https:\/\/api.w.org\/{rel}","templated":true}]}}