{"id":42713,"date":"2024-01-19T10:17:06","date_gmt":"2024-01-19T13:17:06","guid":{"rendered":"http:\/\/dsrmedios.com.ar\/diario\/?p=42713"},"modified":"2024-01-19T10:17:07","modified_gmt":"2024-01-19T13:17:07","slug":"ley-omnibus-el-gobierno-cedio-la-oposicion-reconoce-avances-y-podria-haber-sesion-la-semana-que-viene","status":"publish","type":"post","link":"http:\/\/dsrmedios.com.ar\/diario\/archivos\/42713","title":{"rendered":"Ley \u00d3mnibus: el Gobierno cedi\u00f3, la oposici\u00f3n reconoce avances y podr\u00eda haber sesi\u00f3n la semana que viene"},"content":{"rendered":"\n<p>El&nbsp;<strong>Gobierno cedi\u00f3<\/strong>: acept\u00f3 hacerle a la&nbsp;<a href=\"https:\/\/tn.com.ar\/politica\/2024\/01\/18\/el-gobierno-enviara-a-diputados-la-ley-omnibus-con-modificaciones-en-100-articulos-que-cambia\/\" target=\"_blank\" rel=\"noreferrer noopener\"><strong>Ley \u00d3mnibus<\/strong><\/a>&nbsp;<strong>buena parte de las modificaciones<\/strong>&nbsp;que ven\u00edan reclamado los bloques de la oposici\u00f3n dialoguista -a los que necesita para aprobar cualquier proyecto-, y sobre todo cedi\u00f3 en la idea de sesionar este fin de semana sin ning\u00fan acuerdo. Aunque las&nbsp;<strong>negociaciones siguen<\/strong>, y a\u00fan restan puntos por cerrar, el oficialismo y las bancadas opositoras buscar\u00edan acordar un dictamen de consenso y&nbsp;<strong>sesionar la semana que viene<\/strong>.<\/p>\n\n\n\n<p>Aunque ya sin reuni\u00f3n del plenario de comisiones que viene debatiendo el megapaquete de reformas desde la semana pasada, fue igualmente\u00a0<strong>otro d\u00eda cargado en el Congreso<\/strong>. Este jueves a media tarde, el ministro del Interior,\u00a0<strong>Guillermo Francos<\/strong>, y el asesor presidencial, Santiago Caputo, llegaron a Diputados con la respuesta del Ejecutivo a los planteos que la oposici\u00f3n hab\u00eda realizado 48 horas antes.<\/p>\n\n\n\n<p>El&nbsp;<strong>despacho<\/strong>&nbsp;del presidente de la C\u00e1mara Baja,&nbsp;<strong>Mart\u00edn Menem<\/strong>, volvi\u00f3 a ser, como lo es desde el lunes, el escenario de negociaciones intensas. All\u00ed, los funcionarios recibieron, por separado, y sucesivamente, a los&nbsp;<strong>jefes de los bloques dialoguistas<\/strong>, es decir, aquellos que hace tiempo prometieron colaborar, pero no dar un cheque en blanco ni aprobar cualquier proyecto: el PRO, la UCR, Hacemos Coalici\u00f3n Federal e Innovaci\u00f3n Federal.<\/p>\n\n\n\n<figure class=\"wp-block-image\"><img decoding=\"async\" src=\"https:\/\/tn.com.ar\/resizer\/KQleF43ym4y2zrZT1o-qIyDZdbA=\/767x0\/smart\/filters:format(webp)\/cloudfront-us-east-1.images.arcpublishing.com\/artear\/C3YKR5TZTBF6JENPDXHJKTKTJE.jpg\" alt=\"Cristian Ritondo continuar\u00e1 como jefe del bloque PRO en Diputados, mientras que Rodrigo De Loredo estar\u00e1 al frente de la UCR (Foto: NA).\"\/><figcaption class=\"wp-element-caption\">Cristian Ritondo continuar\u00e1 como jefe del bloque PRO en Diputados, mientras que Rodrigo De Loredo estar\u00e1 al frente de la UCR (Foto: NA).<\/figcaption><\/figure>\n\n\n\n<p>El&nbsp;<strong>primer encuentro fue con el jefe de la bancada PRO<\/strong>, Cristian Ritondo -que ya hab\u00eda tenido la noche anterior una reuni\u00f3n reservada con Francos- y Mar\u00eda Eugenia Vidal, que hab\u00eda sido designada por los miembros de la bancada como la articuladora de los planteos de los distintos sectores internos.<\/p>\n\n\n\n<p>\u201cFue una reuni\u00f3n muy buena. Todav\u00eda hay puntos que tenemos que seguir discutiendo, pero la idea es&nbsp;<strong>avanzar juntos en la redacci\u00f3n del dictamen<\/strong>&nbsp;final para que se trate en comisiones y luego pasar al recinto\u201d, trasmitieron formalmente desde el PRO, donde ya daban por hecho que no habr\u00eda -como ven\u00eda insistiendo buena parte de La Libertad Avanza, el sector m\u00e1s duro del Gobierno y el propio Menem- ni un dictamen esta semana&nbsp;<strong>ni una sesi\u00f3n el s\u00e1bado ni el domingo.<\/strong><\/p>\n\n\n\n<p>\u201cA ver,&nbsp;<strong>es un avance notable<\/strong>. Van a bajar la delegaci\u00f3n de facultades, la suspensi\u00f3n de la movilidad jubilatoria, las retenciones, el grueso de la reforma pol\u00edtica. Habr\u00e1 que seguir discutiendo Cultura, Ambiente, Educaci\u00f3n, puede ser, algunos otros temas puntuales, pero es un gran avance, sobre todo por la&nbsp;<strong>se\u00f1al de querer acordar<\/strong>\u201d, indicaba otro diputado del PRO, que estimaba, como se le hab\u00eda propuesto al Ejecutivo, que las comisiones discutir\u00edan un&nbsp;<strong>dictamen el pr\u00f3ximo martes<\/strong>&nbsp;y la sesi\u00f3n podr\u00eda ser el jueves, luego del paro de la CGT.<\/p>\n\n\n\n<p>Tras el encuentro con los referentes de la bancada amarilla, lleg\u00f3 el turno del&nbsp;<strong>grupo de bloques que tienen una mayor distancia<\/strong>&nbsp;con el oficialismo que la que tiene el PRO en general, y que en las \u00faltimas horas&nbsp;<a href=\"https:\/\/tn.com.ar\/politica\/2024\/01\/17\/ley-omnibus-la-oposicion-insiste-con-cambios-y-espera-una-respuesta-del-gobierno-pero-trabaja-por-su-cuenta\/\" target=\"_blank\" rel=\"noreferrer noopener\">ven\u00eda trabajando, como plan de contingencia en un dictamen propio<\/a>&nbsp;en caso de que el Ejecutivo finalmente decidiera no aceptar ninguna modificaci\u00f3n.<\/p>\n\n\n\n<p>Estos bloques son la&nbsp;<strong>UCR<\/strong>&nbsp;(que conduce el cordob\u00e9s Rodrigo De Loredo),&nbsp;<strong>HCF<\/strong>&nbsp;(que comanda Miguel Pichetto, incluye a la Coalici\u00f3n C\u00edvica, a figuras como Emilio Monz\u00f3, Nicol\u00e1s Massot y el PJ disidente de Florencio Randazzo) e&nbsp;<strong>Innovaci\u00f3n Federal<\/strong>&nbsp;(9 diputados que responden a gobernadores de fuerzas provinciales).<\/p>\n\n\n\n<figure class=\"wp-block-image\"><img decoding=\"async\" src=\"https:\/\/tn.com.ar\/resizer\/J9jnMI6Rdkape6g7ZehVZPHffjY=\/767x0\/smart\/filters:format(webp)\/cloudfront-us-east-1.images.arcpublishing.com\/artear\/DZRUB7H75RAEFL6WOU7IFLQ3BM.jpg\" alt=\"Miguel \u00c1ngel Pichetto, en la jura de Diputados. (Foto: T\u00e9lam)\"\/><figcaption class=\"wp-element-caption\">Miguel \u00c1ngel Pichetto, en la jura de Diputados. (Foto: T\u00e9lam)<\/figcaption><\/figure>\n\n\n\n<p>Como puntos clave, todas las bancadas, incluida el PRO, rechazaban,&nbsp;<strong>suspender la f\u00f3rmula de movilidad jubilatoria<\/strong>&nbsp;y habilitar los aumentos por decreto, si no se establece como cl\u00e1usulaun<strong>&nbsp;m\u00ednimo de aumento por inflaci\u00f3n<\/strong>. Advert\u00edan tambi\u00e9n que no acompa\u00f1ar\u00edan la amplia&nbsp;<strong>suba de retenciones<\/strong>&nbsp;que planteaba el texto oficial, ni el art\u00edculo que permitir\u00eda una&nbsp;<strong>privatizaci\u00f3n generalizada<\/strong>&nbsp;de empresas p\u00fablicas, ni la&nbsp;<strong>reforma electoral<\/strong>.<\/p>\n\n\n\n<p>Seg\u00fan inform\u00f3 el jefe radical, De Loredo, a la salida del encuentro con los funcionarios libertarios -que no llegaron con un texto cerrado sino con un cuadro general de las modificaciones que aceptar\u00edan- el Gobierno se habr\u00eda comprometido a que la&nbsp;<strong>actualizaci\u00f3n de las jubilaciones<\/strong>&nbsp;<strong>sea mensual y atada a la inflaci\u00f3n,&nbsp;<\/strong>o a eliminar directamente el art\u00edculo y mantener la f\u00f3rmula actual, aunque no se convers\u00f3 c\u00f3mo compensar\u00eda el gasto para cumplir con la meta de reducci\u00f3n de d\u00e9ficit.<\/p>\n\n\n\n<p>Respecto a las&nbsp;<strong>retenciones<\/strong>, el Ejecutivo aceptar\u00eda -seg\u00fan les indicaron a los diputados opositores-&nbsp;<strong>no tocar<\/strong>&nbsp;las que afectan a las&nbsp;<strong>econom\u00edas regionales<\/strong>.<\/p>\n\n\n\n<p>El grueso del cap\u00edtulo electoral queda afuera -lo que refiere a la modificaci\u00f3n de la forma de elecci\u00f3n legislativa y la composici\u00f3n de la C\u00e1mara Baja-, pero&nbsp;<strong>no hab\u00eda todav\u00eda acuerdo a\u00fan sobre qu\u00e9 hacer con las PASO<\/strong>, que el proyecto original propon\u00eda eliminar.<\/p>\n\n\n\n<figure class=\"wp-block-image\"><img decoding=\"async\" src=\"https:\/\/tn.com.ar\/resizer\/1a6-mtLaXiM7YCz0OUmWA-dW9zQ=\/767x0\/smart\/filters:format(webp)\/cloudfront-us-east-1.images.arcpublishing.com\/artear\/3LOZ2T7B6JAGJHEHKBVM4LJMTA.jpg\" alt=\"El ministro del Interior, Guillermo Francos, en un momento de fuerte tensi\u00f3n en su presentaci\u00f3n en comisiones de Diputados (Foto: NA - Mariano S\u00e1nchez).\"\/><figcaption class=\"wp-element-caption\">El ministro del Interior, Guillermo Francos, en un momento de fuerte tensi\u00f3n en su presentaci\u00f3n en comisiones de Diputados (Foto: NA &#8211; Mariano S\u00e1nchez).<\/figcaption><\/figure>\n\n\n\n<p>Sobre el art\u00edculo que habilita a&nbsp;<strong>avanzar en la privatizaci\u00f3n de 41 empresas<\/strong>&nbsp;estatales, el Gobierno acceder\u00eda a&nbsp;<strong>dejar afuera a YPF<\/strong>, pero no, por ejemplo, al Banco Naci\u00f3n, como tambi\u00e9n reclamaban buena parte de los bloques opositores. Por otra parte, incluir\u00eda fijar&nbsp;<strong>el control parlamentario<\/strong>&nbsp;para las empresas que finalmente el Ejecutivo decidiera privatizar.<\/p>\n\n\n\n<p>El&nbsp;<strong>mega DNU de Javier Milei<\/strong>, cuya ratificaci\u00f3n estaba agregada en uno de los \u00faltimos de los m\u00e1s de 650 art\u00edculos del megaproyecto de Ley \u00d3mnibus, finalmente&nbsp;<strong>quedar\u00eda borrado<\/strong>, para ser tratado eventualmente en la Bicameral de Tr\u00e1mite Legislativo, que hasta ahora el oficialismo decidi\u00f3 no conformar.<\/p>\n\n\n\n<p>Las conversaciones entre los funcionarios y los jefes parlamentarios comenzaron a ser discutidas dentro de cada uno de los bloques esta misma noche de jueves. Las<strong>\u00a0negociaciones continuar\u00e1n el fin de semana<\/strong>, y el oficialismo buscar\u00eda desde los primeros d\u00edas de la pr\u00f3xima semana un dictamen de consenso con los cuatro bloques opositores \u201cdialoguistas\u201d.<\/p>\n\n\n\n<p>Fuente: Infobae<\/p>\n","protected":false},"excerpt":{"rendered":"<div class=\"mh-excerpt\"><p>El&nbsp;Gobierno cedi\u00f3: acept\u00f3 hacerle a la&nbsp;Ley \u00d3mnibus&nbsp;buena parte de las modificaciones&nbsp;que ven\u00edan reclamado los bloques de la oposici\u00f3n dialoguista -a los que necesita para aprobar cualquier proyecto-, y sobre todo cedi\u00f3 en la idea de sesionar este fin de semana sin ning\u00fan acuerdo. Aunque las&nbsp;negociaciones siguen, y a\u00fan restan puntos por cerrar, el oficialismo y las bancadas opositoras buscar\u00edan acordar un dictamen de consenso y&nbsp;sesionar la semana que viene. Aunque ya sin reuni\u00f3n del plenario de comisiones que viene debatiendo el megapaquete de reformas desde la semana pasada, fue igualmente\u00a0otro d\u00eda cargado en el Congreso. Este jueves a media tarde, <a class=\"mh-excerpt-more\" href=\"http:\/\/dsrmedios.com.ar\/diario\/archivos\/42713\" title=\"Ley \u00d3mnibus: el Gobierno cedi\u00f3, la oposici\u00f3n reconoce avances y podr\u00eda haber sesi\u00f3n la semana que viene\">[Leer m\u00e1s]<\/a><\/p>\n<\/div>","protected":false},"author":8,"featured_media":42714,"comment_status":"open","ping_status":"closed","sticky":false,"template":"","format":"standard","meta":{"_jetpack_newsletter_access":""},"categories":[6],"tags":[],"jetpack_featured_media_url":"http:\/\/dsrmedios.com.ar\/diario\/wp-content\/uploads\/2024\/01\/Q52WI7XQ3ZDAXNBMBLEC34KA7M.jpg","jetpack_sharing_enabled":true,"jetpack_shortlink":"https:\/\/wp.me\/p9fihK-b6V","_links":{"self":[{"href":"http:\/\/dsrmedios.com.ar\/diario\/wp-json\/wp\/v2\/posts\/42713"}],"collection":[{"href":"http:\/\/dsrmedios.com.ar\/diario\/wp-json\/wp\/v2\/posts"}],"about":[{"href":"http:\/\/dsrmedios.com.ar\/diario\/wp-json\/wp\/v2\/types\/post"}],"author":[{"embeddable":true,"href":"http:\/\/dsrmedios.com.ar\/diario\/wp-json\/wp\/v2\/users\/8"}],"replies":[{"embeddable":true,"href":"http:\/\/dsrmedios.com.ar\/diario\/wp-json\/wp\/v2\/comments?post=42713"}],"version-history":[{"count":1,"href":"http:\/\/dsrmedios.com.ar\/diario\/wp-json\/wp\/v2\/posts\/42713\/revisions"}],"predecessor-version":[{"id":42715,"href":"http:\/\/dsrmedios.com.ar\/diario\/wp-json\/wp\/v2\/posts\/42713\/revisions\/42715"}],"wp:featuredmedia":[{"embeddable":true,"href":"http:\/\/dsrmedios.com.ar\/diario\/wp-json\/wp\/v2\/media\/42714"}],"wp:attachment":[{"href":"http:\/\/dsrmedios.com.ar\/diario\/wp-json\/wp\/v2\/media?parent=42713"}],"wp:term":[{"taxonomy":"category","embeddable":true,"href":"http:\/\/dsrmedios.com.ar\/diario\/wp-json\/wp\/v2\/categories?post=42713"},{"taxonomy":"post_tag","embeddable":true,"href":"http:\/\/dsrmedios.com.ar\/diario\/wp-json\/wp\/v2\/tags?post=42713"}],"curies":[{"name":"wp","href":"https:\/\/api.w.org\/{rel}","templated":true}]}}