{"id":42702,"date":"2024-01-18T10:43:43","date_gmt":"2024-01-18T13:43:43","guid":{"rendered":"http:\/\/dsrmedios.com.ar\/diario\/?p=42702"},"modified":"2024-01-18T10:43:46","modified_gmt":"2024-01-18T13:43:46","slug":"los-gobernadores-peronistas-se-reunen-con-la-cgt-para-consensuar-una-estrategia-contra-la-ley-omnibus","status":"publish","type":"post","link":"http:\/\/dsrmedios.com.ar\/diario\/archivos\/42702","title":{"rendered":"Los gobernadores peronistas se re\u00fanen con la CGT para consensuar una estrategia contra la Ley \u00d3mnibus"},"content":{"rendered":"\n<p><a href=\"https:\/\/tn.com.ar\/politica\/2024\/01\/18\/kicillof-reunio-a-su-gabinete-y-les-pidio-a-sus-ministros-estar-atentos-a-la-conflictividad-social-creciente\/\" target=\"_blank\" rel=\"noreferrer noopener\"><strong>Gobernadores&nbsp;<\/strong><\/a><strong>peronistas se reunir\u00e1n con la CGT&nbsp;<\/strong>para fijar una estrategia legislativa para trabar la&nbsp;<a href=\"https:\/\/tn.com.ar\/politica\/2024\/01\/17\/ley-omnibus-la-oposicion-insiste-con-cambios-y-espera-una-respuesta-del-gobierno-pero-trabaja-por-su-cuenta\/\" target=\"_blank\" rel=\"noreferrer noopener\">Ley \u00d3mnibus&nbsp;<\/a>y establecer la participaci\u00f3n en el&nbsp;<a href=\"https:\/\/tn.com.ar\/sociedad\/2024\/01\/17\/la-uta-confirmo-que-se-suma-al-paro-general-de-la-cgt-como-funcionaran-los-colectivos-el-24-de-enero\/\" target=\"_blank\" rel=\"noreferrer noopener\">paro general&nbsp;<\/a>y la movilizaci\u00f3n del pr\u00f3ximo mi\u00e9rcoles 24.<\/p>\n\n\n\n<p>El encuentro congregar\u00e1 tambi\u00e9n a legisladores e intendentes de Uni\u00f3n por la Patria, gremios y movimientos sociales. Se realizar\u00e1 este jueves en la Ciudad de Buenos Aires, pero no trascendi\u00f3 a\u00fan la hora ni el lugar.<\/p>\n\n\n\n<p>De la reuni\u00f3n participar\u00e1n el jefe del bloque de diputados de UxP, Germ\u00e1n Mart\u00ednez, y el dirigente de Patria Grande Juan Grabois, seg\u00fan inform\u00f3&nbsp;<em>T\u00e9lam<\/em>.<\/p>\n\n\n\n<p>El lunes, el gobernador bonaerense,<strong>&nbsp;Axel Kicillof,&nbsp;<\/strong>se reuni\u00f3 con diputados de Uni\u00f3n por la Patria en el Congreso y anticip\u00f3 su intenci\u00f3n de que<strong>&nbsp;el encuentro se extienda al resto del peronismo y aliados&nbsp;<\/strong>para definir una estrategia de rechazo a las iniciativas impulsadas por el Gobierno.<\/p>\n\n\n\n<figure class=\"wp-block-image\"><img decoding=\"async\" src=\"https:\/\/tn.com.ar\/resizer\/CfLoT7Siw5sBGIO4hG4_9-yMbYM=\/767x0\/smart\/filters:format(webp)\/cloudfront-us-east-1.images.arcpublishing.com\/artear\/FZ4LXPTTMFED5GDKZ5DZPYSCTQ.jpg\" alt=\"Los gobernadores peronistas se reunir\u00e1n con la CGT este jueves. (Foto: NA)\"\/><figcaption class=\"wp-element-caption\">Los gobernadores peronistas se reunir\u00e1n con la CGT este jueves. (Foto: NA)<\/figcaption><\/figure>\n\n\n\n<p>\u201cMa\u00f1ana vamos a ver las instancias en el Congreso por la Ley \u2018\u00d3mnibus\u2019 y el DNU, y tambi\u00e9n la marcha de la CGT\u201d, anticiparon fuentes cercanas a uno de los gobernadores del PJ acerca de la reuni\u00f3n de este jueves.<\/p>\n\n\n\n<p>Hasta el momento el peronismo le dio libertad a los dirigentes para participar de manera inorg\u00e1nica de la movilizaci\u00f3n del pr\u00f3ximo mi\u00e9rcoles, pero no se descarta que resuelvan una\u00a0<strong>modalidad de intervenci\u00f3n conjunta.<\/strong><\/p>\n\n\n\n<p>Por su parte,&nbsp;<strong>la CGT cuestion\u00f3 ayer supuestas reuniones reservadas<\/strong>&nbsp;del presidente de la C\u00e1mara de Diputados,&nbsp;<strong>Mart\u00edn Menem<\/strong>, con bloques dialoguistas como los de PRO, la UCR y Hacemos Coalici\u00f3n Federal. \u201cEn los debates parlamentarios, la discusi\u00f3n en las distintas comisiones y la publicidad de cada acto son un derecho de la ciudadan\u00eda a estar informados y es un deber de los legisladores exponer esa informaci\u00f3n. Escuchamos perplejos como se realizan reuniones dotadas de cierto \u2018oscurantismo\u2019 en lugares fuera del recinto del Congreso entre algunos legisladores y estudios de abogados sin saber qu\u00e9 se habla, aunque s\u00ed percibimos el para qu\u00e9 se habla\u201d, se\u00f1alaron desde el Consejo Directivo Nacional de la central gremialista.<\/p>\n\n\n\n<p>\u201cTratar, con ello, de obtener la celeridad para tratar una ley que ha sido rechazada en casi el 80% de sus aspectos por los distintos representantes sociales que pasaron por la discusi\u00f3n en comisiones suena descabellado\u201d, cuestionaron.<\/p>\n\n\n\n<p>Sumado a ello y como parte de, tambi\u00e9n, el rechazo a la ley \u201cBases\u201d, la&nbsp;<strong>\u201cJunta de Gobernadores\u201d&nbsp;<\/strong>de la Organizaci\u00f3n Federal de Estados Productores de Hidrocarburos (Ofephi) solicit\u00f3 este mi\u00e9rcoles cambios en los art\u00edculos vinculados a la producci\u00f3n de hidrocarburos de esa normativa, en defensa del \u201cdominio originario de las provincias sobre los recursos hidrocarbur\u00edferos situados en nuestros territorios y las facultades de administraci\u00f3n sobre los mismos\u201d.<\/p>\n\n\n\n<p>Los gobernadores y representantes de las provincias de Chubut, Formosa, Jujuy, La Pampa, Mendoza, Neuqu\u00e9n, R\u00edo Negro, Salta, Santa Cruz y Tierra del Fuego se reunieron en la ciudad de Buenos Aires y algunos de ellos, los que pertenecen a UxP, podr\u00edan estar presentes durante en la jornada de hoy.<\/p>\n\n\n\n<p>Fuente: TN<\/p>\n","protected":false},"excerpt":{"rendered":"<div class=\"mh-excerpt\"><p>Gobernadores&nbsp;peronistas se reunir\u00e1n con la CGT&nbsp;para fijar una estrategia legislativa para trabar la&nbsp;Ley \u00d3mnibus&nbsp;y establecer la participaci\u00f3n en el&nbsp;paro general&nbsp;y la movilizaci\u00f3n del pr\u00f3ximo mi\u00e9rcoles 24. El encuentro congregar\u00e1 tambi\u00e9n a legisladores e intendentes de Uni\u00f3n por la Patria, gremios y movimientos sociales. Se realizar\u00e1 este jueves en la Ciudad de Buenos Aires, pero no trascendi\u00f3 a\u00fan la hora ni el lugar. De la reuni\u00f3n participar\u00e1n el jefe del bloque de diputados de UxP, Germ\u00e1n Mart\u00ednez, y el dirigente de Patria Grande Juan Grabois, seg\u00fan inform\u00f3&nbsp;T\u00e9lam. El lunes, el gobernador bonaerense,&nbsp;Axel Kicillof,&nbsp;se reuni\u00f3 con diputados de Uni\u00f3n por la Patria <a class=\"mh-excerpt-more\" href=\"http:\/\/dsrmedios.com.ar\/diario\/archivos\/42702\" title=\"Los gobernadores peronistas se re\u00fanen con la CGT para consensuar una estrategia contra la Ley \u00d3mnibus\">[Leer m\u00e1s]<\/a><\/p>\n<\/div>","protected":false},"author":8,"featured_media":42703,"comment_status":"open","ping_status":"closed","sticky":false,"template":"","format":"standard","meta":{"_jetpack_newsletter_access":""},"categories":[6],"tags":[],"jetpack_featured_media_url":"http:\/\/dsrmedios.com.ar\/diario\/wp-content\/uploads\/2024\/01\/WNSCDT22KNCFHCNQXOKSE23VUY.jpg","jetpack_sharing_enabled":true,"jetpack_shortlink":"https:\/\/wp.me\/p9fihK-b6K","_links":{"self":[{"href":"http:\/\/dsrmedios.com.ar\/diario\/wp-json\/wp\/v2\/posts\/42702"}],"collection":[{"href":"http:\/\/dsrmedios.com.ar\/diario\/wp-json\/wp\/v2\/posts"}],"about":[{"href":"http:\/\/dsrmedios.com.ar\/diario\/wp-json\/wp\/v2\/types\/post"}],"author":[{"embeddable":true,"href":"http:\/\/dsrmedios.com.ar\/diario\/wp-json\/wp\/v2\/users\/8"}],"replies":[{"embeddable":true,"href":"http:\/\/dsrmedios.com.ar\/diario\/wp-json\/wp\/v2\/comments?post=42702"}],"version-history":[{"count":1,"href":"http:\/\/dsrmedios.com.ar\/diario\/wp-json\/wp\/v2\/posts\/42702\/revisions"}],"predecessor-version":[{"id":42704,"href":"http:\/\/dsrmedios.com.ar\/diario\/wp-json\/wp\/v2\/posts\/42702\/revisions\/42704"}],"wp:featuredmedia":[{"embeddable":true,"href":"http:\/\/dsrmedios.com.ar\/diario\/wp-json\/wp\/v2\/media\/42703"}],"wp:attachment":[{"href":"http:\/\/dsrmedios.com.ar\/diario\/wp-json\/wp\/v2\/media?parent=42702"}],"wp:term":[{"taxonomy":"category","embeddable":true,"href":"http:\/\/dsrmedios.com.ar\/diario\/wp-json\/wp\/v2\/categories?post=42702"},{"taxonomy":"post_tag","embeddable":true,"href":"http:\/\/dsrmedios.com.ar\/diario\/wp-json\/wp\/v2\/tags?post=42702"}],"curies":[{"name":"wp","href":"https:\/\/api.w.org\/{rel}","templated":true}]}}