{"id":42690,"date":"2024-01-18T10:31:49","date_gmt":"2024-01-18T13:31:49","guid":{"rendered":"http:\/\/dsrmedios.com.ar\/diario\/?p=42690"},"modified":"2024-01-18T10:31:52","modified_gmt":"2024-01-18T13:31:52","slug":"accesibilidad-para-personas-con-movilidad-reducida-en-la-fiesta-aniversario-de-carhue","status":"publish","type":"post","link":"http:\/\/dsrmedios.com.ar\/diario\/archivos\/42690","title":{"rendered":"<strong>Accesibilidad para personas con movilidad reducida en la Fiesta Aniversario de Carhu\u00e9<\/strong>"},"content":{"rendered":"\n<h3>La Municipalidad de Adolfo Alsina habilitar\u00e1 el ingreso de veh\u00edculos para personas con movilidad reducida en la Fiesta Aniversario de Carhu\u00e9.<br><br>El s\u00e1bado 20 de enero a partir de las 19:00 hs., las personas que tengan movilidad reducida podr\u00e1n acceder al sector del p\u00fablico evitando barreras f\u00edsicas con seguridad, sin restricciones y ba\u00f1os exclusivos en el lugar.<br><br>El acceso vehicular ser\u00e1 desde Rivadavia y Laprida, sentido este-oeste por calle Rivadavia&nbsp;hacia calle Pellegrini.<\/h3>\n","protected":false},"excerpt":{"rendered":"<div class=\"mh-excerpt\"><p>La Municipalidad de Adolfo Alsina habilitar\u00e1 el ingreso de veh\u00edculos para personas con movilidad reducida en la Fiesta Aniversario de Carhu\u00e9. El s\u00e1bado 20 de enero a partir de las 19:00 hs., las personas que tengan movilidad reducida podr\u00e1n acceder al sector del p\u00fablico evitando barreras f\u00edsicas con seguridad, sin restricciones y ba\u00f1os exclusivos en el lugar. El acceso vehicular ser\u00e1 desde Rivadavia y Laprida, sentido este-oeste por calle Rivadavia&nbsp;hacia calle Pellegrini.<\/p>\n<\/div>","protected":false},"author":8,"featured_media":42691,"comment_status":"open","ping_status":"closed","sticky":false,"template":"","format":"standard","meta":{"_jetpack_newsletter_access":""},"categories":[18,31,5],"tags":[],"jetpack_featured_media_url":"http:\/\/dsrmedios.com.ar\/diario\/wp-content\/uploads\/2024\/01\/descarga-29.jpeg","jetpack_sharing_enabled":true,"jetpack_shortlink":"https:\/\/wp.me\/p9fihK-b6y","_links":{"self":[{"href":"http:\/\/dsrmedios.com.ar\/diario\/wp-json\/wp\/v2\/posts\/42690"}],"collection":[{"href":"http:\/\/dsrmedios.com.ar\/diario\/wp-json\/wp\/v2\/posts"}],"about":[{"href":"http:\/\/dsrmedios.com.ar\/diario\/wp-json\/wp\/v2\/types\/post"}],"author":[{"embeddable":true,"href":"http:\/\/dsrmedios.com.ar\/diario\/wp-json\/wp\/v2\/users\/8"}],"replies":[{"embeddable":true,"href":"http:\/\/dsrmedios.com.ar\/diario\/wp-json\/wp\/v2\/comments?post=42690"}],"version-history":[{"count":1,"href":"http:\/\/dsrmedios.com.ar\/diario\/wp-json\/wp\/v2\/posts\/42690\/revisions"}],"predecessor-version":[{"id":42692,"href":"http:\/\/dsrmedios.com.ar\/diario\/wp-json\/wp\/v2\/posts\/42690\/revisions\/42692"}],"wp:featuredmedia":[{"embeddable":true,"href":"http:\/\/dsrmedios.com.ar\/diario\/wp-json\/wp\/v2\/media\/42691"}],"wp:attachment":[{"href":"http:\/\/dsrmedios.com.ar\/diario\/wp-json\/wp\/v2\/media?parent=42690"}],"wp:term":[{"taxonomy":"category","embeddable":true,"href":"http:\/\/dsrmedios.com.ar\/diario\/wp-json\/wp\/v2\/categories?post=42690"},{"taxonomy":"post_tag","embeddable":true,"href":"http:\/\/dsrmedios.com.ar\/diario\/wp-json\/wp\/v2\/tags?post=42690"}],"curies":[{"name":"wp","href":"https:\/\/api.w.org\/{rel}","templated":true}]}}