{"id":42665,"date":"2024-01-14T17:44:27","date_gmt":"2024-01-14T20:44:27","guid":{"rendered":"http:\/\/dsrmedios.com.ar\/diario\/?p=42665"},"modified":"2024-01-14T17:44:29","modified_gmt":"2024-01-14T20:44:29","slug":"tras-cerrar-las-paritarias-por-decreto-hablo-axel-kicillof-nos-proponemos-continuar-la-discusion-con-los-gremios","status":"publish","type":"post","link":"http:\/\/dsrmedios.com.ar\/diario\/archivos\/42665","title":{"rendered":"Tras cerrar las paritarias por decreto, habl\u00f3 Axel Kicillof: &#8220;Nos proponemos continuar la discusi\u00f3n con los gremios&#8221;"},"content":{"rendered":"\n<p>\u00c9sta ma\u00f1ana se conoci\u00f3 de manera oficial que el Gobierno bonaerense cerr\u00f3 las&nbsp;<strong><a href=\"https:\/\/infocielo.com\/paritarias\">paritarias&nbsp;<\/a><\/strong>2023 e inici\u00f3 las del 2024 con un aumento por decreto del 25 por ciento, luego de que las negociaciones con los sindicatos no llegaran a una conclusi\u00f3n. Ahora, el gobernador<strong>&nbsp;<a href=\"https:\/\/infocielo.com\/axel-kicillof\">Axel Kicillof&nbsp;<\/a><\/strong>se expres\u00f3 p\u00fablicamente respecto al aumento que decidi\u00f3 otorgar, de la p\u00e9rdida del poder adquisitivo y del &#8220;enorme esfuerzo&#8221; que representan los aumentos.<\/p>\n\n\n\n<p><strong>&#8220;Somos conscientes de la p\u00e9rdida de poder adquisitivo que ocasion\u00f3 en los salarios la duplicaci\u00f3n inflacionaria desatada luego de la devaluaci\u00f3n del tipo de cambio producida en diciembre por el nuevo Gobierno Nacional. En un contexto de dificultades financieras e incertidumbre, concretar este aumento representa un enorme esfuerzo. Nos proponemos continuar la discusi\u00f3n paritaria del a\u00f1o en curso con los representantes gremiales&#8221;<\/strong>, manifest\u00f3 el Gobernador.<\/p>\n\n\n\n<p>Como cont\u00f3 INFOCIELO,<strong>&nbsp;el aumento otorgado por la gesti\u00f3n provincial fue de un&nbsp;<a href=\"https:\/\/infocielo.com\/politica-y-economia\/paritarias-la-provincia-definio-un-aumento-salarial-estatales-n779081\" target=\"_blank\" rel=\"noreferrer noopener\">15 por ciento sobre el sueldo acumulado a noviembre de 2023<\/a><\/strong>, que puso fin a las paritarias del a\u00f1o pasado,<strong>&nbsp;y un 10 por ciento m\u00e1s sobre el sueldo de diciembre de 2023<\/strong>, con el que comienzan las paritarias 2024. As\u00ed se divide en rigor el aumento del 25 por ciento que anunci\u00f3 la gesti\u00f3n provincial.<\/p>\n\n\n\n<p>Cabe recordar que hasta noviembre del a\u00f1o pasado el aumento de sueldos de los trabajadores estatales acumulaba un 120 por ciento. Seg\u00fan pudo precisar este medio, ven\u00eda a la par de la inflaci\u00f3n, hasta que en noviembre y diciembre la misma se dispar\u00f3 y totaliz\u00f3 un 211 por ciento acumulado a lo largo de 2023. Los nuevos aumentos dejar\u00edan los sueldos por debajo de la misma.<\/p>\n\n\n\n<p>Por ese motivo, desde los sindicatos rechazaron el aumento. &#8220;No podemos aceptar un aumento que est\u00e9 por debajo de los \u00edndices inflacionarios&#8221;, aseguraron desde ATE, y reclamaron que se reabran las mesas de negociaci\u00f3n. Ahora, el gobernador Axel Kicillof confirm\u00f3 que continuar\u00e1n las discusiones.<\/p>\n\n\n\n<p>Fuente: Infocielo<\/p>\n","protected":false},"excerpt":{"rendered":"<div class=\"mh-excerpt\"><p>\u00c9sta ma\u00f1ana se conoci\u00f3 de manera oficial que el Gobierno bonaerense cerr\u00f3 las&nbsp;paritarias&nbsp;2023 e inici\u00f3 las del 2024 con un aumento por decreto del 25 por ciento, luego de que las negociaciones con los sindicatos no llegaran a una conclusi\u00f3n. Ahora, el gobernador&nbsp;Axel Kicillof&nbsp;se expres\u00f3 p\u00fablicamente respecto al aumento que decidi\u00f3 otorgar, de la p\u00e9rdida del poder adquisitivo y del &#8220;enorme esfuerzo&#8221; que representan los aumentos. &#8220;Somos conscientes de la p\u00e9rdida de poder adquisitivo que ocasion\u00f3 en los salarios la duplicaci\u00f3n inflacionaria desatada luego de la devaluaci\u00f3n del tipo de cambio producida en diciembre por el nuevo Gobierno Nacional. En <a class=\"mh-excerpt-more\" href=\"http:\/\/dsrmedios.com.ar\/diario\/archivos\/42665\" title=\"Tras cerrar las paritarias por decreto, habl\u00f3 Axel Kicillof: &#8220;Nos proponemos continuar la discusi\u00f3n con los gremios&#8221;\">[Leer m\u00e1s]<\/a><\/p>\n<\/div>","protected":false},"author":8,"featured_media":33910,"comment_status":"open","ping_status":"closed","sticky":false,"template":"","format":"standard","meta":{"_jetpack_newsletter_access":""},"categories":[7],"tags":[],"jetpack_featured_media_url":"http:\/\/dsrmedios.com.ar\/diario\/wp-content\/uploads\/2023\/05\/p14-axel-kicillof-n_optjpeg.jpeg","jetpack_sharing_enabled":true,"jetpack_shortlink":"https:\/\/wp.me\/p9fihK-b69","_links":{"self":[{"href":"http:\/\/dsrmedios.com.ar\/diario\/wp-json\/wp\/v2\/posts\/42665"}],"collection":[{"href":"http:\/\/dsrmedios.com.ar\/diario\/wp-json\/wp\/v2\/posts"}],"about":[{"href":"http:\/\/dsrmedios.com.ar\/diario\/wp-json\/wp\/v2\/types\/post"}],"author":[{"embeddable":true,"href":"http:\/\/dsrmedios.com.ar\/diario\/wp-json\/wp\/v2\/users\/8"}],"replies":[{"embeddable":true,"href":"http:\/\/dsrmedios.com.ar\/diario\/wp-json\/wp\/v2\/comments?post=42665"}],"version-history":[{"count":1,"href":"http:\/\/dsrmedios.com.ar\/diario\/wp-json\/wp\/v2\/posts\/42665\/revisions"}],"predecessor-version":[{"id":42666,"href":"http:\/\/dsrmedios.com.ar\/diario\/wp-json\/wp\/v2\/posts\/42665\/revisions\/42666"}],"wp:featuredmedia":[{"embeddable":true,"href":"http:\/\/dsrmedios.com.ar\/diario\/wp-json\/wp\/v2\/media\/33910"}],"wp:attachment":[{"href":"http:\/\/dsrmedios.com.ar\/diario\/wp-json\/wp\/v2\/media?parent=42665"}],"wp:term":[{"taxonomy":"category","embeddable":true,"href":"http:\/\/dsrmedios.com.ar\/diario\/wp-json\/wp\/v2\/categories?post=42665"},{"taxonomy":"post_tag","embeddable":true,"href":"http:\/\/dsrmedios.com.ar\/diario\/wp-json\/wp\/v2\/tags?post=42665"}],"curies":[{"name":"wp","href":"https:\/\/api.w.org\/{rel}","templated":true}]}}