{"id":42656,"date":"2024-01-14T17:35:03","date_gmt":"2024-01-14T20:35:03","guid":{"rendered":"http:\/\/dsrmedios.com.ar\/diario\/?p=42656"},"modified":"2024-01-14T17:35:05","modified_gmt":"2024-01-14T20:35:05","slug":"ante-el-paro-de-la-cgt-el-gobierno-decidio-postergar-sin-fecha-el-aumento-del-salario-minimo","status":"publish","type":"post","link":"http:\/\/dsrmedios.com.ar\/diario\/archivos\/42656","title":{"rendered":"Ante el paro de la CGT, el Gobierno decidi\u00f3 postergar sin fecha el aumento del salario m\u00ednimo"},"content":{"rendered":"\n<p>El Gobierno a\u00fan no defini\u00f3 la fecha de convocatoria del\u00a0<strong>Consejo del Salario,\u00a0<\/strong>pese a que estaba previsto para enero, y de esa forma se posterga el aumento del sueldo m\u00ednimo, que es de $156.000. Fuentes oficiales admitieronque<strong>\u00a0\u201ces muy dif\u00edcil\u201d\u00a0<\/strong>citar a los sindicalistas para discutir ese tema \u201cen medio del paro\u201d de la CGT dispuesto para el 24 de enero.\u00a0<strong>\u201cParece una provocaci\u00f3n\u201d,<\/strong>\u00a0se\u00f1alaron.<a rel=\"noreferrer noopener\" href=\"https:\/\/www.infobae.com\/politica\/2024\/01\/16\/kicillof-reunio-a-su-gabinete-en-medio-de-la-tension-con-el-gobierno-y-hablo-del-impacto-del-ajuste\/\" target=\"_blank\"><\/a><\/p>\n\n\n\n<p>El \u00faltimo encuentro del Consejo fue en<strong>&nbsp;septiembre pasado&nbsp;<\/strong>y en ese momento funcionarios, empresarios y dirigentes gremiales acordaron un incremento del&nbsp;<strong>32,2%&nbsp;<\/strong>hasta fines de a\u00f1o, en tres tramos no acumulativos: un 12% en octubre, otro 12% en noviembre y un 8,5% en diciembre.<\/p>\n\n\n\n<p>A poco de asumir, el secretario de Trabajo,&nbsp;<strong>Omar Yas\u00edn,<\/strong>&nbsp;afirm\u00f3 que pensaba convocar al Consejo del Salario \u201cposiblemente los primeros d\u00edas de enero\u201d porque<strong>&nbsp;\u201chabr\u00e1 que aumentarlo desde enero en un porcentaje bastante considerable\u201d.<\/strong>&nbsp;Por entonces a\u00fan no estaba roto el di\u00e1logo entre el Gobierno y la CGT, pero luego de que se conocieron el DNU 70 y la Ley \u00d3mnibus para desregular la econom\u00eda la CGT avanz\u00f3 con su impugnaci\u00f3n judicial y resolvi\u00f3 el paro de 12 horas con movilizaci\u00f3n al Congreso para frenar su instrumentaci\u00f3n, decisiones que&nbsp;<strong>congelaron&nbsp;<\/strong>las charlas que hab\u00eda entre ambos sectores.<\/p>\n\n\n\n<p><a href=\"https:\/\/www.infobae.com\/politica\/2024\/01\/16\/el-gobierno-aseguro-que-esta-en-marcha-el-proceso-para-dar-de-baja-160-mil-planes-de-beneficiarios-que-viajaron-al-exterior-en-aviones-y-cruceros\/\" target=\"_blank\" rel=\"noreferrer noopener\"><\/a><\/p>\n\n\n\n<p>El endurecimiento de la CGT ante el Gobierno motiv\u00f3 que se postergara el aumento del salario m\u00ednimo<\/p>\n\n\n\n<p>La postergaci\u00f3n del Consejo del Salario se convierte as\u00ed en otro\u00a0<strong>eslab\u00f3n\u00a0<\/strong>del conflicto entre la Casa Rosada y el sindicalismo, que se fue agravando desde que la CGT decidi\u00f3 la medida de fuerza. Una de de sus manifestaciones fue la\u00a0<strong>intimaci\u00f3n<\/strong>\u00a0del Ministerio de Seguridad para que los sindicatos paguen el operativo desplegado por la protesta cegetista del 27 de diciembre ante el Palacio de Tribunales. Adem\u00e1s, el vocero presidencial,\u00a0<strong>Manuel Adorni,<\/strong>\u00a0advirti\u00f3 que el Gobierno \u201cest\u00e1 analizando como una posibilidad cierta\u201d\u00a0<strong>descontarle el d\u00eda<\/strong>\u00a0a los empleados estatales que adhieran al paro del 24 de enero.<\/p>\n\n\n\n<p>Seg\u00fan el art\u00edculo 116 de la Ley de Contrato de Trabajo N\u00b0 20744,el\u00a0<strong>Salario M\u00ednimo Vital y M\u00f3vil<\/strong>\u00a0es definido como \u201cla menor remuneraci\u00f3n que debe percibir en efectivo el trabajador sin cargas de familia, en su jornada legal de trabajo, de modo que le asegure alimentaci\u00f3n adecuada, vivienda digna, educaci\u00f3n, vestuario, asistencia sanitaria, transporte y esparcimiento, vacaciones y previsi\u00f3n\u201d.<a rel=\"noreferrer noopener\" href=\"https:\/\/www.infobae.com\/politica\/2024\/01\/16\/el-gobierno-aseguro-que-esta-en-marcha-el-proceso-para-dar-de-baja-160-mil-planes-de-beneficiarios-que-viajaron-al-exterior-en-aviones-y-cruceros\/\" target=\"_blank\"><\/a><\/p>\n\n\n\n<p>El monto del salario m\u00ednimo es establecido peri\u00f3dicamente por el&nbsp;<strong>Consejo Nacional de Empleo, la Productividad y el Salario<\/strong>, que re\u00fane a representantes de los trabajadores, empleadores, el Estado Nacional y el Consejo Federal del Trabajo (compuesto por los gobiernos provinciales). Su principal objetivo es abordar cuestiones relacionadas con las relaciones laborales como la redistribuci\u00f3n del ingreso, la asistencia a desempleados y la generaci\u00f3n de empleo digno, entre otros.<\/p>\n\n\n\n<p><img decoding=\"async\" loading=\"lazy\" alt=\"El ministro de Econom\u00eda, Luis Caputo, y el titular de la Uni\u00f3n Industrial Argentina (UIA), Daniel Funes de Rioja\" height=\"1080\" width=\"1920\" src=\"https:\/\/www.infobae.com\/new-resizer\/IKf2cvuZ0pSqJjplajtBXDOJz8A=\/420x236\/filters:format(webp):quality(85)\/cloudfront-us-east-1.images.arcpublishing.com\/infobae\/ERRE6WPCTFDZHBLUP3M6JXJLF4.jpg%20420w\" srcset=\"https:\/\/www.infobae.com\/new-resizer\/IKf2cvuZ0pSqJjplajtBXDOJz8A=\/420x236\/filters:format(webp):quality(85)\/cloudfront-us-east-1.images.arcpublishing.com\/infobae\/ERRE6WPCTFDZHBLUP3M6JXJLF4.jpg 420w,https:\/\/www.infobae.com\/new-resizer\/8w3DJYB_l7rn7sJzppTMuW-IR2w=\/768x432\/filters:format(webp):quality(85)\/cloudfront-us-east-1.images.arcpublishing.com\/infobae\/ERRE6WPCTFDZHBLUP3M6JXJLF4.jpg 768w,https:\/\/www.infobae.com\/new-resizer\/e61uBd_-bF1B0rxtmqMBNMQ1NfA=\/992x558\/filters:format(webp):quality(85)\/cloudfront-us-east-1.images.arcpublishing.com\/infobae\/ERRE6WPCTFDZHBLUP3M6JXJLF4.jpg 992w,https:\/\/www.infobae.com\/new-resizer\/rSYt7V2HFg34R8BgTzF5_ms4w5c=\/1200x675\/filters:format(webp):quality(85)\/cloudfront-us-east-1.images.arcpublishing.com\/infobae\/ERRE6WPCTFDZHBLUP3M6JXJLF4.jpg 1200w,https:\/\/www.infobae.com\/new-resizer\/UUG99doZDvn-t2Tu37dJM6bX-48=\/1440x810\/filters:format(webp):quality(85)\/cloudfront-us-east-1.images.arcpublishing.com\/infobae\/ERRE6WPCTFDZHBLUP3M6JXJLF4.jpg 1440w\">El ministro de Econom\u00eda, Luis Caputo, y el titular de la Uni\u00f3n Industrial Argentina (UIA), Daniel Funes de Rioja<\/p>\n\n\n\n<p>En la pr\u00e1ctica, el salario m\u00ednimo&nbsp;<strong>no tiene una fuerte influencia<\/strong>&nbsp;en los ingresos de los trabajadores del sector privado, cuyos niveles son pactados en las paritarias y son superiores al monto establecido en el Consejo, pero s\u00ed<strong>&nbsp;impacta en el gasto del Estado<\/strong>&nbsp;ya que esa cifra es utilizada como&nbsp;<strong>referencia&nbsp;<\/strong>para&nbsp;<strong>programas sociales&nbsp;<\/strong>como las becas Progresar, el Potenciar Trabajo y los seguros de desempleo<\/p>\n\n\n\n<p>El \u00faltimo encuentro del Consejo del Salario fue el 27 de septiembre pasado, oportunidad en la que se decidi\u00f3 un incremento del&nbsp;<strong>32,2% hasta fines de a\u00f1o,&nbsp;<\/strong>que elev\u00f3 el sueldo m\u00ednimo de $118.000 en tres tramos mensuales, lo que permiti\u00f3 que en diciembre alcanzara el monto actual de$156.000.<\/p>\n\n\n\n<p>La\u00a0<strong>inflaci\u00f3n\u00a0<\/strong>del \u00faltimo trimestre de 2023 fue del 46,6% (8,3 en octubre, 12,8 en noviembre y 25.5 en diciembre), cifras que, a juicio de la CGT, obligaban a discutir en forma\u00a0<strong>urgente\u00a0<\/strong>un aumento del salario m\u00ednimo. Para los sindicalistas, su monto debe incrementarse\u00a0<strong>\u201cconforme a lo que indica la inflaci\u00f3n\u201d.<\/strong><\/p>\n\n\n\n<p>Fuente: Infobae<\/p>\n","protected":false},"excerpt":{"rendered":"<div class=\"mh-excerpt\"><p>El Gobierno a\u00fan no defini\u00f3 la fecha de convocatoria del\u00a0Consejo del Salario,\u00a0pese a que estaba previsto para enero, y de esa forma se posterga el aumento del sueldo m\u00ednimo, que es de $156.000. Fuentes oficiales admitieronque\u00a0\u201ces muy dif\u00edcil\u201d\u00a0citar a los sindicalistas para discutir ese tema \u201cen medio del paro\u201d de la CGT dispuesto para el 24 de enero.\u00a0\u201cParece una provocaci\u00f3n\u201d,\u00a0se\u00f1alaron. El \u00faltimo encuentro del Consejo fue en&nbsp;septiembre pasado&nbsp;y en ese momento funcionarios, empresarios y dirigentes gremiales acordaron un incremento del&nbsp;32,2%&nbsp;hasta fines de a\u00f1o, en tres tramos no acumulativos: un 12% en octubre, otro 12% en noviembre y un 8,5% en <a class=\"mh-excerpt-more\" href=\"http:\/\/dsrmedios.com.ar\/diario\/archivos\/42656\" title=\"Ante el paro de la CGT, el Gobierno decidi\u00f3 postergar sin fecha el aumento del salario m\u00ednimo\">[Leer m\u00e1s]<\/a><\/p>\n<\/div>","protected":false},"author":8,"featured_media":42657,"comment_status":"open","ping_status":"closed","sticky":false,"template":"","format":"standard","meta":{"_jetpack_newsletter_access":""},"categories":[6],"tags":[],"jetpack_featured_media_url":"http:\/\/dsrmedios.com.ar\/diario\/wp-content\/uploads\/2024\/01\/images-20.jpeg","jetpack_sharing_enabled":true,"jetpack_shortlink":"https:\/\/wp.me\/p9fihK-b60","_links":{"self":[{"href":"http:\/\/dsrmedios.com.ar\/diario\/wp-json\/wp\/v2\/posts\/42656"}],"collection":[{"href":"http:\/\/dsrmedios.com.ar\/diario\/wp-json\/wp\/v2\/posts"}],"about":[{"href":"http:\/\/dsrmedios.com.ar\/diario\/wp-json\/wp\/v2\/types\/post"}],"author":[{"embeddable":true,"href":"http:\/\/dsrmedios.com.ar\/diario\/wp-json\/wp\/v2\/users\/8"}],"replies":[{"embeddable":true,"href":"http:\/\/dsrmedios.com.ar\/diario\/wp-json\/wp\/v2\/comments?post=42656"}],"version-history":[{"count":1,"href":"http:\/\/dsrmedios.com.ar\/diario\/wp-json\/wp\/v2\/posts\/42656\/revisions"}],"predecessor-version":[{"id":42658,"href":"http:\/\/dsrmedios.com.ar\/diario\/wp-json\/wp\/v2\/posts\/42656\/revisions\/42658"}],"wp:featuredmedia":[{"embeddable":true,"href":"http:\/\/dsrmedios.com.ar\/diario\/wp-json\/wp\/v2\/media\/42657"}],"wp:attachment":[{"href":"http:\/\/dsrmedios.com.ar\/diario\/wp-json\/wp\/v2\/media?parent=42656"}],"wp:term":[{"taxonomy":"category","embeddable":true,"href":"http:\/\/dsrmedios.com.ar\/diario\/wp-json\/wp\/v2\/categories?post=42656"},{"taxonomy":"post_tag","embeddable":true,"href":"http:\/\/dsrmedios.com.ar\/diario\/wp-json\/wp\/v2\/tags?post=42656"}],"curies":[{"name":"wp","href":"https:\/\/api.w.org\/{rel}","templated":true}]}}