{"id":42642,"date":"2024-01-12T17:47:41","date_gmt":"2024-01-12T20:47:41","guid":{"rendered":"http:\/\/dsrmedios.com.ar\/diario\/?p=42642"},"modified":"2024-01-12T17:47:44","modified_gmt":"2024-01-12T20:47:44","slug":"dolar-inflacion-y-salarios-la-variable-que-gano-en-2023-y-cual-tendra-que-recuperar-terreno-en-2024","status":"publish","type":"post","link":"http:\/\/dsrmedios.com.ar\/diario\/archivos\/42642","title":{"rendered":"D\u00f3lar, inflaci\u00f3n y salarios: la variable que gan\u00f3 en 2023 y cu\u00e1l tendr\u00e1 que recuperar terreno en 2024"},"content":{"rendered":"\n<p>Con los datos de&nbsp;<a href=\"https:\/\/tn.com.ar\/economia\/2024\/01\/12\/cuales-son-los-10-alimentos-que-mas-aumentaron-su-precio-en-diciembre\/\" target=\"_blank\" rel=\"noreferrer noopener\"><strong>inflaci\u00f3n<\/strong><\/a>&nbsp;cerrados para 2023, que finaliz\u00f3 con un&nbsp;<a href=\"https:\/\/tn.com.ar\/economia\/2024\/01\/11\/la-inflacion-de-diciembre-fue-de-255-y-llego-al-2114-en-2023\/\" target=\"_blank\" rel=\"noreferrer noopener\">alza de 211,4% en los precios<\/a>, se puede analizar la&nbsp;<strong>evoluci\u00f3n de las diferentes variables<\/strong>&nbsp;durante el a\u00f1o pasado. Al hacerlo, se aprecia un claro ganador: el&nbsp;<a href=\"https:\/\/tn.com.ar\/economia\/2024\/01\/12\/a-cuanto-va-a-llegar-el-dolar-oficial-segun-las-proyecciones-de-los-analistas-del-rem\/\" target=\"_blank\" rel=\"noreferrer noopener\"><strong>d\u00f3lar<\/strong><\/a>&nbsp;oficial, que&nbsp;<strong>subi\u00f3 m\u00e1s de 350% en 12 meses<\/strong>.<\/p>\n\n\n\n<p>Seg\u00fan un an\u00e1lisis de\u00a0<em>GMA Capital,<\/em>\u00a0detr\u00e1s del tipo de cambio oficial se ubicaron los componentes relacionados al costo de vida. Primero, aparecen\u00a0<a rel=\"noreferrer noopener\" href=\"https:\/\/tn.com.ar\/economia\/2024\/01\/11\/la-inflacion-de-alimentos-fue-de-2513-en-2023-y-estuvo-40-puntos-por-encima-del-nivel-general-de-precios\/\" target=\"_blank\">los precios de alimentos y bebidas<\/a>, que\u00a0<strong>escalaron 251,3%<\/strong>\u00a0el a\u00f1o pasado. Detr\u00e1s, se ubica la inflaci\u00f3n n\u00facleo (aquella que no toma en cuenta los precios regulados ni estacionales), que aument\u00f3 229%. En el cuarto lugar del ranking est\u00e1 el ya mencionado \u00edndice de precios al consumidor.<\/p>\n\n\n\n<p>Por debajo del 200% se ubican las variaciones a noviembre (\u00faltimo dato disponible) de la&nbsp;<a href=\"https:\/\/tn.com.ar\/economia\/2023\/12\/15\/la-canasta-basica-aumento-131-en-noviembre-y-una-familia-necesito-390456-para-no-ser-considerada-pobre\/\" target=\"_blank\" rel=\"noreferrer noopener\">canasta b\u00e1sica alimentaria<\/a>&nbsp;(189%), el precio del&nbsp;<strong>pollo<\/strong>&nbsp;(188%) y el de la&nbsp;<strong>carne<\/strong>&nbsp;(187%), seg\u00fan el IPCVA. Detr\u00e1s de ellos se ubic\u00f3 el&nbsp;<strong>d\u00f3lar contado con liquidaci\u00f3n<\/strong>&nbsp;que, aunque lleg\u00f3 a estar un 170% por encima del oficial, termin\u00f3 el a\u00f1o con una variaci\u00f3n de 186%.<\/p>\n\n\n\n<h2>Las tarifas toman carrera<\/h2>\n\n\n\n<p>Un \u00edtem que tambi\u00e9n qued\u00f3\u00a0<strong>rezagado<\/strong>\u00a0en relaci\u00f3n con el d\u00f3lar y la inflaci\u00f3n fueron los<strong>\u00a0precios regulados<\/strong>, que\u00a0<strong>aumentaron 165%.<\/strong>\u00a0Esto refiere a\u00a0<a rel=\"noreferrer noopener\" href=\"https:\/\/tn.com.ar\/economia\/2024\/01\/13\/aumentan-este-lunes-15-las-tarifas-de-colectivos-y-trenes-que-va-a-pasar-en-febrero\/\" target=\"_blank\"><strong>tarifas<\/strong><\/a>\u00a0de servicios p\u00fablicos, combustible, transporte y prepagas, entre otros rubros que requer\u00edan una audiencia p\u00fablica o directamente una autorizaci\u00f3n del Gobierno para incrementar sus precios.<\/p>\n\n\n\n<p>Sin embargo, la nueva administraci\u00f3n&nbsp;<strong>liber\u00f3 inmediatamente los topes que pudo y llam\u00f3 a audiencias p\u00fablicas&nbsp;<\/strong>para acomodar los costos del gas y la energ\u00eda el\u00e9ctrica. As\u00ed, es probable que durante 2024 los regulados busquen recuperar el terreno perdido.<\/p>\n\n\n\n<figure class=\"wp-block-image\"><img decoding=\"async\" src=\"https:\/\/tn.com.ar\/resizer\/tosrhWLL63LuVlyKltM3WiRgNMU=\/767x0\/smart\/filters:format(webp)\/cloudfront-us-east-1.images.arcpublishing.com\/artear\/EIDTDJ4CNFBSVMHJN65HHA6H5Y.png\" alt=\"Los precios regulados se atrasaron durante los \u00faltimos 4 a\u00f1os y su sinceramiento requerir\u00e1 un notable esfuerzo. (Foto: GMA Capital).\"\/><figcaption class=\"wp-element-caption\">Los precios regulados se atrasaron durante los \u00faltimos 4 a\u00f1os y su sinceramiento requerir\u00e1 un notable esfuerzo. (Foto: GMA Capital).<\/figcaption><\/figure>\n\n\n\n<p>Sobre ese punto,&nbsp;<em>GMA<\/em>&nbsp;record\u00f3 que el gobierno de&nbsp;<strong>Alberto Fern\u00e1ndez<\/strong>&nbsp;us\u00f3 los precios regulados como una forma de mitigar la inflaci\u00f3n. Sin embargo, sostuvo que \u201c<strong>los congelamientos funcionan s\u00f3lo como medida de corto plazo<\/strong>, y su abuso tiene efectos negativos sobre los incentivos\u201d.<\/p>\n\n\n\n<p>En esa l\u00ednea, la compa\u00f1\u00eda hizo notar que corregir los precios regulados requerir\u00e1 un esfuerzo importante. \u201cEn rigor, para equiparar la evoluci\u00f3n de la inflaci\u00f3n n\u00facleo desde agosto de 2019, el componente regulado&nbsp;<strong>deber\u00eda experimentar una suba real del 72%<\/strong>\u201d, estim\u00f3.<\/p>\n\n\n\n<h2>El salario, \u00faltimo de la fila<\/h2>\n\n\n\n<p>El trabajo de\u00a0<em>GMA Capital\u00a0<\/em>muestra que el\u00a0<a rel=\"noreferrer noopener\" href=\"https:\/\/tn.com.ar\/economia\/2023\/12\/22\/los-salarios-subieron-83-en-octubre-los-registrados-empataron-la-inflacion-y-los-informales-quedaron-atras\/\" target=\"_blank\"><strong>salario<\/strong><\/a>\u00a0-en todas sus presentaciones-\u00a0<strong>fue el gran perdedor de 2023<\/strong>: subi\u00f3 entre98% y 152%. \u201cA pesar del desfasaje en algunos datos, es posible observar una tendencia que duele: los salarios perdieron fuertemente, no solo contra el tipo de cambio oficial y el \u2018contado con liqui\u2019, sino contra la mayor\u00eda de los componentes de la canasta b\u00e1sica, especialmente, alimentos y bebidas\u201d, afirm\u00f3 el reporte.<\/p>\n\n\n\n<p>Si bien faltan los datos oficiales de los \u00faltimos dos meses del a\u00f1o, la tendencia no es auspiciosa, teniendo en cuenta que&nbsp;<a href=\"https:\/\/tn.com.ar\/economia\/2024\/01\/02\/tras-la-devaluacion-de-diciembre-los-salarios-del-sector-privado-cayeron-un-41-medidos-en-dolares\/\" target=\"_blank\" rel=\"noreferrer noopener\">la devaluaci\u00f3n de diciembre hundi\u00f3 las remuneraciones en pesos<\/a>&nbsp;y&nbsp;<a href=\"https:\/\/tn.com.ar\/economia\/2024\/01\/13\/como-termino-la-carrera-entre-los-salarios-y-la-inflacion-en-2023-y-cuales-son-las-proyecciones-para-el-2024\/\" target=\"_blank\" rel=\"noreferrer noopener\">la inflaci\u00f3n seguir\u00e1 haciendo lo mismo<\/a>&nbsp;en los primeros meses de este a\u00f1o.<\/p>\n\n\n\n<p>Seg\u00fan estimaciones de&nbsp;<em>Equilibra<\/em>,&nbsp;<strong>el salario medido por el \u00edndice Ripte, habr\u00eda ca\u00eddo en t\u00e9rminos reales 11% en el \u00faltimo mes de 2023<\/strong>, lo que significar\u00eda un r\u00e9cord para la serie que arranca en 1995, producto de una suba esperada del salario formal en torno al 11% contra precios que crecieron 25,5%.<\/p>\n\n\n\n<figure class=\"wp-block-image\"><img decoding=\"async\" src=\"https:\/\/tn.com.ar\/resizer\/0iKmxDXVWWNsK_DWAcBNKB57pxM=\/767x0\/smart\/filters:format(webp)\/cloudfront-us-east-1.images.arcpublishing.com\/artear\/VS4AOPELWVH4TBES66TKYKLAUQ.png\" alt=\"El salario, en todas sus formas, fue el gran perdedor de 2023. (Foto: GMA Capital).\"\/><figcaption class=\"wp-element-caption\">El salario, en todas sus formas, fue el gran perdedor de 2023. (Foto: GMA Capital).<\/figcaption><\/figure>\n\n\n\n<p>Para&nbsp;<em>Ecolatina<\/em>, las&nbsp;<a href=\"https:\/\/tn.com.ar\/economia\/2024\/01\/09\/axel-kicillof-discute-este-martes-un-nuevo-aumento-salarial-para-estatales-y-docentes-bonaerenses\/\" target=\"_blank\" rel=\"noreferrer noopener\"><strong>paritarias<\/strong><\/a>&nbsp;-sin participaci\u00f3n estatal- tendr\u00e1n un rol protag\u00f3nico en la din\u00e1mica inflacionaria de este a\u00f1o. La consultora describi\u00f3 dos escenarios posibles para la evoluci\u00f3n de los salarios. En el primero,&nbsp;<strong>los sueldos se recuperar\u00edan y seguir\u00edan de cerca a los precios.<\/strong>&nbsp;En ese caso, \u201cla&nbsp;<strong>inercia inflacionaria<\/strong>&nbsp;no s\u00f3lo no se cortar\u00eda, sino que adem\u00e1s, estar\u00e1 latente el riesgo de una pronta espiralizaci\u00f3n precios-salarios\u201d.<\/p>\n\n\n\n<p>La consultora sostuvo que en ese caso, la inestabilidad \u201c<strong>minar\u00eda la<\/strong>&nbsp;<strong>popularidad<\/strong>&nbsp;del Gobierno -porque la inflaci\u00f3n se estacionar\u00eda en niveles elevados, por encima del 20%- y tambi\u00e9n su&nbsp;<strong>credibilidad<\/strong>&nbsp;para llevar adelante un plan de estabilizaci\u00f3n exitoso\u201d.<\/p>\n\n\n\n<figure class=\"wp-block-image\"><img decoding=\"async\" src=\"https:\/\/tn.com.ar\/resizer\/SfzultLeNSFcpYzE-JZukL_i1js=\/767x0\/smart\/filters:format(webp)\/cloudfront-us-east-1.images.arcpublishing.com\/artear\/RAXEZLNUORCFJCK7746UI6XMIM.jpg\" alt=\"El ministro de Econom\u00eda, Luis Caputo, anunci\u00f3 una suba de 118% en el precio del d\u00f3lar dos d\u00edas despu\u00e9s de asumir. (Foto: Juan Mabromata \/ AFP).\"\/><figcaption class=\"wp-element-caption\">El ministro de Econom\u00eda, Luis Caputo, anunci\u00f3 una suba de 118% en el precio del d\u00f3lar dos d\u00edas despu\u00e9s de asumir. (Foto: Juan Mabromata \/ AFP).<\/figcaption><\/figure>\n\n\n\n<p>En el otro escenario,\u00a0<strong>los salarios seguir\u00edan en ca\u00edda y actuar\u00edan como freno a los precios<\/strong>. \u201cLa inflaci\u00f3n desacelerar\u00e1 como resultado de una demanda agregada d\u00e9bil, que ser\u00e1 la consecuencia, principalmente, de un\u00a0<strong>desplome del poder adquisitiv<\/strong>o (el consumo privado explica cerca del 70% del PIB). En este sentido, cuanto mayor sea la diferencia en la velocidad a la que corren los precios respecto a los salarios, m\u00e1s grande ser\u00e1 el efecto recesivo y posiblemente m\u00e1s r\u00e1pida la desaceleraci\u00f3n de la inflaci\u00f3n\u201d, explic\u00f3\u00a0<em>Ecolatina<\/em>.<\/p>\n\n\n\n<p>Para los analistas de esa consultora, el panorama de los pr\u00f3ximos meses combinar\u00e1 elementos de ambos escenarios:\u00a0<strong>habr\u00e1 paritarias<\/strong>\u00a0cortas y algunos ajustes salariales mensuales, pero todo ello\u00a0<strong>no alcanzar\u00e1 para mantener el poder adquisitivo<\/strong>, por lo que tambi\u00e9n la recesi\u00f3n jugar\u00e1 un papel en la desinflaci\u00f3n.<\/p>\n\n\n\n<p>Fuente: tn<\/p>\n","protected":false},"excerpt":{"rendered":"<div class=\"mh-excerpt\"><p>Con los datos de&nbsp;inflaci\u00f3n&nbsp;cerrados para 2023, que finaliz\u00f3 con un&nbsp;alza de 211,4% en los precios, se puede analizar la&nbsp;evoluci\u00f3n de las diferentes variables&nbsp;durante el a\u00f1o pasado. Al hacerlo, se aprecia un claro ganador: el&nbsp;d\u00f3lar&nbsp;oficial, que&nbsp;subi\u00f3 m\u00e1s de 350% en 12 meses. Seg\u00fan un an\u00e1lisis de\u00a0GMA Capital,\u00a0detr\u00e1s del tipo de cambio oficial se ubicaron los componentes relacionados al costo de vida. Primero, aparecen\u00a0los precios de alimentos y bebidas, que\u00a0escalaron 251,3%\u00a0el a\u00f1o pasado. Detr\u00e1s, se ubica la inflaci\u00f3n n\u00facleo (aquella que no toma en cuenta los precios regulados ni estacionales), que aument\u00f3 229%. En el cuarto lugar del ranking est\u00e1 el ya <a class=\"mh-excerpt-more\" href=\"http:\/\/dsrmedios.com.ar\/diario\/archivos\/42642\" title=\"D\u00f3lar, inflaci\u00f3n y salarios: la variable que gan\u00f3 en 2023 y cu\u00e1l tendr\u00e1 que recuperar terreno en 2024\">[Leer m\u00e1s]<\/a><\/p>\n<\/div>","protected":false},"author":8,"featured_media":40125,"comment_status":"open","ping_status":"closed","sticky":false,"template":"","format":"standard","meta":{"_jetpack_newsletter_access":""},"categories":[6],"tags":[],"jetpack_featured_media_url":"http:\/\/dsrmedios.com.ar\/diario\/wp-content\/uploads\/2023\/10\/dolar.webp","jetpack_sharing_enabled":true,"jetpack_shortlink":"https:\/\/wp.me\/p9fihK-b5M","_links":{"self":[{"href":"http:\/\/dsrmedios.com.ar\/diario\/wp-json\/wp\/v2\/posts\/42642"}],"collection":[{"href":"http:\/\/dsrmedios.com.ar\/diario\/wp-json\/wp\/v2\/posts"}],"about":[{"href":"http:\/\/dsrmedios.com.ar\/diario\/wp-json\/wp\/v2\/types\/post"}],"author":[{"embeddable":true,"href":"http:\/\/dsrmedios.com.ar\/diario\/wp-json\/wp\/v2\/users\/8"}],"replies":[{"embeddable":true,"href":"http:\/\/dsrmedios.com.ar\/diario\/wp-json\/wp\/v2\/comments?post=42642"}],"version-history":[{"count":1,"href":"http:\/\/dsrmedios.com.ar\/diario\/wp-json\/wp\/v2\/posts\/42642\/revisions"}],"predecessor-version":[{"id":42643,"href":"http:\/\/dsrmedios.com.ar\/diario\/wp-json\/wp\/v2\/posts\/42642\/revisions\/42643"}],"wp:featuredmedia":[{"embeddable":true,"href":"http:\/\/dsrmedios.com.ar\/diario\/wp-json\/wp\/v2\/media\/40125"}],"wp:attachment":[{"href":"http:\/\/dsrmedios.com.ar\/diario\/wp-json\/wp\/v2\/media?parent=42642"}],"wp:term":[{"taxonomy":"category","embeddable":true,"href":"http:\/\/dsrmedios.com.ar\/diario\/wp-json\/wp\/v2\/categories?post=42642"},{"taxonomy":"post_tag","embeddable":true,"href":"http:\/\/dsrmedios.com.ar\/diario\/wp-json\/wp\/v2\/tags?post=42642"}],"curies":[{"name":"wp","href":"https:\/\/api.w.org\/{rel}","templated":true}]}}