{"id":42640,"date":"2024-01-14T17:24:45","date_gmt":"2024-01-14T20:24:45","guid":{"rendered":"http:\/\/dsrmedios.com.ar\/diario\/?p=42640"},"modified":"2024-01-14T17:24:47","modified_gmt":"2024-01-14T20:24:47","slug":"carhue-comenzo-en-barrio-illia-los-festejos-por-su-147o-aniversario","status":"publish","type":"post","link":"http:\/\/dsrmedios.com.ar\/diario\/archivos\/42640","title":{"rendered":"<strong>Carhu\u00e9 comenz\u00f3 en Barrio Illia los festejos por su 147\u00ba aniversario<\/strong>"},"content":{"rendered":"\n<h3>En el marco del 147\u00b0 aniversario de Carhu\u00e9, las celebraciones llegaron al barrio Arturo Illia con el evento que recorre la localidad la semana previa al 20 de enero: \u201cCarhu\u00e9 festeja en los barrios\u201d.<br><br>La edici\u00f3n 2024 tuvo show de Circonautas, m\u00fasica, ludoteca, juegos y actividades recreativas para todas las edades, le dieron color y llenaron de alegr\u00eda el parque del barrio. &nbsp;<br>&nbsp;<br>Como en la primera edici\u00f3n realizada en 2020, estuvieron presentes el Intendente Javier Andres junto con integrantes de su gabinete, y las Concejales Ana Clara Uribe Echevarr\u00eda y Graciela Rodr\u00edguez.<br><br>Integrantes del Comit\u00e9 de la U.C.R. participaron activamente en el desarrollo del evento ofreciendo&nbsp;tortas y jugos.<\/h3>\n","protected":false},"excerpt":{"rendered":"<div class=\"mh-excerpt\"><p>En el marco del 147\u00b0 aniversario de Carhu\u00e9, las celebraciones llegaron al barrio Arturo Illia con el evento que recorre la localidad la semana previa al 20 de enero: \u201cCarhu\u00e9 festeja en los barrios\u201d. La edici\u00f3n 2024 tuvo show de Circonautas, m\u00fasica, ludoteca, juegos y actividades recreativas para todas las edades, le dieron color y llenaron de alegr\u00eda el parque del barrio. &nbsp;&nbsp;Como en la primera edici\u00f3n realizada en 2020, estuvieron presentes el Intendente Javier Andres junto con integrantes de su gabinete, y las Concejales Ana Clara Uribe Echevarr\u00eda y Graciela Rodr\u00edguez. Integrantes del Comit\u00e9 de la U.C.R. participaron activamente <a class=\"mh-excerpt-more\" href=\"http:\/\/dsrmedios.com.ar\/diario\/archivos\/42640\" title=\"Carhu\u00e9 comenz\u00f3 en Barrio Illia los festejos por su 147\u00ba aniversario\">[Leer m\u00e1s]<\/a><\/p>\n<\/div>","protected":false},"author":8,"featured_media":42649,"comment_status":"open","ping_status":"closed","sticky":false,"template":"","format":"standard","meta":{"_jetpack_newsletter_access":""},"categories":[18,31,5],"tags":[],"jetpack_featured_media_url":"http:\/\/dsrmedios.com.ar\/diario\/wp-content\/uploads\/2024\/01\/814319f8-f064-a15f-fec5-25e887597a30.jpg","jetpack_sharing_enabled":true,"jetpack_shortlink":"https:\/\/wp.me\/p9fihK-b5K","_links":{"self":[{"href":"http:\/\/dsrmedios.com.ar\/diario\/wp-json\/wp\/v2\/posts\/42640"}],"collection":[{"href":"http:\/\/dsrmedios.com.ar\/diario\/wp-json\/wp\/v2\/posts"}],"about":[{"href":"http:\/\/dsrmedios.com.ar\/diario\/wp-json\/wp\/v2\/types\/post"}],"author":[{"embeddable":true,"href":"http:\/\/dsrmedios.com.ar\/diario\/wp-json\/wp\/v2\/users\/8"}],"replies":[{"embeddable":true,"href":"http:\/\/dsrmedios.com.ar\/diario\/wp-json\/wp\/v2\/comments?post=42640"}],"version-history":[{"count":1,"href":"http:\/\/dsrmedios.com.ar\/diario\/wp-json\/wp\/v2\/posts\/42640\/revisions"}],"predecessor-version":[{"id":42650,"href":"http:\/\/dsrmedios.com.ar\/diario\/wp-json\/wp\/v2\/posts\/42640\/revisions\/42650"}],"wp:featuredmedia":[{"embeddable":true,"href":"http:\/\/dsrmedios.com.ar\/diario\/wp-json\/wp\/v2\/media\/42649"}],"wp:attachment":[{"href":"http:\/\/dsrmedios.com.ar\/diario\/wp-json\/wp\/v2\/media?parent=42640"}],"wp:term":[{"taxonomy":"category","embeddable":true,"href":"http:\/\/dsrmedios.com.ar\/diario\/wp-json\/wp\/v2\/categories?post=42640"},{"taxonomy":"post_tag","embeddable":true,"href":"http:\/\/dsrmedios.com.ar\/diario\/wp-json\/wp\/v2\/tags?post=42640"}],"curies":[{"name":"wp","href":"https:\/\/api.w.org\/{rel}","templated":true}]}}