{"id":42636,"date":"2024-01-12T17:45:18","date_gmt":"2024-01-12T20:45:18","guid":{"rendered":"http:\/\/dsrmedios.com.ar\/diario\/?p=42636"},"modified":"2024-01-12T17:45:20","modified_gmt":"2024-01-12T20:45:20","slug":"milei-advirtio-que-el-deficit-cero-no-es-negociable-y-dijo-que-la-inflacion-seguira-alta-en-los-proximos-meses","status":"publish","type":"post","link":"http:\/\/dsrmedios.com.ar\/diario\/archivos\/42636","title":{"rendered":"Milei advirti\u00f3 que el d\u00e9ficit cero no es negociable y dijo que la inflaci\u00f3n seguir\u00e1 alta en los pr\u00f3ximos meses"},"content":{"rendered":"\n<p>El presidente<a href=\"https:\/\/tn.com.ar\/politica\/2024\/01\/13\/javier-milei-destaco-el-apoyo-de-mas-de-2000-pymes-emprendedores-y-productores-a-la-reforma-laboral-del-dnu\/\" target=\"_blank\" rel=\"noreferrer noopener\">&nbsp;<strong>Javier Milei&nbsp;<\/strong><\/a>ratific\u00f3 su objetivo de alcanzar el&nbsp;<strong>d\u00e9ficit fiscal cero&nbsp;<\/strong>y advirti\u00f3 que \u201cla austeridad no es negociable\u201d. Adem\u00e1s, adelant\u00f3 que la Argentina seguir\u00e1&nbsp;<strong>\u201cpadeciendo la alta inflaci\u00f3n durante unos meses\u201d.<\/strong><\/p>\n\n\n\n<p>Luego de que se diera a conocer el dato de la\u00a0<a rel=\"noreferrer noopener\" href=\"https:\/\/tn.com.ar\/economia\/2024\/01\/11\/inflacion-de-diciembre-2023-como-quedaron-los-numeros-despues-de-conocer-el-dato-del-indec\/\" target=\"_blank\"><strong>inflaci\u00f3n de diciembre<\/strong><\/a><strong>,\u00a0<\/strong>Milei afirm\u00f3 en di\u00e1logo con\u00a0<em>Radio Mitre\u00a0<\/em>que el aumento de precios se debe a que \u201ctodav\u00eda\u00a0<strong>queda mucho reacomodamiento<\/strong>\u00a0de precios relativos\u201d. A su vez, prometi\u00f3 multiplicaci\u00f3n de ingresos cuando se apliquen las reformas que impulsa el Ejecutivo.<\/p>\n\n\n\n<p>Ante este panorama, consider\u00f3 que el camino que est\u00e1 transitando su administraci\u00f3n es el correcto. \u201cSi nos mantenemos en esta senda de la austeridad y el emprolijamiento y saneamiento del Banco Central, sin lugar a dudas vamos a lograr abatir la inflaci\u00f3n\u201d, se\u00f1al\u00f3.<\/p>\n\n\n\n<figure class=\"wp-block-image\"><img decoding=\"async\" src=\"https:\/\/tn.com.ar\/resizer\/sVEI2ZVbohDKrIWag2MHoxVxSqI=\/767x0\/smart\/filters:format(webp)\/cloudfront-us-east-1.images.arcpublishing.com\/artear\/KSO5PUDSWRFWVD3Z5S7ECTWNBQ.png\" alt=\"El presidente Javier Milei. (Foto: prensa LLA)\"\/><figcaption class=\"wp-element-caption\">El presidente Javier Milei. (Foto: prensa LLA)<\/figcaption><\/figure>\n\n\n\n<p>Milei dijo que fue un&nbsp;<strong>\u201clogro enorme\u201d&nbsp;<\/strong>que el \u00edndice de precios al consumidor (IPC) de diciembre haya sido de 25% y lo atribuy\u00f3 a un \u201cplan de estabilizaci\u00f3n hiperortodoxo\u201d que consiste en \u201cun fuerte ajuste fiscal para que no haya m\u00e1s necesidad de emisi\u00f3n para financiar al fisco, un proceso de saneamiento del Banco Central, que est\u00e1 en curso, y un sinceramiento en el mercado de cambios\u201d.<\/p>\n\n\n\n<p>Al mismo tiempo, se expres\u00f3 sobre la importancia de que las iniciativas del Ejecutivo se empiecen a aplicar y asegur\u00f3 que \u201csi el DNU y la Ley de Bases ya estuvieran en marcha, la Argentina subir\u00eda 90 puestos en el ranking de libertad econ\u00f3mica y estar\u00eda en condiciones de entrar en un sendero para que en un lapso de tiempo razonable\u00a0<strong>se parezca a pa\u00edses como Francia y Alemania\u201d.<\/strong><\/p>\n\n\n\n<p>Adem\u00e1s, se refiri\u00f3 a la recomposici\u00f3n salarial en el contexto de la incesante alza de precios que traer\u00eda aparejado la implementaci\u00f3n del DNU y la Ley \u00d3mnibus, asegurando que su entrada en vigencia total \u201cimplicar\u00eda de piso multiplicar por tres nuestros ingresos y eso es un cuarto de la reforma que queremos hacer\u201d.<\/p>\n\n\n\n<p>En esa l\u00ednea, agreg\u00f3 que en caso de poder llevar a cabo todo el plan de reformas previsto, los ingresos se incrementar\u00edan todav\u00eda m\u00e1s. \u201cNosotros nos queremos parecer a los l\u00edderes de libertad econ\u00f3mica y eso implicar\u00eda multiplicar el ingreso por 10 veces\u201d, afirm\u00f3.<\/p>\n\n\n\n<h2>Javier Milei insisti\u00f3 en que el d\u00e9ficit cero no es negociable<\/h2>\n\n\n\n<p>Antes de partir rumbo al<a href=\"https:\/\/tn.com.ar\/politica\/2024\/01\/12\/foro-de-davos-la-agenda-de-javier-milei-en-su-primer-viaje-oficial-al-exterior-como-presidente\/\" target=\"_blank\" rel=\"noreferrer noopener\"><strong>Foro Econ\u00f3mico Mundial de Davos,<\/strong><\/a>Milei tambi\u00e9n remarc\u00f3 que el d\u00e9ficit fiscal cero&nbsp;<strong>\u201cno es negociable,<\/strong>&nbsp;no importa que pase alrededor, vamos a d\u00e9ficit cero, porque entendemos que el origen de todos los males es el Estado y los pol\u00edticos generando d\u00e9ficit fiscal\u201d.<\/p>\n\n\n\n<p>Tambi\u00e9n sostuvo que \u201csi encontramos un contexto m\u00e1s adverso porque cae m\u00e1s la actividad o tenemos menos acceso al mercado de capitales, menos recursos, el ajuste que tendr\u00edamos que hacer es m\u00e1s violento\u201d, lo que justific\u00f3 se\u00f1alando que de lo contrario \u201cel mercado te pasa la factura\u201d, al referirse a la posibilidad de que el Parlamento no apruebe la Ley de Bases.<\/p>\n\n\n\n<p>Al mismo tiempo, manifest\u00f3 que \u201cla austeridad no es negociable, los da\u00f1os que sufra la poblaci\u00f3n dependen del Congreso, de que no hagan fulbito para la tribuna, como han hecho en los \u00faltimos 40 a\u00f1os\u201d.<\/p>\n\n\n\n<p>A su vez, expres\u00f3 que sin bajar el d\u00e9ficit\u00a0<strong>no hay modo de bajar la inflaci\u00f3n,<\/strong>\u00a0pero \u201cparece que hay simios que creen en los controles de precios y en la multicausalidad de la inflaci\u00f3n\u201d.<\/p>\n\n\n\n<p>Por otro lado, sostuvo que el DNU de desregulaci\u00f3n econ\u00f3mica es \u201crevolucionario\u201d porque \u201ces la primera vez que un DNU devuelve libertades individuales, hace que las estructuras del mercado sean m\u00e1s competitivas y termina con los negocios turbios de la pol\u00edtica\u201d.<\/p>\n\n\n\n<p>Milei, en tanto, consider\u00f3 que con la Ley \u00d3mnibus promovida por el Gobierno \u201cse hizo mucho m\u00e1s que en much\u00edsimos a\u00f1os de lo que lleva esta democracia, y todo en favor de las<strong>\u00a0ideas de la libertad y el bienestar individual\u201d.<\/strong><\/p>\n\n\n\n<p>Fuente: tn<\/p>\n","protected":false},"excerpt":{"rendered":"<div class=\"mh-excerpt\"><p>El presidente&nbsp;Javier Milei&nbsp;ratific\u00f3 su objetivo de alcanzar el&nbsp;d\u00e9ficit fiscal cero&nbsp;y advirti\u00f3 que \u201cla austeridad no es negociable\u201d. Adem\u00e1s, adelant\u00f3 que la Argentina seguir\u00e1&nbsp;\u201cpadeciendo la alta inflaci\u00f3n durante unos meses\u201d. Luego de que se diera a conocer el dato de la\u00a0inflaci\u00f3n de diciembre,\u00a0Milei afirm\u00f3 en di\u00e1logo con\u00a0Radio Mitre\u00a0que el aumento de precios se debe a que \u201ctodav\u00eda\u00a0queda mucho reacomodamiento\u00a0de precios relativos\u201d. A su vez, prometi\u00f3 multiplicaci\u00f3n de ingresos cuando se apliquen las reformas que impulsa el Ejecutivo. Ante este panorama, consider\u00f3 que el camino que est\u00e1 transitando su administraci\u00f3n es el correcto. \u201cSi nos mantenemos en esta senda de la austeridad <a class=\"mh-excerpt-more\" href=\"http:\/\/dsrmedios.com.ar\/diario\/archivos\/42636\" title=\"Milei advirti\u00f3 que el d\u00e9ficit cero no es negociable y dijo que la inflaci\u00f3n seguir\u00e1 alta en los pr\u00f3ximos meses\">[Leer m\u00e1s]<\/a><\/p>\n<\/div>","protected":false},"author":8,"featured_media":41633,"comment_status":"open","ping_status":"closed","sticky":false,"template":"","format":"standard","meta":{"_jetpack_newsletter_access":""},"categories":[6],"tags":[],"jetpack_featured_media_url":"http:\/\/dsrmedios.com.ar\/diario\/wp-content\/uploads\/2023\/11\/MILEI32.jpg","jetpack_sharing_enabled":true,"jetpack_shortlink":"https:\/\/wp.me\/p9fihK-b5G","_links":{"self":[{"href":"http:\/\/dsrmedios.com.ar\/diario\/wp-json\/wp\/v2\/posts\/42636"}],"collection":[{"href":"http:\/\/dsrmedios.com.ar\/diario\/wp-json\/wp\/v2\/posts"}],"about":[{"href":"http:\/\/dsrmedios.com.ar\/diario\/wp-json\/wp\/v2\/types\/post"}],"author":[{"embeddable":true,"href":"http:\/\/dsrmedios.com.ar\/diario\/wp-json\/wp\/v2\/users\/8"}],"replies":[{"embeddable":true,"href":"http:\/\/dsrmedios.com.ar\/diario\/wp-json\/wp\/v2\/comments?post=42636"}],"version-history":[{"count":1,"href":"http:\/\/dsrmedios.com.ar\/diario\/wp-json\/wp\/v2\/posts\/42636\/revisions"}],"predecessor-version":[{"id":42641,"href":"http:\/\/dsrmedios.com.ar\/diario\/wp-json\/wp\/v2\/posts\/42636\/revisions\/42641"}],"wp:featuredmedia":[{"embeddable":true,"href":"http:\/\/dsrmedios.com.ar\/diario\/wp-json\/wp\/v2\/media\/41633"}],"wp:attachment":[{"href":"http:\/\/dsrmedios.com.ar\/diario\/wp-json\/wp\/v2\/media?parent=42636"}],"wp:term":[{"taxonomy":"category","embeddable":true,"href":"http:\/\/dsrmedios.com.ar\/diario\/wp-json\/wp\/v2\/categories?post=42636"},{"taxonomy":"post_tag","embeddable":true,"href":"http:\/\/dsrmedios.com.ar\/diario\/wp-json\/wp\/v2\/tags?post=42636"}],"curies":[{"name":"wp","href":"https:\/\/api.w.org\/{rel}","templated":true}]}}