{"id":42630,"date":"2024-01-12T17:38:12","date_gmt":"2024-01-12T20:38:12","guid":{"rendered":"http:\/\/dsrmedios.com.ar\/diario\/?p=42630"},"modified":"2024-01-12T17:38:14","modified_gmt":"2024-01-12T20:38:14","slug":"el-gobierno-creara-una-fiscalia-especial-para-combatir-la-corrupcion","status":"publish","type":"post","link":"http:\/\/dsrmedios.com.ar\/diario\/archivos\/42630","title":{"rendered":"El Gobierno crear\u00e1 una fiscal\u00eda especial para combatir la corrupci\u00f3n"},"content":{"rendered":"\n<p>El ministro de Justicia,&nbsp;<a href=\"https:\/\/tn.com.ar\/politica\/2023\/11\/20\/quien-es-mariano-cuneo-libarona-el-abogado-mediatico-que-sera-el-ministro-de-justicia-de-javier-milei\/\" target=\"_blank\" rel=\"noreferrer noopener\"><strong>Mariano C\u00faneo Libarona<\/strong><\/a>, analiz\u00f3 este domingo los objetivos que perseguir\u00e1 en el primer a\u00f1o del gobierno de Javier Milei y sostuvo que algunas de sus prioridades ser\u00e1n<strong>&nbsp;la conformaci\u00f3n de una fiscal\u00eda especial dedicada a la lucha contra la corrupci\u00f3n, el establecimiento del juicio por jurados y la baja de la edad de imputabilidad a los 14 a\u00f1os para todos los delitos.<\/strong>&nbsp;Adem\u00e1s, adelant\u00f3 que&nbsp;<strong>el puesto vacante en la Corte Suprema empezar\u00e1 a ser analizado en marzo.<\/strong><\/p>\n\n\n\n<p>\u201cVamos con todo contra la corrupci\u00f3n\u201d, asegur\u00f3 C\u00faneo Libarona en di\u00e1logo con\u00a0<em>Radio Rivadavia<\/em>. Y asegur\u00f3 que es una prioridad del Gobierno junto a la lucha contra el narcotr\u00e1fico y la trata de personas.<\/p>\n\n\n\n<figure class=\"wp-block-image\"><img decoding=\"async\" src=\"https:\/\/tn.com.ar\/resizer\/lXFPjMhoDgkPKsO712XO7_HgPX4=\/767x0\/smart\/filters:format(webp)\/cloudfront-us-east-1.images.arcpublishing.com\/artear\/7HVMBUZLFZFQXEKWZ4GGFL4JNY.jpg\" alt=\"El ministro de Justicia, Mariano C\u00faneo Libarona (Foto: NA)\"\/><figcaption class=\"wp-element-caption\">El ministro de Justicia, Mariano C\u00faneo Libarona (Foto: NA)<\/figcaption><\/figure>\n\n\n\n<p>En ese sentido,&nbsp;<strong>C\u00faneo Libarona<\/strong>&nbsp;asegur\u00f3 que buscar\u00e1 avanzar en la creaci\u00f3n de una&nbsp;<strong>\u201cConadep de la Corrupci\u00f3n\u201d<\/strong>. \u201cNo la llamar\u00eda as\u00ed, la llamar\u00eda&nbsp;<strong>fiscal\u00eda especial dedicada a combatir la corrupci\u00f3n<\/strong>\u201d, expres\u00f3 el ministro. Y adelant\u00f3:&nbsp;<strong>\u201cLa lucha contra la corrupci\u00f3n es prioridad, hay algunas cosas que descubrimos que se van a denunciar\u201d.<\/strong><\/p>\n\n\n\n<p>\u201cA trav\u00e9s de la Oficina Anticorrupci\u00f3n haremos todas las denuncias que hagan falta, pero nosotros no podemos perseguir. Eso es trabajo del Ministerio P\u00fablico\u201d, dijo el ministro de Justicia. \u201cNosotros somos herramientas de apoyo para los fiscales y jueces para que cumplan sus tareas\u201d, a\u00f1adi\u00f3.<\/p>\n\n\n\n<p>En ese sentido, C\u00faneo Libarona aclar\u00f3 que \u201cno desaparece la persecuci\u00f3n\u201d contra la corrupci\u00f3n sino que se realizar\u00e1 \u201ca trav\u00e9s de los organismos correspondientes\u201d. \u201cQue se quede tranquila la ciudadan\u00eda, vamos con todo contra el delito. Se va a atacar m\u00e1s que antes a la corrupci\u00f3n\u201d, subray\u00f3.<\/p>\n\n\n\n<h2>La vacante en la Corte y el elegido para la Procuraci\u00f3n General de la Naci\u00f3n<\/h2>\n\n\n\n<p>C\u00faneo Libarona afirm\u00f3 que el puesto que qued\u00f3 vacante en la Corte Suprema tras la&nbsp;<a href=\"https:\/\/tn.com.ar\/politica\/2021\/10\/05\/renuncio-a-la-corte-suprema-la-jueza-elena-highton-de-nolasco\/\" target=\"_blank\" rel=\"noreferrer noopener\"><strong>renuncia de Elena Highton de Nolasco<\/strong><\/a>&nbsp;empezar\u00e1 a ser analizado a partir de marzo, pero adelant\u00f3 que<strong>&nbsp;le gustar\u00eda que fuese otra mujer quien ocupe ese lugar<\/strong>. \u201cMe encantan las jueces mujeres\u201d, expres\u00f3.<\/p>\n\n\n\n<figure class=\"wp-block-image\"><img decoding=\"async\" src=\"https:\/\/tn.com.ar\/resizer\/pkCH4wlTB24125IRX4MQviPoPo8=\/767x0\/smart\/filters:format(webp)\/cloudfront-us-east-1.images.arcpublishing.com\/artear\/WY7T3OYW3FGJDCSTPKQCQTSX4E.jpg\" alt=\"El Gobierno analizar\u00e1 en marzo la vacante en la Corte Suprema (Foto: NA)\"\/><figcaption class=\"wp-element-caption\">El Gobierno analizar\u00e1 en marzo la vacante en la Corte Suprema (Foto: NA)<\/figcaption><\/figure>\n\n\n\n<p>Adem\u00e1s, anticip\u00f3 que\u00a0<a rel=\"noreferrer noopener\" href=\"https:\/\/tn.com.ar\/politica\/2023\/12\/12\/el-ministro-cuneo-libarona-retiro-del-senado-el-pliego-de-daniel-rafecas-como-candidato-a-procurador-general\/\" target=\"_blank\"><strong>Marcelo Lucini<\/strong><\/a>\u00a0es el elegido para estar al frente de la Procuraci\u00f3n General de la Naci\u00f3n. \u201cTodo el mundo lo acepta y sabe todo\u201d, asegur\u00f3.<\/p>\n\n\n\n<h2>Baja de la edad de imputabilidad<\/h2>\n\n\n\n<p>El ministro de Justicia reiter\u00f3 que su gesti\u00f3n tiene como objetivo&nbsp;<strong>bajar la edad de imputabilidad de 14 a\u00f1os para todos los delitos.&nbsp;<\/strong>\u201cReeducaci\u00f3n, resocializaci\u00f3n, obligaci\u00f3n de estudio y obligaci\u00f3n de trabajo. Yo no creo en la sanci\u00f3n, yo creo que tenemos que darle herramientas para que pueda reinsertarse en la sociedad\u201d, expres\u00f3.<\/p>\n\n\n\n<p>\u201cAl margen del delito particular cometido, el chico muestra una conducta desviada. A partir de los 14 a\u00f1os la edad que me gusta para todos los delitos. El chico ya muestra una personalidad que necesita atenci\u00f3n y sanci\u00f3n. Dividir por el tipo de delito carece de sentido\u201d, argument\u00f3. Y agreg\u00f3: \u201cLa prioridad es la prevenci\u00f3n del delito, segundo el juicio y tercero y m\u00e1s importante, la reinserci\u00f3n a la sociedad. Sino no me sirve, no me sirve meter a un chico a un lugar que es un desastre\u201d.<\/p>\n\n\n\n<h2>Juicios por jurado<\/h2>\n\n\n\n<p>Con respecto a la implementaci\u00f3n del juicio por jurados, asegur\u00f3 que es necesaria para la transparencia de la Justicia.&nbsp;<strong>\u201cMe interesa la voluntad popular, nadie va a sospechar de un jurado\u201d,&nbsp;<\/strong>expres\u00f3.<\/p>\n\n\n\n<p>\u201cLa toga te distingue\u201d, exclam\u00f3 C\u00faneo Libarona al defender la vestimenta que quiere que los jueces empiecen a usar si se aprueba la Ley \u00d3mnibus, pero reconoci\u00f3 que no es una discusi\u00f3n sustancial y le rest\u00f3 importancia a la pol\u00e9mica planteada con respecto a ese tema.<\/p>\n\n\n\n<p>Fuente: TN<\/p>\n","protected":false},"excerpt":{"rendered":"<div class=\"mh-excerpt\"><p>El ministro de Justicia,&nbsp;Mariano C\u00faneo Libarona, analiz\u00f3 este domingo los objetivos que perseguir\u00e1 en el primer a\u00f1o del gobierno de Javier Milei y sostuvo que algunas de sus prioridades ser\u00e1n&nbsp;la conformaci\u00f3n de una fiscal\u00eda especial dedicada a la lucha contra la corrupci\u00f3n, el establecimiento del juicio por jurados y la baja de la edad de imputabilidad a los 14 a\u00f1os para todos los delitos.&nbsp;Adem\u00e1s, adelant\u00f3 que&nbsp;el puesto vacante en la Corte Suprema empezar\u00e1 a ser analizado en marzo. \u201cVamos con todo contra la corrupci\u00f3n\u201d, asegur\u00f3 C\u00faneo Libarona en di\u00e1logo con\u00a0Radio Rivadavia. Y asegur\u00f3 que es una prioridad del Gobierno junto <a class=\"mh-excerpt-more\" href=\"http:\/\/dsrmedios.com.ar\/diario\/archivos\/42630\" title=\"El Gobierno crear\u00e1 una fiscal\u00eda especial para combatir la corrupci\u00f3n\">[Leer m\u00e1s]<\/a><\/p>\n<\/div>","protected":false},"author":8,"featured_media":42631,"comment_status":"open","ping_status":"closed","sticky":false,"template":"","format":"standard","meta":{"_jetpack_newsletter_access":""},"categories":[6],"tags":[],"jetpack_featured_media_url":"http:\/\/dsrmedios.com.ar\/diario\/wp-content\/uploads\/2024\/01\/4TJCX4EPZFECDGSTNMAXH6MLVM.jpg","jetpack_sharing_enabled":true,"jetpack_shortlink":"https:\/\/wp.me\/p9fihK-b5A","_links":{"self":[{"href":"http:\/\/dsrmedios.com.ar\/diario\/wp-json\/wp\/v2\/posts\/42630"}],"collection":[{"href":"http:\/\/dsrmedios.com.ar\/diario\/wp-json\/wp\/v2\/posts"}],"about":[{"href":"http:\/\/dsrmedios.com.ar\/diario\/wp-json\/wp\/v2\/types\/post"}],"author":[{"embeddable":true,"href":"http:\/\/dsrmedios.com.ar\/diario\/wp-json\/wp\/v2\/users\/8"}],"replies":[{"embeddable":true,"href":"http:\/\/dsrmedios.com.ar\/diario\/wp-json\/wp\/v2\/comments?post=42630"}],"version-history":[{"count":1,"href":"http:\/\/dsrmedios.com.ar\/diario\/wp-json\/wp\/v2\/posts\/42630\/revisions"}],"predecessor-version":[{"id":42632,"href":"http:\/\/dsrmedios.com.ar\/diario\/wp-json\/wp\/v2\/posts\/42630\/revisions\/42632"}],"wp:featuredmedia":[{"embeddable":true,"href":"http:\/\/dsrmedios.com.ar\/diario\/wp-json\/wp\/v2\/media\/42631"}],"wp:attachment":[{"href":"http:\/\/dsrmedios.com.ar\/diario\/wp-json\/wp\/v2\/media?parent=42630"}],"wp:term":[{"taxonomy":"category","embeddable":true,"href":"http:\/\/dsrmedios.com.ar\/diario\/wp-json\/wp\/v2\/categories?post=42630"},{"taxonomy":"post_tag","embeddable":true,"href":"http:\/\/dsrmedios.com.ar\/diario\/wp-json\/wp\/v2\/tags?post=42630"}],"curies":[{"name":"wp","href":"https:\/\/api.w.org\/{rel}","templated":true}]}}