{"id":42621,"date":"2024-01-10T09:59:44","date_gmt":"2024-01-10T12:59:44","guid":{"rendered":"http:\/\/dsrmedios.com.ar\/diario\/?p=42621"},"modified":"2024-01-10T09:59:47","modified_gmt":"2024-01-10T12:59:47","slug":"el-impacto-del-dnu-7-claves-para-entender-los-cambios-que-ya-rigen-en-tramites-contratos-precios-y-otros-aspectos-de-la-vida-cotidiana","status":"publish","type":"post","link":"http:\/\/dsrmedios.com.ar\/diario\/archivos\/42621","title":{"rendered":"El impacto del DNU: 7 claves para entender los cambios que ya rigen en tr\u00e1mites, contratos, precios y otros aspectos de la vida cotidiana"},"content":{"rendered":"\n<p>El\u00a0<strong>decreto de necesidad y urgencia (DNU)<\/strong>\u00a0que lanz\u00f3 el presidente J<strong>avier Milei<\/strong>, el cual entr\u00f3 en vigencia el pasado 29 de enero, busca avanzar en la desregulaci\u00f3n de la econom\u00eda argentina. Entre los 366 art\u00edculos se contemplan cambios significativos en tr\u00e1mites, contratos y el bolsillo de los consumidores.<a rel=\"noreferrer noopener\" href=\"https:\/\/www.infobae.com\/economia\/2024\/01\/12\/alquileres-luego-de-que-el-dnu-derogara-la-polemica-ley-la-oferta-de-propiedades-registro-un-salto-en-tiempo-record\/\" target=\"_blank\"><\/a><\/p>\n\n\n\n<p>La norma deber\u00e1 ser refrendada o rechazada por el&nbsp;<strong>Congreso<\/strong>&nbsp;y tiene por delante obst\u00e1culos judiciales por parte de los sectores que se oponen a la medida, aunque est\u00e1 en vigencia y muchos de los cambios ya impactan en la vida cotidiana de los argentinos.<\/p>\n\n\n\n<p>En ese marco,<strong>\u00a0Infobae<\/strong>\u00a0repas\u00f3 junto a especialistas los primeros impactos de las principales modificaciones en la oferta de los\u00a0<strong>supermercados, tarjetas de cr\u00e9dito, prepagas, alquileres, el turismo, el mercado aerocomercial y el mundo laboral<\/strong>. Este \u00faltimo punto se encuentra suspendido ante los amparos por las medidas cautelares a las que hizo lugar la Justicia en los \u00faltimos d\u00edas.<a rel=\"noreferrer noopener\" href=\"https:\/\/www.infobae.com\/economia\/2024\/01\/12\/un-banco-global-advirtio-los-riesgos-de-una-suba-mayor-de-la-inflacion-y-de-una-recesion-en-argentina-en-2024\/\" target=\"_blank\"><\/a><\/p>\n\n\n\n<h2>Alquileres<\/h2>\n\n\n\n<p>El&nbsp;<strong>DNU 70\/2023<\/strong>&nbsp;prev\u00e9 la derogaci\u00f3n de la<strong>&nbsp;Ley de Alquileres&nbsp;<\/strong>que obligaba a pactar contratos en pesos, con tres a\u00f1os de duraci\u00f3n y aumentos semestrales determinados por el coeficiente \u201cCasa Propia\u201d que realizaba el ex Ministerio de Desarrollo Territorial y H\u00e1bitat. Esos acuerdos deb\u00edan ser registrados ante la&nbsp;<strong>Administraci\u00f3n Federal de Ingresos P\u00fablicos (AFIP)<\/strong>.<\/p>\n\n\n\n<p>Ahora, los acuerdos estar\u00e1n encuadrados dentro de las normas del\u00a0<strong>C\u00f3digo Civil y Comercial<\/strong>. Los contratos pueden celebrarse en\u00a0<strong>moneda local\u00a0<\/strong>y tambi\u00e9n en moneda extranjera, generalmente\u00a0<strong>d\u00f3lares<\/strong>, mientras que, en caso de litigio, el inquilino deber\u00e1 pagar en los t\u00e9rminos acordados previamente. En caso de no haber un plazo establecido, la duraci\u00f3n de la relaci\u00f3n ser\u00e1 de dos a\u00f1os. No deber\u00e1n ser registrados ante AFIP.<a rel=\"noreferrer noopener\" href=\"https:\/\/www.infobae.com\/economia\/2024\/01\/12\/el-fin-de-las-leliq-con-el-vencimiento-del-ultimo-billon-dejaron-de-existir-las-letras-que-obsesionaban-a-milei\/\" target=\"_blank\"><\/a><\/p>\n\n\n\n<p><img decoding=\"async\" loading=\"lazy\" alt=\"La oferta de alquileres creci\u00f3 tras el DNU de Javier Milei.\" height=\"662\" width=\"1177\" src=\"https:\/\/www.infobae.com\/new-resizer\/RvWNN4Z_hmA1WyCfFZMwdmWewKk=\/420x236\/filters:format(webp):quality(85)\/cloudfront-us-east-1.images.arcpublishing.com\/infobae\/TLJASLOLCNE35B2ZECRKQNNHQY.jpg%20420w\" srcset=\"https:\/\/www.infobae.com\/new-resizer\/RvWNN4Z_hmA1WyCfFZMwdmWewKk=\/420x236\/filters:format(webp):quality(85)\/cloudfront-us-east-1.images.arcpublishing.com\/infobae\/TLJASLOLCNE35B2ZECRKQNNHQY.jpg 420w,https:\/\/www.infobae.com\/new-resizer\/GMCKYw124lgv-R2XBbCDOvLN0lQ=\/768x432\/filters:format(webp):quality(85)\/cloudfront-us-east-1.images.arcpublishing.com\/infobae\/TLJASLOLCNE35B2ZECRKQNNHQY.jpg 768w,https:\/\/www.infobae.com\/new-resizer\/jNaHa26Zlg4ij8zlzjACYjI35ug=\/992x558\/filters:format(webp):quality(85)\/cloudfront-us-east-1.images.arcpublishing.com\/infobae\/TLJASLOLCNE35B2ZECRKQNNHQY.jpg 992w,https:\/\/www.infobae.com\/new-resizer\/_xKjd6pA_L1BSSEB-p_eGLMaWP4=\/1200x675\/filters:format(webp):quality(85)\/cloudfront-us-east-1.images.arcpublishing.com\/infobae\/TLJASLOLCNE35B2ZECRKQNNHQY.jpg 1200w,https:\/\/www.infobae.com\/new-resizer\/CtRLl0g7lheaWKTDTlCuz_c5J2A=\/1440x810\/filters:format(webp):quality(85)\/cloudfront-us-east-1.images.arcpublishing.com\/infobae\/TLJASLOLCNE35B2ZECRKQNNHQY.jpg 1440w\">La oferta de alquileres creci\u00f3 tras el DNU de Javier Milei.<\/p>\n\n\n\n<p>A partir de los cambios, los propietarios de viviendas en la<strong>&nbsp;Ciudad Aut\u00f3noma de Buenos Aires (CABA)&nbsp;<\/strong>comenzaron a reaccionar con un aumento en la oferta de unidades. Seg\u00fan estimaciones, en la primera semana del a\u00f1o, en los portales<a rel=\"noreferrer noopener\" href=\"https:\/\/www.infobae.com\/economia\/2024\/01\/08\/post-dnu-la-oferta-de-alquileres-en-caba-aumento-9-interanual-que-plazos-y-metodos-de-actualizacion-se-proponen-para-captar-inquilinos\/\" target=\"_blank\">&nbsp;se observ\u00f3 un incremento aproximado del 9% interanual<\/a>. All\u00ed, la oferta de viviendas, que abarca tanto alquileres tradicionales como temporarios, se posicion\u00f3 entre 6.500 y 6.700 unidades (a principios de semana estaba en 5.200).<\/p>\n\n\n\n<p>El director de la consultora<strong>&nbsp;Focus Market, Dami\u00e1n Di Pace<\/strong>, realiz\u00f3 un diagn\u00f3stico sobre la situaci\u00f3n actual de los acuerdos: \u201cVemos que la tendencia actual son los contratos a uno o dos a\u00f1os y actualizaci\u00f3n trimestral por inflaci\u00f3n, con precios de ingresos bastante altos. Se ve mayor oferta de inmuebles que pueden estabilizar los alquileres en la medida que el inquilino tenga m\u00e1s opciones disponibles\u201d.<\/p>\n\n\n\n<p>Dentro de los cambios planteados en la norma, tambi\u00e9n se realizaron reformas al r\u00e9gimen de rescisi\u00f3n anticipada del contrato de locaci\u00f3n de inmueble destinados a vivienda. El cambio es sobre el art\u00edculo 1.221 del C\u00f3digo Civil y Comercial.<\/p>\n\n\n\n<p><strong>Gonzalo Fuertes Lerena<\/strong>, coordinador en la Maestr\u00eda de Derecho Civil de la Universidad Austral y abogado Cerolini &amp; Ferrari Abogados, consider\u00f3: \u201cA partir de ahora, el locatario puede rescindir el contrato en cualquier momento, y por ello debe pagar al locador el 10% del canon locativo futuro, es decir, que no se ha devengado. Para realizar el c\u00e1lculo del pago debe considerarse el per\u00edodo comprendido entre la fecha de notificaci\u00f3n de la rescisi\u00f3n y la fecha de finalizaci\u00f3n pactada\u201d.<\/p>\n\n\n\n<p>\u201cLo que se mantiene es la posibilidad de rescindir anticipadamente el contrato de locaci\u00f3n. Mientras que lo que cambia es que no se realizan distinciones basadas en el momento en que se efect\u00faa la rescisi\u00f3n y en la existencia o inexistencia de preaviso. Tambi\u00e9n cambia la forma en la que se calcula la indemnizaci\u00f3n que, en ocasiones, deb\u00eda para el locatario al locador por rescindir anticipadamente el contrato, as\u00ed como el impacto econ\u00f3mico que ello tiene para el locatario\u201d, a\u00f1adi\u00f3 Fuertes Lerena.<\/p>\n\n\n\n<h2>Prepagas<\/h2>\n\n\n\n<p>En cuanto a las prepagas, el DNU del Gobierno estipula que la autoridad de aplicaci\u00f3n ya no estar\u00e1 a cargo de autorizar ni revisar los valores de las cuotas de la medicina prepaga. Tampoco deber\u00e1 transferir a los afiliados de una empresa a otra en caso de que la primera quiebre. Asimismo, se elimina la&nbsp;<strong>Comisi\u00f3n Permanente<\/strong>&nbsp;que se hac\u00eda cargo de esa regulaciones y el&nbsp;<strong>Consejo Permanente de Concertaci\u00f3n<\/strong>.<\/p>\n\n\n\n<p>En otro punto, determina que la autoridad de aplicaci\u00f3n ya no podr\u00e1 fijar los aranceles m\u00ednimos obligatorios ni regular los modelos de contrato. La \u00fanica regulaci\u00f3n que se incorpora para las empresas de medicina prepaga es que \u201cpodr\u00e1n establecer precios diferenciales para los planes prestacionales, al momento de su contrataci\u00f3n, seg\u00fan franjas etarias con una variaci\u00f3n m\u00e1xima de tres veces entre el precio de la primera y la \u00faltima franja etaria\u201d.<\/p>\n\n\n\n<p>Las empresas de medicina prepaga ya aplicaron aumentos en torno al 40% para las cuotas de enero en adelante. El argumento que explica el fuerte incremento en las tarifas es la emergencia sanitaria oficializada por el DNU 70 de 2023. Fuentes del sector dijeron a&nbsp;<strong>Infobae<\/strong>&nbsp;que para febrero se analiza una pauta de subas de entre 25% y 30%, en l\u00ednea con lo que hab\u00eda comunicado<strong>&nbsp;Sancor Salud&nbsp;<\/strong>a sus afiliados en diciembre.<\/p>\n\n\n\n<p><img decoding=\"async\" loading=\"lazy\" alt=\"Las prepagas aumentaron 40% en enero y analizan subas en torno al 25% y 30% para febrero.\" height=\"816\" width=\"1456\" src=\"https:\/\/www.infobae.com\/new-resizer\/Sr8Ou6DCypyWwk0DJsklkrpk6xs=\/420x236\/filters:format(webp):quality(85)\/cloudfront-us-east-1.images.arcpublishing.com\/infobae\/YRRCMWGH65B73OZKTAEDC26AJQ.jpg%20420w\" srcset=\"https:\/\/www.infobae.com\/new-resizer\/Sr8Ou6DCypyWwk0DJsklkrpk6xs=\/420x236\/filters:format(webp):quality(85)\/cloudfront-us-east-1.images.arcpublishing.com\/infobae\/YRRCMWGH65B73OZKTAEDC26AJQ.jpg 420w,https:\/\/www.infobae.com\/new-resizer\/pJh32XpI2rG25q--dD_w_Dk3oeg=\/768x432\/filters:format(webp):quality(85)\/cloudfront-us-east-1.images.arcpublishing.com\/infobae\/YRRCMWGH65B73OZKTAEDC26AJQ.jpg 768w,https:\/\/www.infobae.com\/new-resizer\/vTDEXHq9_rNEkNuFBeovD4UcPDU=\/992x558\/filters:format(webp):quality(85)\/cloudfront-us-east-1.images.arcpublishing.com\/infobae\/YRRCMWGH65B73OZKTAEDC26AJQ.jpg 992w,https:\/\/www.infobae.com\/new-resizer\/9Kv4R8wAU4vYIYyOdafc7miK6mE=\/1200x675\/filters:format(webp):quality(85)\/cloudfront-us-east-1.images.arcpublishing.com\/infobae\/YRRCMWGH65B73OZKTAEDC26AJQ.jpg 1200w,https:\/\/www.infobae.com\/new-resizer\/WTlRJGV-AyHcjqYK6ZVBj7XmN6Q=\/1440x810\/filters:format(webp):quality(85)\/cloudfront-us-east-1.images.arcpublishing.com\/infobae\/YRRCMWGH65B73OZKTAEDC26AJQ.jpg 1440w\">Las prepagas aumentaron 40% en enero y analizan subas en torno al 25% y 30% para febrero.<\/p>\n\n\n\n<p>\u201cEn este mercado las correcciones son muy fuertes en los precios. Veremos c\u00f3mo asimilan los ingresos de los argentinos para mantener su prepaga y c\u00f3mo comienza a competir un mercado en donde hay siete grandes jugadores. El otro punto es c\u00f3mo hacen las obras sociales y prepagas para no perder clientes; los argentinos ya estaban migrando hacia el sistema p\u00fablico\u201d, alert\u00f3 Di Pace.<\/p>\n\n\n\n<h2>G\u00f3ndolas<\/h2>\n\n\n\n<p>Otra de las modificaciones de la norma fue la derogaci\u00f3n de la&nbsp;<strong>Ley de Abastecimiento,<\/strong>&nbsp;la<strong>&nbsp;Ley de G\u00f3ndolas&nbsp;<\/strong>y del<strong>&nbsp;Observatorio de Precios del Ministerio de Econom\u00eda<\/strong>. Estas figuras funcionaron como mecanismos de presi\u00f3n y controles del Estado a las empresas en el marco de los acuerdos de&nbsp;<strong>precios<\/strong>. El final del programa&nbsp;<strong>Precios Justos<\/strong>&nbsp;tambi\u00e9n fue en ese sentido. La intenci\u00f3n oficial es desregular completamente los mercados, en este caso de&nbsp;<strong>consumo masivo&nbsp;<\/strong>lo que tuvo fuerte impacto en la inflaci\u00f3n.<\/p>\n\n\n\n<p><img decoding=\"async\" loading=\"lazy\" alt=\"El DNU de Milei derog\u00f3 las leyes de Abastecimiento y de G\u00f3ndolas.\" height=\"1080\" width=\"1920\" src=\"https:\/\/www.infobae.com\/new-resizer\/ozbbFNmg4ap6s5kL1D4ODNS42ss=\/420x236\/filters:format(webp):quality(85)\/cloudfront-us-east-1.images.arcpublishing.com\/infobae\/YOXUMBFPQFE7JNQ6EQTN5JS24U.jpg%20420w\" srcset=\"https:\/\/www.infobae.com\/new-resizer\/ozbbFNmg4ap6s5kL1D4ODNS42ss=\/420x236\/filters:format(webp):quality(85)\/cloudfront-us-east-1.images.arcpublishing.com\/infobae\/YOXUMBFPQFE7JNQ6EQTN5JS24U.jpg 420w,https:\/\/www.infobae.com\/new-resizer\/-EA78jfSC04RBBeq-NSFCShrAX8=\/768x432\/filters:format(webp):quality(85)\/cloudfront-us-east-1.images.arcpublishing.com\/infobae\/YOXUMBFPQFE7JNQ6EQTN5JS24U.jpg 768w,https:\/\/www.infobae.com\/new-resizer\/MibYEC8ZCKAjc2oTV3UIKqf9EL0=\/992x558\/filters:format(webp):quality(85)\/cloudfront-us-east-1.images.arcpublishing.com\/infobae\/YOXUMBFPQFE7JNQ6EQTN5JS24U.jpg 992w,https:\/\/www.infobae.com\/new-resizer\/vKTYR5EAREGjn_xLk-4c6x7sLy8=\/1200x675\/filters:format(webp):quality(85)\/cloudfront-us-east-1.images.arcpublishing.com\/infobae\/YOXUMBFPQFE7JNQ6EQTN5JS24U.jpg 1200w,https:\/\/www.infobae.com\/new-resizer\/GQLnnOD6sUoF57sApAN3IFcO32I=\/1440x810\/filters:format(webp):quality(85)\/cloudfront-us-east-1.images.arcpublishing.com\/infobae\/YOXUMBFPQFE7JNQ6EQTN5JS24U.jpg 1440w\">El DNU de Milei derog\u00f3 las leyes de Abastecimiento y de G\u00f3ndolas.<\/p>\n\n\n\n<p>\u201cEs en donde m\u00e1s r\u00e1pido se aplic\u00f3 la desregulaci\u00f3n, porque hubo una correcci\u00f3n inmediata de lo que fue la salida del programa Precios Justos. El promedio del consumo masivo post DNU tuvo un aumento del 31,5% en diciembre, incluyendo las categor\u00edas de alimentos, bebidas, art\u00edculos de limpieza y cuidado personal\u201d, se\u00f1al\u00f3 Di Pace.<\/p>\n\n\n\n<p>Los aumentos tambi\u00e9n se reflejaron en la<strong>&nbsp;canasta b\u00e1sica alimentaria<\/strong>&nbsp;de los barrios del conurbano bonaerense, seg\u00fan el relevamiento del&nbsp;<strong>Instituto de Investigaci\u00f3n Social Econ\u00f3mica y Pol\u00edtica Ciudadana (Isepci)<\/strong>&nbsp;sobre 850 negocios de cercan\u00eda de barrios populares en 20 distritos del conurbano bonaerense. \u201cUna familia de dos adultos\/as y dos hijos\/as peque\u00f1os\/as en noviembre pasado necesitaba para adquirir sus&nbsp;<strong>alimentos&nbsp;<\/strong>indispensables durante todo el mes $182.905 , mientras que en diciembre \u2013ya con Milei en la conducci\u00f3n del Gobierno nacional- la misma familia requiri\u00f3 para tener los mismos alimentos en su mesa la suma de $271.572 o sea 48,48% m\u00e1s que treinta d\u00edas antes\u201d, detall\u00f3 la entidad de Barrios de Pie.<\/p>\n\n\n\n<h2>Tarjetas de cr\u00e9dito<\/h2>\n\n\n\n<p>El Decreto 70 del 2023 tambi\u00e9n estipula modificaciones a la&nbsp;<strong>Ley de Tarjetas de Cr\u00e9dito<\/strong>, enfocadas en reducir el poder de sanci\u00f3n del&nbsp;<strong>Banco Central<\/strong>, liberar comisiones y punitorios por incumplimiento y sostener el tope de tasas que pueden cobrar las entidades financieras.<\/p>\n\n\n\n<p>La autoridad monetaria oficializ\u00f3 este lunes el nuevo valor de la tasa de inter\u00e9s que se aplicar\u00e1 a las operaciones de cr\u00e9dito para enero. Esta ser\u00e1 del 140,86% nominal anual, que surge del promedio de las tasas que cobran los bancos por pr\u00e9stamos personales, y a partir de la cual los pl\u00e1sticos pueden sumar hasta un 25% por encima de ese nivel, es decir hasta un 176 por ciento.<\/p>\n\n\n\n<p>Dicha tasa regir\u00e1 para aquellos que no realicen el pago del monto m\u00ednimo mensual de la tarjeta de cr\u00e9dito y se aplicar\u00e1 sobre el importe no cancelado exigible. Cabe recordar que el pago m\u00ednimo es la menor cantidad requerida por los bancos para mantener la tarjeta de cr\u00e9dito y no caer en mora.<\/p>\n\n\n\n<p><img decoding=\"async\" loading=\"lazy\" alt=\"El Banco Central oficializ\u00f3 este lunes el nuevo valor de la tasa de inter\u00e9s que se aplicar\u00e1 a las operaciones de cr\u00e9dito para enero.\" height=\"816\" width=\"1456\" src=\"https:\/\/www.infobae.com\/new-resizer\/myQzyfmWc4zgAUxqzd9so0UFIOA=\/420x236\/filters:format(webp):quality(85)\/cloudfront-us-east-1.images.arcpublishing.com\/infobae\/X75M7EKIM5BRPPTPNFDZBIEESI.jpg%20420w\" srcset=\"https:\/\/www.infobae.com\/new-resizer\/myQzyfmWc4zgAUxqzd9so0UFIOA=\/420x236\/filters:format(webp):quality(85)\/cloudfront-us-east-1.images.arcpublishing.com\/infobae\/X75M7EKIM5BRPPTPNFDZBIEESI.jpg 420w,https:\/\/www.infobae.com\/new-resizer\/lR7Z2zPnE5GvR9Bcz_6pbFJgMII=\/768x432\/filters:format(webp):quality(85)\/cloudfront-us-east-1.images.arcpublishing.com\/infobae\/X75M7EKIM5BRPPTPNFDZBIEESI.jpg 768w,https:\/\/www.infobae.com\/new-resizer\/cWdqNgBXRjsNSBVmC0ZMXwjB1Yg=\/992x558\/filters:format(webp):quality(85)\/cloudfront-us-east-1.images.arcpublishing.com\/infobae\/X75M7EKIM5BRPPTPNFDZBIEESI.jpg 992w,https:\/\/www.infobae.com\/new-resizer\/dlJ4-y7EoTQjvg4s-LlY_KQoheU=\/1200x675\/filters:format(webp):quality(85)\/cloudfront-us-east-1.images.arcpublishing.com\/infobae\/X75M7EKIM5BRPPTPNFDZBIEESI.jpg 1200w,https:\/\/www.infobae.com\/new-resizer\/feA69Dn1jzIe_rz-DBiLhtWyPwY=\/1440x810\/filters:format(webp):quality(85)\/cloudfront-us-east-1.images.arcpublishing.com\/infobae\/X75M7EKIM5BRPPTPNFDZBIEESI.jpg 1440w\">El Banco Central oficializ\u00f3 este lunes el nuevo valor de la tasa de inter\u00e9s que se aplicar\u00e1 a las operaciones de cr\u00e9dito para enero.<\/p>\n\n\n\n<p>En tanto, de acuerdo a la&nbsp;<strong>Comunicaci\u00f3n A 7937<\/strong>&nbsp;del Banco Central la tasa no podr\u00e1 superar en m\u00e1s del 25% el guarismo promedio del sistema financiero para las operaciones de pr\u00e9stamos personales sin garant\u00eda real. Esa tasa m\u00e1xima del 176% se puede aplicar a refinanciaciones de saldos impagos, no a punitorios ni a otros conceptos.<\/p>\n\n\n\n<p>La tasa tope que informa el BCRA surge de un relevamiento en el mercado. Los bancos no pueden cobrar, por refinanciar saldos de tarjeta, m\u00e1s del 25% de lo que cobran por pr\u00e9stamos personales. Y, en el caso de que la entidad emisora del pl\u00e1stico no d\u00e9 pr\u00e9stamos personales, se aplica este tope.<\/p>\n\n\n\n<p>\u201cEl Banco Central dispuso una tasa para el refinanciamiento del m\u00ednimo de tarjeta y ahora el mercado deber\u00e1 fijar las nuevas comisiones para el comercio que parten del 1,8% para cr\u00e9dito, 0,8% para d\u00e9bito. Las emisoras ante amparos posibles que se puedan llegar a dar, van a hacer esas correcciones muy lentamente y de forma estrat\u00e9gica, b\u00e1sicamente porque los bancos no est\u00e1n subiendo los l\u00edmites de tarjeta de cr\u00e9dito, la inflaci\u00f3n se lo est\u00e1 comiendo, el consumo est\u00e1 cayendo y tampoco los propios bancos pueden perder. Las empresas tampoco pueden perder clientes en un contexto en el que el consumo va a caer y en ese sentido creo que no se esperan grandes cambios inmediatos en ese sentido, sino ver c\u00f3mo va transitando los primeros meses\u201d, sostuvo Di Pace.<\/p>\n\n\n\n<h2>Cielos abiertos<\/h2>\n\n\n\n<p>El DNU impulsado por el Gobierno, derog\u00f3 la Ley N\u00b0 19.030. Esta normativa establec\u00eda que las compa\u00f1\u00edas a\u00e9reas nacionales deb\u00edan encargarse de los vuelos de cabotaje, reservando a<strong>&nbsp;Aerol\u00edneas Argentinas<\/strong>&nbsp;al menos el 50% de dichas operaciones y prohibiendo la presencia de dos empresas operando en la misma ruta (a menos que existieran excepciones). Adem\u00e1s, modifica decretos y leyes, \u201ccon el fin de mejorar radicalmente la competitividad en el sector\u201d e introduce importantes cambios en el&nbsp;<strong>C\u00f3digo Aeron\u00e1utico<\/strong>. Lo que el oficialismo llama \u201cpol\u00edtica de cielos abiertos\u201d.<\/p>\n\n\n\n<p>Vale aclarar que la aerol\u00ednea de bandera estatal est\u00e1 integrada en el anexo del listado de empresas \u201csujetas a privatizaci\u00f3n\u201d que acompa\u00f1a el proyecto de \u201cLey de Bases y Puntos de Partida para La Libertad de los Argentinos\u201d, tal como lo titul\u00f3 el presidente Milei al proyecto de ley \u00f3mnibus.<\/p>\n\n\n\n<p>El&nbsp;<strong>Ministerio de Infraestructura<\/strong>&nbsp;anunci\u00f3 a principios de enero que empresas&nbsp;<em>low cost<\/em>&nbsp;sumar\u00e1n nuevas rutas para conectar distintos destinos de Argentina y pa\u00edses lim\u00edtrofes.&nbsp;<strong>JetSmart, Flybondi, Paranair y GOL<\/strong>&nbsp;son las aerol\u00edneas de bajo costo que ampliar\u00e1n su oferta de conectividad hacia nuevos lugares.<\/p>\n\n\n\n<p><img decoding=\"async\" loading=\"lazy\" alt=\"El decreto avanza hacia una pol\u00edtica de &quot;cielos abiertos&quot;.\" height=\"1066\" width=\"1599\" src=\"https:\/\/www.infobae.com\/new-resizer\/RotllfPFbenXn3RmD8qhCB0p-C0=\/420x280\/filters:format(webp):quality(85)\/cloudfront-us-east-1.images.arcpublishing.com\/infobae\/A77QNJ3CPRACLJ557RZG6Q7RLA.jpeg%20420w\" srcset=\"https:\/\/www.infobae.com\/new-resizer\/RotllfPFbenXn3RmD8qhCB0p-C0=\/420x280\/filters:format(webp):quality(85)\/cloudfront-us-east-1.images.arcpublishing.com\/infobae\/A77QNJ3CPRACLJ557RZG6Q7RLA.jpeg 420w,https:\/\/www.infobae.com\/new-resizer\/p5ajcF7VTeTPqmnbuHHgmQVvP7s=\/768x512\/filters:format(webp):quality(85)\/cloudfront-us-east-1.images.arcpublishing.com\/infobae\/A77QNJ3CPRACLJ557RZG6Q7RLA.jpeg 768w,https:\/\/www.infobae.com\/new-resizer\/NWJ6MA4iJtL0F9bk4kWmY8l0qwk=\/992x661\/filters:format(webp):quality(85)\/cloudfront-us-east-1.images.arcpublishing.com\/infobae\/A77QNJ3CPRACLJ557RZG6Q7RLA.jpeg 992w,https:\/\/www.infobae.com\/new-resizer\/J0_STlOBi8Jmy3EiB5760H91E34=\/1200x800\/filters:format(webp):quality(85)\/cloudfront-us-east-1.images.arcpublishing.com\/infobae\/A77QNJ3CPRACLJ557RZG6Q7RLA.jpeg 1200w,https:\/\/www.infobae.com\/new-resizer\/4Di-PI4MuF-CWkl4nNTSR6orlb0=\/1440x960\/filters:format(webp):quality(85)\/cloudfront-us-east-1.images.arcpublishing.com\/infobae\/A77QNJ3CPRACLJ557RZG6Q7RLA.jpeg 1440w\">El decreto avanza hacia una pol\u00edtica de &#8220;cielos abiertos&#8221;.<\/p>\n\n\n\n<p>\u201cFlyBondi ya comenz\u00f3 a conectar Mar del Plata con la Ciudad de Buenos Aires realizando el vuelo inaugural con una ocupaci\u00f3n del 90% de sus asientos y representando la primera aerol\u00ednea&nbsp;<em>low cost&nbsp;<\/em>en volar a ese destino\u201d, celebr\u00f3 el Gobierno mediante un comunicado publicado en la red social X. Con frecuencias los lunes, mi\u00e9rcoles, viernes y domingo, los vuelos partir\u00e1n desde el Aeroparque Jorge Newbery. Adem\u00e1s, resaltaron, la empresa tiene planes de ampliar la oferta de conectividad entre Argentina y Brasil en el corto plazo.<\/p>\n\n\n\n<p>En tanto, a partir de marzo, JetSmart conectar\u00e1 Buenos Aires con Concepci\u00f3n, en el sur de Chile, sin pasar por Santiago. \u201cEsta ruta a\u00e9rea se suma a los dos servicios que la empresa realiza entre Chile y Argentina, uniendo en este caso la ciudad de Santiago con Buenos Aires y Mendoza\u201d, detalla la informaci\u00f3n oficial.<\/p>\n\n\n\n<p>Por su parte, la aerol\u00ednea paraguaya Paranair anunci\u00f3 una nueva ruta internacional que unir\u00e1 Asunci\u00f3n con la ciudad de C\u00f3rdoba a partir del 6 de marzo, con tres vuelos semanales los mi\u00e9rcoles, viernes y domingo. Finalmente, a partir del 1\u00b0 de abril, la empresa brasile\u00f1a GOL sumar\u00e1 una nueva ruta internacional con vuelos directos entre Ezeiza y la ciudad colombiana de Bogot\u00e1.<\/p>\n\n\n\n<h2>Turismo<\/h2>\n\n\n\n<p>En el DNU firmado por Milei se incluye la derogaci\u00f3n de tres leyes vinculadas al turismo con el argumento de eliminar \u201cel monopolio de las agencias de viajes\u201d. Esta declaraci\u00f3n del primer mandatario y la desregulaci\u00f3n que conlleva la normativa&nbsp;<a rel=\"noreferrer noopener\" href=\"https:\/\/www.infobae.com\/economia\/2023\/12\/26\/el-dnu-de-milei-por-que-las-agencias-de-viaje-rechazan-la-derogacion-de-tres-leyes-sobre-el-sector-turistico\/\" target=\"_blank\">fue rechazada por el sector<\/a>.<\/p>\n\n\n\n<p>En detalle, el decreto deroga las leyes N\u00b0 18.828 (de reglamentaci\u00f3n de Hoteler\u00eda), 18.829 (que cre\u00f3 el \u201cRegistro\u201d de \u201cAgentes de Viaje\u201d y reglament\u00f3 su actividad a partir de una \u201clicencia habilitante\u201d) y 26.356 (de \u201cSistemas tur\u00edsticos de Tiempo Compartido\u201d). Las dos primeras, consecutivas, de noviembre de 1970, se basan en el art\u00edculo 5 del \u201cEstatuto de la Revoluci\u00f3n Argentina\u201d iniciada con el golpe de Estado del general<strong>&nbsp;Juan Carlos Ongan\u00eda<\/strong>&nbsp;contra el gobierno constitucional de Arturo Illia, aunque fueron sancionadas durante la dictadura del general Roberto Levingston). La tercera es de marzo de 2008, en los meses iniciales de la primera presidencia de&nbsp;<strong>Cristina Fern\u00e1ndez Kirchner<\/strong>.<\/p>\n\n\n\n<p>La&nbsp;<strong>Federaci\u00f3n Argentina de Asociaciones de Empresas de Viajes y Turismo (Faevyt)<\/strong>, que representa a todas las agencias de viajes locales, present\u00f3 en diciembre un amparo por el cual solicita que la justicia declare la inconstitucionalidad del DNU 70\/2023. \u201cEs fundamental resaltar que la derogaci\u00f3n del r\u00e9gimen de agentes de viajes impacta directamente sobre los derechos adquiridos por las empresas de viajes y turismo que, cumpliendo con esta ley, brindan seguridad a los pasajeros y estabilidad al sector\u201d, dijo el presidente de esa entidad, Andr\u00e9s Dey\u00e1, a trav\u00e9s de un comunicado.<\/p>\n\n\n\n<p>\u201cLa desaparici\u00f3n de esta norma, tal y como plantea el DNU, promover\u00eda una competencia absolutamente desleal con personas que no son profesionales de la actividad tur\u00edstica y que no tendr\u00e1n ning\u00fan control para cumplir correctamente con su labor ni brindar ning\u00fan tipo de garant\u00eda a los pasajeros\u201d, apunt\u00f3.<\/p>\n\n\n\n<h2>Mercado laboral<\/h2>\n\n\n\n<p>Los trabajadores ver\u00e1n cambios en el formato de su recibo de sueldo y en los descuentos que ya no podr\u00e1 realizar su empleador, a pesar de que as\u00ed lo indiquen los convenios colectivos, a menos de que haya una autorizaci\u00f3n expresa. En concreto, el DNU prev\u00e9 que la parte empleadora no podr\u00e1 descontar del recibo de sueldo del empleado cuotas, aportes peri\u00f3dicos o contribuciones a que estuvieran obligados los trabajadores, como en el caso de los aportes sindicales. Adem\u00e1s, en el recibo de pago deber\u00e1n consignarse el total de contribuciones que abona la parte empleadora por sostener la relaci\u00f3n laboral.<\/p>\n\n\n\n<p>Por otro lado, la normativa contempla una extensi\u00f3n del per\u00edodo de prueba de 3 a 8 meses. Tambi\u00e9n se redujo el monto de las indemnizaciones por antig\u00fcedad o despido injustificado y se cre\u00f3 la figura de un fondo de cese laboral. Este \u00faltimo punto es el que se utiliza en la construcci\u00f3n, en donde empleadores aportan fondos de forma anticipada para cubrir la indemnizaci\u00f3n por despido.<\/p>\n\n\n\n<p>El cap\u00edtulo laboral del decreto choc\u00f3 en los \u00faltimos d\u00edas contra<a rel=\"noreferrer noopener\" href=\"https:\/\/www.infobae.com\/judiciales\/2024\/01\/04\/la-justicia-habilito-la-feria-judicial-para-analizar-los-amparos-contra-la-totalidad-del-dnu-de-javier-milei\/\" target=\"_blank\">\u00a0los amparos a los que dio lugar la Justicia<\/a>. Los principales planteos vinieron de la<strong>\u00a0Confederaci\u00f3n General del Trabajo (CGT)\u00a0<\/strong>y la\u00a0<strong>Central de Trabajadores y Trabajadoras de la Argentina (CTA)<\/strong>.<\/p>\n\n\n\n<p>Fuente: INFOBAE<\/p>\n","protected":false},"excerpt":{"rendered":"<div class=\"mh-excerpt\"><p>El\u00a0decreto de necesidad y urgencia (DNU)\u00a0que lanz\u00f3 el presidente Javier Milei, el cual entr\u00f3 en vigencia el pasado 29 de enero, busca avanzar en la desregulaci\u00f3n de la econom\u00eda argentina. Entre los 366 art\u00edculos se contemplan cambios significativos en tr\u00e1mites, contratos y el bolsillo de los consumidores. La norma deber\u00e1 ser refrendada o rechazada por el&nbsp;Congreso&nbsp;y tiene por delante obst\u00e1culos judiciales por parte de los sectores que se oponen a la medida, aunque est\u00e1 en vigencia y muchos de los cambios ya impactan en la vida cotidiana de los argentinos. En ese marco,\u00a0Infobae\u00a0repas\u00f3 junto a especialistas los primeros impactos de <a class=\"mh-excerpt-more\" href=\"http:\/\/dsrmedios.com.ar\/diario\/archivos\/42621\" title=\"El impacto del DNU: 7 claves para entender los cambios que ya rigen en tr\u00e1mites, contratos, precios y otros aspectos de la vida cotidiana\">[Leer m\u00e1s]<\/a><\/p>\n<\/div>","protected":false},"author":8,"featured_media":42622,"comment_status":"open","ping_status":"closed","sticky":false,"template":"","format":"standard","meta":{"_jetpack_newsletter_access":""},"categories":[6],"tags":[],"jetpack_featured_media_url":"http:\/\/dsrmedios.com.ar\/diario\/wp-content\/uploads\/2024\/01\/XYS6XCXC55D63NWQN5WARKWUE4.jpg","jetpack_sharing_enabled":true,"jetpack_shortlink":"https:\/\/wp.me\/p9fihK-b5r","_links":{"self":[{"href":"http:\/\/dsrmedios.com.ar\/diario\/wp-json\/wp\/v2\/posts\/42621"}],"collection":[{"href":"http:\/\/dsrmedios.com.ar\/diario\/wp-json\/wp\/v2\/posts"}],"about":[{"href":"http:\/\/dsrmedios.com.ar\/diario\/wp-json\/wp\/v2\/types\/post"}],"author":[{"embeddable":true,"href":"http:\/\/dsrmedios.com.ar\/diario\/wp-json\/wp\/v2\/users\/8"}],"replies":[{"embeddable":true,"href":"http:\/\/dsrmedios.com.ar\/diario\/wp-json\/wp\/v2\/comments?post=42621"}],"version-history":[{"count":1,"href":"http:\/\/dsrmedios.com.ar\/diario\/wp-json\/wp\/v2\/posts\/42621\/revisions"}],"predecessor-version":[{"id":42623,"href":"http:\/\/dsrmedios.com.ar\/diario\/wp-json\/wp\/v2\/posts\/42621\/revisions\/42623"}],"wp:featuredmedia":[{"embeddable":true,"href":"http:\/\/dsrmedios.com.ar\/diario\/wp-json\/wp\/v2\/media\/42622"}],"wp:attachment":[{"href":"http:\/\/dsrmedios.com.ar\/diario\/wp-json\/wp\/v2\/media?parent=42621"}],"wp:term":[{"taxonomy":"category","embeddable":true,"href":"http:\/\/dsrmedios.com.ar\/diario\/wp-json\/wp\/v2\/categories?post=42621"},{"taxonomy":"post_tag","embeddable":true,"href":"http:\/\/dsrmedios.com.ar\/diario\/wp-json\/wp\/v2\/tags?post=42621"}],"curies":[{"name":"wp","href":"https:\/\/api.w.org\/{rel}","templated":true}]}}