{"id":42604,"date":"2024-01-09T14:50:48","date_gmt":"2024-01-09T17:50:48","guid":{"rendered":"http:\/\/dsrmedios.com.ar\/diario\/?p=42604"},"modified":"2024-01-09T14:50:50","modified_gmt":"2024-01-09T17:50:50","slug":"china-envio-un-gesto-de-distension-antes-de-la-reunion-con-diana-mondino-y-en-medio-de-la-polemica-por-taiwan","status":"publish","type":"post","link":"http:\/\/dsrmedios.com.ar\/diario\/archivos\/42604","title":{"rendered":"China envi\u00f3 un gesto de distensi\u00f3n antes de la reuni\u00f3n con Diana Mondino y en medio de la pol\u00e9mica por Taiw\u00e1n"},"content":{"rendered":"\n<p>En medio de una fuerte pol\u00e9mica desatada por una supuesta reuni\u00f3n entre Diana Mondino y la representante de Taiw\u00e1n en la Argentina \u2013<strong>rechazada enf\u00e1ticamente por la Canciller\u00eda<\/strong>&#8211; y a horas<a href=\"https:\/\/tn.com.ar\/politica\/2024\/01\/08\/diana-mondino-recibe-al-embajador-de-china-con-el-foco-puesto-en-el-swap-el-comercio-y-la-relacion-con-taiwan\/\" target=\"_blank\" rel=\"noreferrer noopener\">&nbsp;del encuentro entre la canciller y el embajador chino<\/a>, el gobierno de Beijing envi\u00f3 una se\u00f1al de distensi\u00f3n a Buenos Aires.<\/p>\n\n\n\n<p><strong>\u201cArgentina ha aclarado a China que simplemente es una exageraci\u00f3n\u00a0<\/strong>y reiter\u00f3 que el gobierno argentino valora su relaci\u00f3n con China\u201d, revel\u00f3 la vocera del Ministerio de Relaciones Exteriores de China, Mao Ning, al ser consultada por el supuesto encuentro entre Mondino y Florencia Miao-hunga Hsie, titular de la oficina Comercial y Cultural de Taipei en nuestro pa\u00eds.<\/p>\n\n\n\n<p>En su habitual conferencia de prensa diaria, la funcionaria asi\u00e1tica reconoci\u00f3 que las autoridades argentinas afirmaron que nuestro pa\u00eds&nbsp;<strong>\u201cseguir\u00e1 comprometido con el principio de \u2018una sola China\u2019\u201d<\/strong>, el cual afirma que Taiw\u00e1n es parte de China y rechaza cualquier intento de soberan\u00eda. Hist\u00f3ricamente la Argentina mantuvo la misma posici\u00f3n, lo que le vali\u00f3 el respaldo del gigante asi\u00e1tico en la cuesti\u00f3n Malvinas.<\/p>\n\n\n\n<p>Es por eso que, desde el inicio de las relaciones diplom\u00e1ticas entre ambos pa\u00edses en 1972, ning\u00fan canciller argentino se reuni\u00f3 con un representante de Taiw\u00e1n. La diplomacia china siempre trabaj\u00f3 para evitar tambi\u00e9n que tuvieran contactos con otras esferas pol\u00edticas.&nbsp;<strong>\u201cEs una l\u00ednea roja\u201d<\/strong>, reconocieron desde China al ser consultados por&nbsp;<strong>TN&nbsp;<\/strong>cuando el legislador provincial&nbsp;<a href=\"https:\/\/tn.com.ar\/internacional\/2023\/12\/23\/la-advertencia-de-china-tras-la-foto-de-un-diputado-libertario-con-la-representante-de-taiwan-en-la-argentina\/\" target=\"_blank\" rel=\"noreferrer noopener\">Agust\u00edn Romo public\u00f3 una foto con Florencia Miao-hunga Hsie<\/a>&nbsp;semanas atr\u00e1s.<\/p>\n\n\n\n<figure class=\"wp-block-image\"><img decoding=\"async\" src=\"https:\/\/tn.com.ar\/resizer\/kc6Vj-Sae8Q1sKfC_B5gM7SJhZ4=\/767x0\/smart\/filters:format(webp)\/cloudfront-us-east-1.images.arcpublishing.com\/artear\/73MDEFY2QVCHHGY2MJS3PYMOPI.jpg\" alt=\"La canciller Diana Mondino recibir\u00e1 al embajador chino este viernes a las 14. (Foto: AFP y Xinhua)\"\/><figcaption class=\"wp-element-caption\">La canciller Diana Mondino recibir\u00e1 al embajador chino este viernes a las 14. (Foto: AFP y Xinhua)<\/figcaption><\/figure>\n\n\n\n<p>A lo largo de la \u00faltima semana hubo afirmaciones y desmentidas cruzadas sobre la supuesta reuni\u00f3n de Mondino. Un sector de la diplomacia y la pol\u00edtica m\u00e1s af\u00edn al kirchnerismo&nbsp;<strong>aseguran que ocurri\u00f3 el 26 de diciembre.<\/strong>&nbsp;La propia canciller y la representaci\u00f3n de Taiw\u00e1n&nbsp;<strong>lo niegan por completo<\/strong>. La declaraci\u00f3n de la vocera china es un espaldarazo a la postura oficial del gobierno.<\/p>\n\n\n\n<p>En la diplomacia las palabras importan, y mucho. Por eso llam\u00f3 la atenci\u00f3n tambi\u00e9n que la funcionaria de la canciller\u00eda china directamente no niegue la reuni\u00f3n, sino que&nbsp;<strong>la catalogue como una \u201cexageraci\u00f3n\u201d, un t\u00e9rmino amplio de interpretaci\u00f3n<\/strong>. De todas formas, desde el entorno de Mondino buscaron mostrar esta declaraci\u00f3n como una validaci\u00f3n a la posici\u00f3n del Palacio San Mart\u00edn.<\/p>\n\n\n\n<h2>Una relaci\u00f3n bilateral entre idas y vueltas<\/h2>\n\n\n\n<p><strong>El v\u00ednculo de la Argentina con China est\u00e1 en una etapa de reacomodamiento.<\/strong>&nbsp;De la relaci\u00f3n cercana con concesiones que tuvo la administraci\u00f3n de Alberto Fern\u00e1ndez, a las fuertes cr\u00edticas y dudas del actual presidente Javier Milei. Beijing est\u00e1 expectante de los pr\u00f3ximos movimientos, a la espera de m\u00e1s gestos, pero en alerta por el camino que pueda adoptar el libertario.<\/p>\n\n\n\n<p>\u201cChina est\u00e1 dispuesta a trabajar con Argentina para profundizar nuestra confianza pol\u00edtica mutua y&nbsp;<strong>promover el crecimiento constante de la asociaci\u00f3n estrat\u00e9gica integral China-Argentina\u201d,<\/strong>&nbsp;asegur\u00f3 la vocera Mao Ning en la conferencia de prensa de hoy, en un claro gesto de que el gigante asi\u00e1tico pretende no romper el v\u00ednculo, tal como alguna vez prometi\u00f3 Milei durante la campa\u00f1a.<\/p>\n\n\n\n<figure class=\"wp-block-image\"><img decoding=\"async\" src=\"https:\/\/tn.com.ar\/resizer\/8YGmft-RAtNkn4y8--cP_Jy6ZdY=\/767x0\/smart\/filters:format(webp)\/cloudfront-us-east-1.images.arcpublishing.com\/artear\/L43EPPHDMBB3HOY5MFCBA4X6OU.jpg\" alt=\"La vocera de la canciller\u00eda china, Mao Ning, fue quien marc\u00f3 la postura del gigante asi\u00e1tico. (Foto: Ministerio de Relaciones Exteriores de China)\"\/><figcaption class=\"wp-element-caption\">La vocera de la canciller\u00eda china, Mao Ning, fue quien marc\u00f3 la postura del gigante asi\u00e1tico. (Foto: Ministerio de Relaciones Exteriores de China)Por:&nbsp;<strong>XW<\/strong><\/figcaption><\/figure>\n\n\n\n<p>En este contexto, ma\u00f1ana viernes a las 14 est\u00e1 programada una reuni\u00f3n entre Diana Mondino y el embajador chino Wang Wei.&nbsp;<strong>Es un encuentro que est\u00e1 programado desde hace tiempo<\/strong>, inclusive desde antes de que surja la controversia por la supuesta reuni\u00f3n con la representante de Taiw\u00e1n. La Canciller\u00eda pretende que no se generen expectativas en torno a la reuni\u00f3n para no alimentar las versiones de una crisis bilateral.<\/p>\n\n\n\n<p>Lo cierto es que&nbsp;<strong>ser\u00e1 un encuentro de importancia<\/strong>, el primero desde que el diplom\u00e1tico chino regres\u00f3 de Beijing citado por Xi Jinping junto a otros representantes de todo el mundo y el segundo con Mondino desde que Milei asumi\u00f3 su cargo en diciembre del a\u00f1o pasado.<\/p>\n\n\n\n<p>M\u00e1s all\u00e1 de las posiciones geopol\u00edticas occidentales que viene tomando la Argentina \u2013<a rel=\"noreferrer noopener\" href=\"https:\/\/tn.com.ar\/politica\/2023\/12\/29\/javier-milei-renuncio-formalmente-al-ingreso-de-los-brics-y-confirmo-el-giro-en-la-politica-exterior-argentina\/\" target=\"_blank\">salida de los BRICS<\/a>, compra de aviones F-16, enfriamiento de la relaci\u00f3n con Cuba, Venezuela y Nicaragua, entre otros-, el Gobierno nacional tiene el desaf\u00edo de achicar el marcado d\u00e9ficit comercial que nuestro pa\u00eds tiene con China e impulsar nuevos sectores de cooperaci\u00f3n para aumentar la exportaci\u00f3n.<\/p>\n\n\n\n<p>Fuente: TN<\/p>\n","protected":false},"excerpt":{"rendered":"<div class=\"mh-excerpt\"><p>En medio de una fuerte pol\u00e9mica desatada por una supuesta reuni\u00f3n entre Diana Mondino y la representante de Taiw\u00e1n en la Argentina \u2013rechazada enf\u00e1ticamente por la Canciller\u00eda&#8211; y a horas&nbsp;del encuentro entre la canciller y el embajador chino, el gobierno de Beijing envi\u00f3 una se\u00f1al de distensi\u00f3n a Buenos Aires. \u201cArgentina ha aclarado a China que simplemente es una exageraci\u00f3n\u00a0y reiter\u00f3 que el gobierno argentino valora su relaci\u00f3n con China\u201d, revel\u00f3 la vocera del Ministerio de Relaciones Exteriores de China, Mao Ning, al ser consultada por el supuesto encuentro entre Mondino y Florencia Miao-hunga Hsie, titular de la oficina Comercial <a class=\"mh-excerpt-more\" href=\"http:\/\/dsrmedios.com.ar\/diario\/archivos\/42604\" title=\"China envi\u00f3 un gesto de distensi\u00f3n antes de la reuni\u00f3n con Diana Mondino y en medio de la pol\u00e9mica por Taiw\u00e1n\">[Leer m\u00e1s]<\/a><\/p>\n<\/div>","protected":false},"author":8,"featured_media":42605,"comment_status":"open","ping_status":"closed","sticky":false,"template":"","format":"standard","meta":{"_jetpack_newsletter_access":""},"categories":[6],"tags":[],"jetpack_featured_media_url":"http:\/\/dsrmedios.com.ar\/diario\/wp-content\/uploads\/2024\/01\/SSILCADZ4NABZO5Z6YONN6HGCQ.jpg","jetpack_sharing_enabled":true,"jetpack_shortlink":"https:\/\/wp.me\/p9fihK-b5a","_links":{"self":[{"href":"http:\/\/dsrmedios.com.ar\/diario\/wp-json\/wp\/v2\/posts\/42604"}],"collection":[{"href":"http:\/\/dsrmedios.com.ar\/diario\/wp-json\/wp\/v2\/posts"}],"about":[{"href":"http:\/\/dsrmedios.com.ar\/diario\/wp-json\/wp\/v2\/types\/post"}],"author":[{"embeddable":true,"href":"http:\/\/dsrmedios.com.ar\/diario\/wp-json\/wp\/v2\/users\/8"}],"replies":[{"embeddable":true,"href":"http:\/\/dsrmedios.com.ar\/diario\/wp-json\/wp\/v2\/comments?post=42604"}],"version-history":[{"count":1,"href":"http:\/\/dsrmedios.com.ar\/diario\/wp-json\/wp\/v2\/posts\/42604\/revisions"}],"predecessor-version":[{"id":42606,"href":"http:\/\/dsrmedios.com.ar\/diario\/wp-json\/wp\/v2\/posts\/42604\/revisions\/42606"}],"wp:featuredmedia":[{"embeddable":true,"href":"http:\/\/dsrmedios.com.ar\/diario\/wp-json\/wp\/v2\/media\/42605"}],"wp:attachment":[{"href":"http:\/\/dsrmedios.com.ar\/diario\/wp-json\/wp\/v2\/media?parent=42604"}],"wp:term":[{"taxonomy":"category","embeddable":true,"href":"http:\/\/dsrmedios.com.ar\/diario\/wp-json\/wp\/v2\/categories?post=42604"},{"taxonomy":"post_tag","embeddable":true,"href":"http:\/\/dsrmedios.com.ar\/diario\/wp-json\/wp\/v2\/tags?post=42604"}],"curies":[{"name":"wp","href":"https:\/\/api.w.org\/{rel}","templated":true}]}}