{"id":42599,"date":"2024-01-09T14:47:04","date_gmt":"2024-01-09T17:47:04","guid":{"rendered":"http:\/\/dsrmedios.com.ar\/diario\/?p=42599"},"modified":"2024-01-09T14:47:07","modified_gmt":"2024-01-09T17:47:07","slug":"el-2023-cerro-con-la-mayor-inflacion-en-33-anos","status":"publish","type":"post","link":"http:\/\/dsrmedios.com.ar\/diario\/archivos\/42599","title":{"rendered":"El 2023 cerr\u00f3 con la mayor inflaci\u00f3n en 33 a\u00f1os"},"content":{"rendered":"\n<p>Finalmente la inflaci\u00f3n total de 2023 fue superior al 200%, con lo cual termin\u00f3 siendo r\u00e9cord en los \u00faltimos 33 a\u00f1os. El dato que dio a conocer el Indec este jueves arroj\u00f3 un global de 211,4% del a\u00f1o pasado, luego de conocerse que en diciembre el \u00cdndice de Precios al Consumidor fue del 25,5%. El presidente Javier Milei hab\u00eda dicho que si el \u00edndice de inflaci\u00f3n est\u00e1 \u201ccerca del 25% ser\u00e1 un \u00e9xito\u201d. Estimaciones privadas esperaban que el IPC del \u00faltimo mes de 2023 llegara al 30%, situaci\u00f3n que finalmente no ocurri\u00f3.<\/p>\n\n\n\n<p>\u201cEl Nivel general del \u00cdndice de precios al consumidor registr\u00f3 un alza mensual de 25,5% en diciembre y acumul\u00f3 un incremento de 211,4% en los doce meses de 2023\u2033, inform\u00f3 el organismo que conduce Marco Lavagna.<\/p>\n\n\n\n<p>\u201cLa divisi\u00f3n de mayor aumento en el mes fue Bienes y servicios varios (32,7%), producto de las subas en art\u00edculos de Cuidado Personal. Le siguieron Salud (32,6%), impulsada por las variaciones en medicamentos y medicina prepaga; y Transporte (31,7%), por los incrementos en combustibles. La divisi\u00f3n con mayor incidencia en todas las regiones fue Alimentos y bebidas no alcoh\u00f3licas (29,7%)\u201d, especific\u00f3.<\/p>\n\n\n\n<p>\u201cAl interior de la divisi\u00f3n se destaca el aumento de precios en Carnes y derivados, y Pan y cereales. Las dos divisiones que registraron las menores variaciones en diciembre fueron Educaci\u00f3n (6,2%) y Vivienda, agua, electricidad y otros combustibles (13,8%). A nivel de las categor\u00edas, el IPC N\u00facleo (28,3%) lider\u00f3 el aumento seguida por Regulados (20,7%), mientras que Estacionales registr\u00f3 un incremento de 16,2%\u201d, aclar\u00f3 el informe oficial.<\/p>\n\n\n\n<p>Fuente: Labrujula24<\/p>\n","protected":false},"excerpt":{"rendered":"<div class=\"mh-excerpt\"><p>Finalmente la inflaci\u00f3n total de 2023 fue superior al 200%, con lo cual termin\u00f3 siendo r\u00e9cord en los \u00faltimos 33 a\u00f1os. El dato que dio a conocer el Indec este jueves arroj\u00f3 un global de 211,4% del a\u00f1o pasado, luego de conocerse que en diciembre el \u00cdndice de Precios al Consumidor fue del 25,5%. El presidente Javier Milei hab\u00eda dicho que si el \u00edndice de inflaci\u00f3n est\u00e1 \u201ccerca del 25% ser\u00e1 un \u00e9xito\u201d. Estimaciones privadas esperaban que el IPC del \u00faltimo mes de 2023 llegara al 30%, situaci\u00f3n que finalmente no ocurri\u00f3. \u201cEl Nivel general del \u00cdndice de precios al <a class=\"mh-excerpt-more\" href=\"http:\/\/dsrmedios.com.ar\/diario\/archivos\/42599\" title=\"El 2023 cerr\u00f3 con la mayor inflaci\u00f3n en 33 a\u00f1os\">[Leer m\u00e1s]<\/a><\/p>\n<\/div>","protected":false},"author":8,"featured_media":35458,"comment_status":"open","ping_status":"closed","sticky":false,"template":"","format":"standard","meta":{"_jetpack_newsletter_access":""},"categories":[6],"tags":[],"jetpack_featured_media_url":"http:\/\/dsrmedios.com.ar\/diario\/wp-content\/uploads\/2023\/06\/AQXS4455W5DJVDNA5WCIRFRPAY-scaled.jpg","jetpack_sharing_enabled":true,"jetpack_shortlink":"https:\/\/wp.me\/p9fihK-b55","_links":{"self":[{"href":"http:\/\/dsrmedios.com.ar\/diario\/wp-json\/wp\/v2\/posts\/42599"}],"collection":[{"href":"http:\/\/dsrmedios.com.ar\/diario\/wp-json\/wp\/v2\/posts"}],"about":[{"href":"http:\/\/dsrmedios.com.ar\/diario\/wp-json\/wp\/v2\/types\/post"}],"author":[{"embeddable":true,"href":"http:\/\/dsrmedios.com.ar\/diario\/wp-json\/wp\/v2\/users\/8"}],"replies":[{"embeddable":true,"href":"http:\/\/dsrmedios.com.ar\/diario\/wp-json\/wp\/v2\/comments?post=42599"}],"version-history":[{"count":1,"href":"http:\/\/dsrmedios.com.ar\/diario\/wp-json\/wp\/v2\/posts\/42599\/revisions"}],"predecessor-version":[{"id":42600,"href":"http:\/\/dsrmedios.com.ar\/diario\/wp-json\/wp\/v2\/posts\/42599\/revisions\/42600"}],"wp:featuredmedia":[{"embeddable":true,"href":"http:\/\/dsrmedios.com.ar\/diario\/wp-json\/wp\/v2\/media\/35458"}],"wp:attachment":[{"href":"http:\/\/dsrmedios.com.ar\/diario\/wp-json\/wp\/v2\/media?parent=42599"}],"wp:term":[{"taxonomy":"category","embeddable":true,"href":"http:\/\/dsrmedios.com.ar\/diario\/wp-json\/wp\/v2\/categories?post=42599"},{"taxonomy":"post_tag","embeddable":true,"href":"http:\/\/dsrmedios.com.ar\/diario\/wp-json\/wp\/v2\/tags?post=42599"}],"curies":[{"name":"wp","href":"https:\/\/api.w.org\/{rel}","templated":true}]}}