{"id":42595,"date":"2024-01-09T14:51:55","date_gmt":"2024-01-09T17:51:55","guid":{"rendered":"http:\/\/dsrmedios.com.ar\/diario\/?p=42595"},"modified":"2024-01-09T14:51:57","modified_gmt":"2024-01-09T17:51:57","slug":"el-ministerio-de-salud-confirmo-la-primera-muerte-por-encefalitis-equina-en-la-provincia-de-buenos-aires","status":"publish","type":"post","link":"http:\/\/dsrmedios.com.ar\/diario\/archivos\/42595","title":{"rendered":"El Ministerio de Salud confirm\u00f3 la primera muerte por encefalitis equina en la provincia de Buenos Aires"},"content":{"rendered":"\n<p>El Ministerio de Salud de la Provincia de Buenos Aires confirm\u00f3 esta tarde la primera<a href=\"https:\/\/tn.com.ar\/sociedad\/2023\/12\/31\/confirman-un-muerto-por-encefalitis-equina-en-santa-fe-y-ya-hay-12-casos-en-el-pais\/\" target=\"_blank\" rel=\"noreferrer noopener\"><strong>&nbsp;muerte por encefalitis equina&nbsp;<\/strong><\/a>en la provincia. Se trata de una mujer de 74 a\u00f1os con comorbilidades proveniente de un \u00e1rea semirural.<\/p>\n\n\n\n<p>La mujer comenz\u00f3 con s\u00edntomas a mediados de diciembre, fue internada y\u00a0<strong>su enfermedad de base hizo que su estado de salud general se desmejorara repentinamente<\/strong>\u00a0y necesitara ser internada en cuidados intensivos con asistencia mec\u00e1nica.<\/p>\n\n\n\n<p>Seg\u00fan inform\u00f3 el Ministerio, la provincia de Buenos Aires cuenta con 10 casos: todos requirieron internaci\u00f3n, cuatro de ellos recibieron el alta, cinco contin\u00faan internados y uno falleci\u00f3.<\/p>\n\n\n\n<h2>Qu\u00e9 se sabe de la enfermedad<\/h2>\n\n\n\n<p>La Encefalitis Equina es una<strong>&nbsp;patolog\u00eda neurol\u00f3gica que se transmite a trav\u00e9s de picaduras de mosquitos infectados<\/strong>&nbsp;y, aunque afecta sobre todo a los caballos, tambi\u00e9n puede transmitirse a las personas.<\/p>\n\n\n\n<p>En los seres humanos, la enfermedad tiene un per\u00edodo de incubaci\u00f3n de 2 a 10 d\u00edas y si bien\u00a0<strong>en la mayor\u00eda de los casos es asintom\u00e1tica<\/strong>, en algunos puede presentarse con s\u00edntomas como fiebre, cansancio, dolores musculares y malestar general que se resuelven espont\u00e1neamente en un lapso de siete a diez d\u00edas<\/p>\n\n\n\n<p>Aunque, algunos casos pueden evolucionar a cuadros de encefalitis.<\/p>\n\n\n\n<h2>Recomendaciones del Ministerio de Salud para prevenir la picadura de mosquitos que pueden transmitir la enfermedad:<\/h2>\n\n\n\n<ul>\n<li><strong>Aplicarse peri\u00f3dicamente repelentes de insectos&nbsp;<\/strong>con el ingrediente activo DEET mientras se realizan tareas en el exterior o dentro de establecimientos donde se hayan detectado animales enfermos o muertos. Es necesario volver a aplicar el producto peri\u00f3dicamente.<\/li>\n\n\n\n<li><strong>Colocar telas mosquiteras en puertas y ventanas.<\/strong><\/li>\n\n\n\n<li><strong>Utilizar ropa clara&nbsp;<\/strong>y preferentemente de manga larga.<\/li>\n\n\n\n<li><strong>Utilizar espirales&nbsp;<\/strong>en el exterior y pastillas o aerosoles en el interior de las edificaciones.<\/li>\n<\/ul>\n\n\n\n<h2>Medidas de saneamiento para evitar la propagaci\u00f3n de mosquitos:<\/h2>\n\n\n\n<ul>\n<li><strong>Evitar la acumulaci\u00f3n de agua<\/strong>&nbsp;en el suelo.<\/li>\n\n\n\n<li><strong>Desmalezar predios<\/strong>&nbsp;y mantener el pasto corto.<\/li>\n\n\n\n<li>Eliminar o&nbsp;<strong>colocar bajo techo recipientes y otros objetos que puedan acumular agua<\/strong>.<\/li>\n<\/ul>\n\n\n\n<p>Fuente: TN<\/p>\n","protected":false},"excerpt":{"rendered":"<div class=\"mh-excerpt\"><p>El Ministerio de Salud de la Provincia de Buenos Aires confirm\u00f3 esta tarde la primera&nbsp;muerte por encefalitis equina&nbsp;en la provincia. Se trata de una mujer de 74 a\u00f1os con comorbilidades proveniente de un \u00e1rea semirural. La mujer comenz\u00f3 con s\u00edntomas a mediados de diciembre, fue internada y\u00a0su enfermedad de base hizo que su estado de salud general se desmejorara repentinamente\u00a0y necesitara ser internada en cuidados intensivos con asistencia mec\u00e1nica. Seg\u00fan inform\u00f3 el Ministerio, la provincia de Buenos Aires cuenta con 10 casos: todos requirieron internaci\u00f3n, cuatro de ellos recibieron el alta, cinco contin\u00faan internados y uno falleci\u00f3. Qu\u00e9 se sabe <a class=\"mh-excerpt-more\" href=\"http:\/\/dsrmedios.com.ar\/diario\/archivos\/42595\" title=\"El Ministerio de Salud confirm\u00f3 la primera muerte por encefalitis equina en la provincia de Buenos Aires\">[Leer m\u00e1s]<\/a><\/p>\n<\/div>","protected":false},"author":8,"featured_media":42607,"comment_status":"open","ping_status":"closed","sticky":false,"template":"","format":"standard","meta":{"_jetpack_newsletter_access":""},"categories":[6],"tags":[],"jetpack_featured_media_url":"http:\/\/dsrmedios.com.ar\/diario\/wp-content\/uploads\/2024\/01\/ZR4IT4QPNZHG3GQ3XM7NSKIUL4.jpg","jetpack_sharing_enabled":true,"jetpack_shortlink":"https:\/\/wp.me\/p9fihK-b51","_links":{"self":[{"href":"http:\/\/dsrmedios.com.ar\/diario\/wp-json\/wp\/v2\/posts\/42595"}],"collection":[{"href":"http:\/\/dsrmedios.com.ar\/diario\/wp-json\/wp\/v2\/posts"}],"about":[{"href":"http:\/\/dsrmedios.com.ar\/diario\/wp-json\/wp\/v2\/types\/post"}],"author":[{"embeddable":true,"href":"http:\/\/dsrmedios.com.ar\/diario\/wp-json\/wp\/v2\/users\/8"}],"replies":[{"embeddable":true,"href":"http:\/\/dsrmedios.com.ar\/diario\/wp-json\/wp\/v2\/comments?post=42595"}],"version-history":[{"count":1,"href":"http:\/\/dsrmedios.com.ar\/diario\/wp-json\/wp\/v2\/posts\/42595\/revisions"}],"predecessor-version":[{"id":42608,"href":"http:\/\/dsrmedios.com.ar\/diario\/wp-json\/wp\/v2\/posts\/42595\/revisions\/42608"}],"wp:featuredmedia":[{"embeddable":true,"href":"http:\/\/dsrmedios.com.ar\/diario\/wp-json\/wp\/v2\/media\/42607"}],"wp:attachment":[{"href":"http:\/\/dsrmedios.com.ar\/diario\/wp-json\/wp\/v2\/media?parent=42595"}],"wp:term":[{"taxonomy":"category","embeddable":true,"href":"http:\/\/dsrmedios.com.ar\/diario\/wp-json\/wp\/v2\/categories?post=42595"},{"taxonomy":"post_tag","embeddable":true,"href":"http:\/\/dsrmedios.com.ar\/diario\/wp-json\/wp\/v2\/tags?post=42595"}],"curies":[{"name":"wp","href":"https:\/\/api.w.org\/{rel}","templated":true}]}}