{"id":42592,"date":"2024-01-09T14:45:03","date_gmt":"2024-01-09T17:45:03","guid":{"rendered":"http:\/\/dsrmedios.com.ar\/diario\/?p=42592"},"modified":"2024-01-09T14:46:05","modified_gmt":"2024-01-09T17:46:05","slug":"es-un-enfermo-quiso-matarme-dijo-el-ciclista-arrollado-en-la-vereda-centrica","status":"publish","type":"post","link":"http:\/\/dsrmedios.com.ar\/diario\/archivos\/42592","title":{"rendered":"\u201cEs un enfermo, quiso matarme\u201d, dijo el ciclista arrollado en la vereda c\u00e9ntrica en Bah\u00eda Blanca"},"content":{"rendered":"\n<p>Agust\u00edn Albenque a\u00fan sigue conmocionado y no es para menos. Ayer qued\u00f3 envuelto en un episodio de suma violencia ocurrido en pleno centro bahiense cuando, luego de una discusi\u00f3n de tr\u00e1nsito,&nbsp;<a href=\"https:\/\/www.labrujula24.com\/notas\/2024\/01\/10\/un-hombre-persiguio-a-un-ciclista-por-la-vereda-con-su-camioneta-y-lo-atropello-n344643\/\">fue atropellado sobre la vereda de calle Alsina al 300 por el conductor de una camioneta<\/a>&nbsp;\u2013identificado como Leandro Fabio Chiarad\u00eda\u2013 que, minutos despu\u00e9s, fue detenido.<\/p>\n\n\n\n<p>\u201cEstoy bien, recuper\u00e1ndome de a poco del politraumatismo de t\u00f3rax, tengo lesiones en las piernas y en un brazo. Estoy con calmantes, por suerte pudo venir mi familia desde Pig\u00fc\u00e9 porque hace dos a\u00f1os que vivo ac\u00e1. Hab\u00eda optado por no contarles, pero la Polic\u00eda les avis\u00f3\u201d, coment\u00f3 el joven en&nbsp;<strong>LA BR\u00daJULA 24<\/strong>.<\/p>\n\n\n\n<p>Y agreg\u00f3: \u201cVen\u00eda por Alsina, cerca del caf\u00e9 Havanna donde est\u00e1n los pilotes de cemento y las macetas. Este hombre me encerr\u00f3 y sufr\u00ed un golpe en la tibia y la rodilla. Empiezo a gritar e insultar para que frene. Me acerqu\u00e9 a su veh\u00edculo, le llegu\u00e9 a patear el espejo retrovisor para afuera pero no se lo romp\u00ed\u201d.<\/p>\n\n\n\n<p>\u201cSub\u00ed a la vereda, este persona hizo lo mismo. Escuch\u00e9 que aceler\u00f3 y me atropell\u00f3 desde Pura Vida hasta la florer\u00eda. Llegu\u00e9 a pararme y me volvi\u00f3 a pisar de nuevo, me arroll\u00f3 a la altura de las piernas y el pecho\u201d, sostuvo en otro segmento de la entrevista radial<\/p>\n\n\n\n<p>Luego, dispar\u00f3 contra quien le ocasion\u00f3 las serias lesiones: \u201cEs un enfermo. Nada justifica lo que hizo, quiso matarme. La car\u00e1tula es err\u00f3nea porque no es lesiones leves, fue una tentativa de homicidio porque dos veces me atropell\u00f3. Tambi\u00e9n choc\u00f3 a una se\u00f1ora mayor, sigui\u00f3 y volte\u00f3 todas las sillas del Caf\u00e9 Mart\u00ednez, llevando la bicicleta a la rastra porque su intenci\u00f3n fue darse a la fuga\u201d.<\/p>\n\n\n\n<p>\u201cComo no lo logr\u00f3, en la esquina alguien abri\u00f3 la puerta y le sac\u00f3 las manos del volante. La gente que estaba all\u00ed no lo alcanz\u00f3 a golpear. Con la adrenalina que ten\u00eda llegu\u00e9 a acercarme al veh\u00edculo, solo le dieron dos o tres pi\u00f1as hasta que lleg\u00f3 la Polic\u00eda. Esta ma\u00f1ana seguro que lo van a largar y va a quedar totalmente impune. No lo conozco, no s\u00e9 qui\u00e9n es\u201d, coment\u00f3, en el programa&nbsp;<strong>\u201cBah\u00eda Hoy\u201d<\/strong>.<\/p>\n\n\n\n<p>Sobre c\u00f3mo debe continuar su recuperaci\u00f3n, asegur\u00f3: \u201cTengo que hacerme resonancia en ambas piernas, por suerte no tengo ning\u00fan edema en el t\u00f3rax y los pulmones funcionan bien. Tuve sangrado por la boca y la nariz, por lo que debo hacerme una ecograf\u00eda. Lo importante es que se descartaron las hemorragias internas\u201d.<\/p>\n\n\n\n<p>\u201cNo me mat\u00f3 porque mi bicicleta aguant\u00f3 la presi\u00f3n brusca y el impacto, si estaba en una playera no la contaba. Agradezco a los que lo vieron y pueden salir de testigo porque no tengo apoyo de nadie. Trabajo de cocinero y no puedo trabajar, ese es mi sustento, estoy estudiando la carrera de chef, me dej\u00f3 arruinado en dos segundos\u201d, cerr\u00f3 Albenque.<\/p>\n\n\n\n<p>Fuente: Labrujula24<\/p>\n","protected":false},"excerpt":{"rendered":"<div class=\"mh-excerpt\"><p>Agust\u00edn Albenque a\u00fan sigue conmocionado y no es para menos. Ayer qued\u00f3 envuelto en un episodio de suma violencia ocurrido en pleno centro bahiense cuando, luego de una discusi\u00f3n de tr\u00e1nsito,&nbsp;fue atropellado sobre la vereda de calle Alsina al 300 por el conductor de una camioneta&nbsp;\u2013identificado como Leandro Fabio Chiarad\u00eda\u2013 que, minutos despu\u00e9s, fue detenido. \u201cEstoy bien, recuper\u00e1ndome de a poco del politraumatismo de t\u00f3rax, tengo lesiones en las piernas y en un brazo. Estoy con calmantes, por suerte pudo venir mi familia desde Pig\u00fc\u00e9 porque hace dos a\u00f1os que vivo ac\u00e1. Hab\u00eda optado por no contarles, pero la Polic\u00eda <a class=\"mh-excerpt-more\" href=\"http:\/\/dsrmedios.com.ar\/diario\/archivos\/42592\" title=\"\u201cEs un enfermo, quiso matarme\u201d, dijo el ciclista arrollado en la vereda c\u00e9ntrica en Bah\u00eda Blanca\">[Leer m\u00e1s]<\/a><\/p>\n<\/div>","protected":false},"author":8,"featured_media":42596,"comment_status":"open","ping_status":"closed","sticky":false,"template":"","format":"standard","meta":{"_jetpack_newsletter_access":""},"categories":[8],"tags":[],"jetpack_featured_media_url":"http:\/\/dsrmedios.com.ar\/diario\/wp-content\/uploads\/2024\/01\/camioneta-400x240-1.jpg","jetpack_sharing_enabled":true,"jetpack_shortlink":"https:\/\/wp.me\/p9fihK-b4Y","_links":{"self":[{"href":"http:\/\/dsrmedios.com.ar\/diario\/wp-json\/wp\/v2\/posts\/42592"}],"collection":[{"href":"http:\/\/dsrmedios.com.ar\/diario\/wp-json\/wp\/v2\/posts"}],"about":[{"href":"http:\/\/dsrmedios.com.ar\/diario\/wp-json\/wp\/v2\/types\/post"}],"author":[{"embeddable":true,"href":"http:\/\/dsrmedios.com.ar\/diario\/wp-json\/wp\/v2\/users\/8"}],"replies":[{"embeddable":true,"href":"http:\/\/dsrmedios.com.ar\/diario\/wp-json\/wp\/v2\/comments?post=42592"}],"version-history":[{"count":2,"href":"http:\/\/dsrmedios.com.ar\/diario\/wp-json\/wp\/v2\/posts\/42592\/revisions"}],"predecessor-version":[{"id":42598,"href":"http:\/\/dsrmedios.com.ar\/diario\/wp-json\/wp\/v2\/posts\/42592\/revisions\/42598"}],"wp:featuredmedia":[{"embeddable":true,"href":"http:\/\/dsrmedios.com.ar\/diario\/wp-json\/wp\/v2\/media\/42596"}],"wp:attachment":[{"href":"http:\/\/dsrmedios.com.ar\/diario\/wp-json\/wp\/v2\/media?parent=42592"}],"wp:term":[{"taxonomy":"category","embeddable":true,"href":"http:\/\/dsrmedios.com.ar\/diario\/wp-json\/wp\/v2\/categories?post=42592"},{"taxonomy":"post_tag","embeddable":true,"href":"http:\/\/dsrmedios.com.ar\/diario\/wp-json\/wp\/v2\/tags?post=42592"}],"curies":[{"name":"wp","href":"https:\/\/api.w.org\/{rel}","templated":true}]}}