{"id":42569,"date":"2024-01-07T09:28:37","date_gmt":"2024-01-07T12:28:37","guid":{"rendered":"http:\/\/dsrmedios.com.ar\/diario\/?p=42569"},"modified":"2024-01-07T09:28:40","modified_gmt":"2024-01-07T12:28:40","slug":"la-fifa-decidio-que-hara-con-la-confederacion-brasilena-de-futbol-tras-la-amenaza-de-desafiliacion","status":"publish","type":"post","link":"http:\/\/dsrmedios.com.ar\/diario\/archivos\/42569","title":{"rendered":"La FIFA decidi\u00f3 qu\u00e9 har\u00e1 con la Confederaci\u00f3n Brasile\u00f1a de F\u00fatbol, tras la amenaza de desafiliaci\u00f3n"},"content":{"rendered":"\n<p>Una comitiva de la<strong>\u00a0FIFA<\/strong>\u00a0visit\u00f3\u00a0<strong>Brasil\u00a0<\/strong>y asegur\u00f3 que\u00a0<strong>garantizar\u00e1 la \u201cautonom\u00eda\u201d de la\u00a0<\/strong><a rel=\"noreferrer noopener\" href=\"https:\/\/tn.com.ar\/deportes\/futbol\/2024\/01\/07\/la-seleccion-de-brasil-tiene-nuevo-entrenador-y-su-primer-gran-desafio-sera-la-copa-america-2024\/\" target=\"_blank\"><strong>Confederaci\u00f3n Brasile\u00f1a de F\u00fatbol (CBF)<\/strong><\/a><strong>,<\/strong>\u00a0en medio de las<a rel=\"noreferrer noopener\" href=\"https:\/\/tn.com.ar\/deportes\/futbol\/2023\/12\/26\/peligra-la-participacion-de-brasil-en-la-copa-america-las-eliminatorias-y-el-mundial-los-motivos\/\" target=\"_blank\"><strong>\u00a0turbulencias que vive la entidad en torno a su presidente<\/strong><\/a>, reci\u00e9n repuesto en el cargo.<\/p>\n\n\n\n<p>\u201c<strong>Estamos contentos y aliviados con la decisi\u00f3n del Supremo Tribunal Federal (STF) que restablece al presidente Ednaldo Rodrigues<\/strong>\u201d, dijo a periodistas Emilio Garc\u00eda, responsable jur\u00eddico de la FIFA, luego de una primera reuni\u00f3n en la sede de la asociaci\u00f3n brasile\u00f1a, en R\u00edo de Janeiro.<\/p>\n\n\n\n<p>D\u00edas atr\u00e1s&nbsp;<strong>la Justicia de ese pa\u00eds orden\u00f3 reponer a Rodrigues en el cargo<\/strong>, en medio de amenazas de la FIFA de aplicar sanciones contra el f\u00fatbol brasile\u00f1o. El Tribunal de Justicia de R\u00edo de Janeiro&nbsp;<strong>lo hab\u00eda apartado el pasado 7 de diciembre debido a la anulaci\u00f3n de las elecciones que lo llevaron al cargo en 2022<\/strong>.<\/p>\n\n\n\n<figure class=\"wp-block-image\"><img decoding=\"async\" src=\"https:\/\/tn.com.ar\/resizer\/V948vgJZwtAG88RMjRXn-LLqESw=\/767x0\/smart\/filters:format(webp)\/cloudfront-us-east-1.images.arcpublishing.com\/artear\/3OHZAA6PRRA2NLCPPUZME5SUQE.jpeg\" alt=\"En su regreso como presidente de la CBF Ednaldo Rodr\u00edguez decidi\u00f3 que el DT Fernando Diniz deje su cargo. (AFP)\"\/><figcaption class=\"wp-element-caption\">En su regreso como presidente de la CBF Ednaldo Rodr\u00edguez decidi\u00f3 que el DT Fernando Diniz deje su cargo. (AFP)<\/figcaption><\/figure>\n\n\n\n<p>La FIFA y la Conmebol pasaron entonces a advertir a la CBF de que no reconoc\u00edan al designado presidente interino y<strong>&nbsp;amenazaron con excluir a la \u201cCanarinha\u201d de las competiciones internacionales<\/strong>. A la vez, anunciaron la visita en Brasil para abordar la crisis.<\/p>\n\n\n\n<p>Garc\u00eda dijo ante la prensa que, antes del retorno de Rodrigues, exist\u00eda un&nbsp;<strong>\u201criesgo real\u201d&nbsp;<\/strong>de que la Selecci\u00f3n y los clubes fueran impedidos de participar en torneos internacionales.<\/p>\n\n\n\n<p>\u201cEstamos aqu\u00ed para garantizar la autonom\u00eda de la CBF y el cumplimiento de las normas (&#8230;) Vamos a seguir trabajando para que la presidencia de Ednaldo, elegido por el f\u00fatbol brasile\u00f1o, sea respetada\u201d, a\u00f1adi\u00f3 el responsable legal de la FIFA, quien anunci\u00f3 que mantendr\u00e1 diversas reuniones con miembros de la CBF.<\/p>\n\n\n\n<figure class=\"wp-block-image\"><img decoding=\"async\" src=\"https:\/\/tn.com.ar\/resizer\/4hOKlg2Clt5JRHHNhxNvIKPo1XA=\/767x0\/smart\/filters:format(webp)\/cloudfront-us-east-1.images.arcpublishing.com\/artear\/JOWSWUBVRNGPPJ2MI2SYLWKOLM.jpg\" alt=\"Brasil no fue sancionado por la FIFA y podr\u00e1 participar de las competencias internacionales. (AFP)\"\/><figcaption class=\"wp-element-caption\">Brasil no fue sancionado por la FIFA y podr\u00e1 participar de las competencias internacionales. (AFP)<\/figcaption><\/figure>\n\n\n\n<p>Junto a Garc\u00eda, Rodrigues dijo que&nbsp;<strong>el fallo de la m\u00e1xima corte fue \u201cmuy importante para el f\u00fatbol brasile\u00f1o\u201d.<\/strong><\/p>\n\n\n\n<p>\u201cEl f\u00fatbol brasile\u00f1o gana, no su presidente. Cuando el f\u00fatbol tiene la seguridad de que su autonom\u00eda fue restablecida y sus clubes van a cumplir las competencias internacionales a las que fueron clasificados y las Selecciones,en las competencias, eso es restablecer el f\u00fatbol brasile\u00f1o\u201d, asegur\u00f3.<\/p>\n\n\n\n<p>Tras su vuelta como presidente, Rodrigues\u00a0<strong>destituy\u00f3 al seleccionador Fernando Diniz<\/strong>, tras una racha de malos resultados. El Sao Paulo anunci\u00f3 el domingo que su entrenador, Dor\u00edval Junior, dejar\u00eda el cargo para asumir el mando de la Verdeamarela.<\/p>\n\n\n\n<p>Fuente: tn<\/p>\n","protected":false},"excerpt":{"rendered":"<div class=\"mh-excerpt\"><p>Una comitiva de la\u00a0FIFA\u00a0visit\u00f3\u00a0Brasil\u00a0y asegur\u00f3 que\u00a0garantizar\u00e1 la \u201cautonom\u00eda\u201d de la\u00a0Confederaci\u00f3n Brasile\u00f1a de F\u00fatbol (CBF),\u00a0en medio de las\u00a0turbulencias que vive la entidad en torno a su presidente, reci\u00e9n repuesto en el cargo. \u201cEstamos contentos y aliviados con la decisi\u00f3n del Supremo Tribunal Federal (STF) que restablece al presidente Ednaldo Rodrigues\u201d, dijo a periodistas Emilio Garc\u00eda, responsable jur\u00eddico de la FIFA, luego de una primera reuni\u00f3n en la sede de la asociaci\u00f3n brasile\u00f1a, en R\u00edo de Janeiro. D\u00edas atr\u00e1s&nbsp;la Justicia de ese pa\u00eds orden\u00f3 reponer a Rodrigues en el cargo, en medio de amenazas de la FIFA de aplicar sanciones contra el <a class=\"mh-excerpt-more\" href=\"http:\/\/dsrmedios.com.ar\/diario\/archivos\/42569\" title=\"La FIFA decidi\u00f3 qu\u00e9 har\u00e1 con la Confederaci\u00f3n Brasile\u00f1a de F\u00fatbol, tras la amenaza de desafiliaci\u00f3n\">[Leer m\u00e1s]<\/a><\/p>\n<\/div>","protected":false},"author":8,"featured_media":42570,"comment_status":"open","ping_status":"closed","sticky":false,"template":"","format":"standard","meta":{"_jetpack_newsletter_access":""},"categories":[2],"tags":[],"jetpack_featured_media_url":"http:\/\/dsrmedios.com.ar\/diario\/wp-content\/uploads\/2024\/01\/593495w850h476c.jpg.webp","jetpack_sharing_enabled":true,"jetpack_shortlink":"https:\/\/wp.me\/p9fihK-b4B","_links":{"self":[{"href":"http:\/\/dsrmedios.com.ar\/diario\/wp-json\/wp\/v2\/posts\/42569"}],"collection":[{"href":"http:\/\/dsrmedios.com.ar\/diario\/wp-json\/wp\/v2\/posts"}],"about":[{"href":"http:\/\/dsrmedios.com.ar\/diario\/wp-json\/wp\/v2\/types\/post"}],"author":[{"embeddable":true,"href":"http:\/\/dsrmedios.com.ar\/diario\/wp-json\/wp\/v2\/users\/8"}],"replies":[{"embeddable":true,"href":"http:\/\/dsrmedios.com.ar\/diario\/wp-json\/wp\/v2\/comments?post=42569"}],"version-history":[{"count":1,"href":"http:\/\/dsrmedios.com.ar\/diario\/wp-json\/wp\/v2\/posts\/42569\/revisions"}],"predecessor-version":[{"id":42571,"href":"http:\/\/dsrmedios.com.ar\/diario\/wp-json\/wp\/v2\/posts\/42569\/revisions\/42571"}],"wp:featuredmedia":[{"embeddable":true,"href":"http:\/\/dsrmedios.com.ar\/diario\/wp-json\/wp\/v2\/media\/42570"}],"wp:attachment":[{"href":"http:\/\/dsrmedios.com.ar\/diario\/wp-json\/wp\/v2\/media?parent=42569"}],"wp:term":[{"taxonomy":"category","embeddable":true,"href":"http:\/\/dsrmedios.com.ar\/diario\/wp-json\/wp\/v2\/categories?post=42569"},{"taxonomy":"post_tag","embeddable":true,"href":"http:\/\/dsrmedios.com.ar\/diario\/wp-json\/wp\/v2\/tags?post=42569"}],"curies":[{"name":"wp","href":"https:\/\/api.w.org\/{rel}","templated":true}]}}