{"id":42563,"date":"2024-01-07T09:24:40","date_gmt":"2024-01-07T12:24:40","guid":{"rendered":"http:\/\/dsrmedios.com.ar\/diario\/?p=42563"},"modified":"2024-01-07T09:24:42","modified_gmt":"2024-01-07T12:24:42","slug":"los-intendentes-ya-empiezan-a-tejer-redes-para-que-vuelvan-las-reelecciones-indefinidas","status":"publish","type":"post","link":"http:\/\/dsrmedios.com.ar\/diario\/archivos\/42563","title":{"rendered":"Los intendentes ya empiezan a tejer redes para que vuelvan las reelecciones indefinidas"},"content":{"rendered":"\n<p>La ley que limita las\u00a0<strong>reelecciones indefinidas<\/strong>\u00a0que fuera sancionada durante la gesti\u00f3n de\u00a0<strong>Mar\u00eda Eugenia Vidal<\/strong>\u00a0todav\u00eda sigue dando dolores de cabeza a los\u00a0<strong>intendentes\u00a0<\/strong>que, pese a que lograron reformarla y estirar la agon\u00eda algunos a\u00f1os, ya se ven acorralados por el paso del tiempo.<\/p>\n\n\n\n<p>Seg\u00fan pudo conocer INFOCIELO, ya empezaron a dar conversaciones entre los jefes comunales y algunos legisladores con la intenci\u00f3n de dar vuelta esa historia, aunque, advierten,\u00a0<strong>son de car\u00e1cter \u201cinformal\u201d<\/strong><\/p>\n\n\n\n<p><strong>\u201cSe habla, pero no est\u00e1n dadas las condiciones\u201d,<\/strong>&nbsp;admiti\u00f3 un hombre del PJ en di\u00e1logo con este medio. Lo que s\u00ed entienden los experimentados es que si el debate se da en la Legislatura,&nbsp;<strong>debe ser este a\u00f1o o en 2026<\/strong>, es decir, fuera de calendario electoral. \u201cSi no es as\u00ed, no lo control\u00e1s en la campa\u00f1a\u201d, a\u00f1adi\u00f3 la fuente.<\/p>\n\n\n\n<p>Si bien no hay ning\u00fan proyecto formal presentando y desde otros sectores&nbsp;<strong>se\u00f1alan que ser\u00eda \u201cmuy dif\u00edcil de modificar solo por necesidades pol\u00edticas\u201d,<\/strong>&nbsp;tampoco dan por finalizada esa batalla. A\u00fan as\u00ed, nadie se anima a hablar del tema porque la prioridad pasa por la crisis econ\u00f3mica, c\u00f3mo sortear la falta de recursos y los desaf\u00edos de cuatro a\u00f1os de gesti\u00f3n, pero todos miran de reojo el almanaque.<\/p>\n\n\n\n<figure class=\"wp-block-image\"><img decoding=\"async\" src=\"https:\/\/media.infocielo.com\/p\/9b1dc0f8543472606ffec8e3e2d3bd57\/adjuntos\/299\/imagenes\/001\/772\/0001772107\/887x0\/smart\/intendentes-pj-rosca-conurbanojpg.jpg\" alt=\"A todos los intendentes los beneficiar&iacute;a eliminar la ley que limita las reelecciones indefinidas\" title=\"A todos los intendentes los beneficiar&iacute;a eliminar la ley que limita las reelecciones indefinidas\"\/><\/figure>\n\n\n\n<p>A todos los intendentes los beneficiar\u00eda eliminar la ley que limita las reelecciones indefinidas<\/p>\n\n\n\n<p>En esa l\u00ednea, uno de los legisladores consultados se\u00f1al\u00f3 que no un tema que se pueda tratar \u201cde forma descolgada\u201d. Por esto,&nbsp;<strong>podr\u00eda \u201ccolarse\u201d con la discusi\u00f3n respecto de la implementaci\u00f3n de boleta \u00fanica en papel<\/strong>&nbsp;que ya se discute a nivel nacional y tiene su r\u00e9plica en la Provincia de Buenos Aires.<\/p>\n\n\n\n<p>Hay que decirlo: el tema no es potestad del peronismo porque en la oposici\u00f3n tambi\u00e9n hay dirigentes de amplia trayectoria como el mandam\u00e1s de Tandil, el radical&nbsp;<strong>Miguel Lunghi<\/strong>, quien es intendente desde 2003 y desde entonces fue ratificado sucesivamente en el cargo. \u201cSeguramente los radicales tienen la misma inquietud\u201d, desliz\u00f3 un dirigente peronista de peso.<\/p>\n\n\n\n<p>Vale recordar que, con la reforma que se gest\u00f3 gracias a la uni\u00f3n del peronismo -el massismo se opuso por ser autor de la normativa-, la UCR y parte del PRO los legisladores provinciales, concejales o intendentes que fueron electos en 2017, 2019 y 2021 quedaron habilitados a presentarse en 2023, por lo que&nbsp;<strong>el l\u00edmite los alcanzar\u00eda en 2027<\/strong>.<\/p>\n\n\n\n<h2>La ley de Vidal y la trampa para esquivarla que llev\u00f3 a la reforma<\/h2>\n\n\n\n<p>La Ley 14.836 sancionada en 2017 y que Cambiemos festej\u00f3 con bombos y platillos, marcaba que &#8220;durar\u00e1n en sus funciones el t\u00e9rmino de cuatro (4) a\u00f1os y podr\u00e1n ser reelectos por un nuevo per\u00edodo&#8221;, pero aclarando que &#8220;si han sido reelectos no podr\u00e1n ser elegidos en el mismo cargo, sino con intervalo de un per\u00edodo&#8221;. Pero<a href=\"https:\/\/infocielo.com\/politica-y-economia\/joaquin-la-torre-borra-el-codo-lo-que-escribio-la-mano-n728130\" target=\"_blank\" rel=\"noreferrer noopener\">&nbsp;hab\u00eda una trampa<\/a>.<\/p>\n\n\n\n<p>Es que los intendentes pod\u00edan volver a sus municipios siempre que dejaran el cargo antes de ocupar dos a\u00f1os del segundo mandato. Esto fue posible por un agregado que introdujo en el decreto reglamentario de la ley Mar\u00eda Eugenia Vidal de la mano de su entonces ministro de Gobierno,&nbsp;<strong>Joaqu\u00edn de la Torre<\/strong>.<\/p>\n\n\n\n<figure class=\"wp-block-image\"><img decoding=\"async\" src=\"https:\/\/media.infocielo.com\/p\/18e5fd71cc40d1a114d4153f69f95913\/adjuntos\/299\/imagenes\/001\/770\/0001770982\/887x0\/smart\/legislatura-hubo-avances-y-habria-luz-verde-la-sesion-la-ley-impositiva-y-el-endeudamiento-.jpg\" alt=\"Legislatura: Hubo avances y habr\u00eda luz verde para la sesi\u00f3n por la ley impositiva y el endeudamiento  \" title=\"Legislatura: Hubo avances y habr\u00eda luz verde para la sesi\u00f3n por la ley impositiva y el endeudamiento  \"\/><\/figure>\n\n\n\n<p>Legislatura: Hubo avances y habr\u00eda luz verde para la sesi\u00f3n por la ley impositiva y el endeudamiento<\/p>\n\n\n\n<p>\u201cDeterminar que la prohibici\u00f3n de reelecci\u00f3n para un tercer mandato consecutivo establecida en los art\u00edculos 3\u00b0 del Decreto-Ley N\u00b0 6769\/58, 148\u00b0 de la Ley N\u00b0 13688 y 13\u00b0 bis de la Ley N\u00b0 5109 -todos ellos en los t\u00e9rminos de la Ley N\u00b0 14836-, abarca a quienes habiendo sido reelectos en el mismo cargo para un segundo mandato consecutivo, hayan asumido sus funciones y ejercido por m\u00e1s de dos (2) a\u00f1os, continuos o alternados\u201d, se le\u00eda.<\/p>\n\n\n\n<p><a rel=\"noreferrer noopener\" href=\"https:\/\/infocielo.com\/politica-y-economia\/reelecciones-indefinidas-ganaron-los-intendentes-perdio-vidal-n728365\" target=\"_blank\">Finalmente, la rosca se impuso<\/a>\u00a0y a fines de 2021, mientras se trataba el segundo Presupuesto de Axel Kicillof, las modificaciones a las reelecciones indefinidas fueron aprobadas.<\/p>\n\n\n\n<p>Fuente: Infocielo<\/p>\n","protected":false},"excerpt":{"rendered":"<div class=\"mh-excerpt\"><p>La ley que limita las\u00a0reelecciones indefinidas\u00a0que fuera sancionada durante la gesti\u00f3n de\u00a0Mar\u00eda Eugenia Vidal\u00a0todav\u00eda sigue dando dolores de cabeza a los\u00a0intendentes\u00a0que, pese a que lograron reformarla y estirar la agon\u00eda algunos a\u00f1os, ya se ven acorralados por el paso del tiempo. Seg\u00fan pudo conocer INFOCIELO, ya empezaron a dar conversaciones entre los jefes comunales y algunos legisladores con la intenci\u00f3n de dar vuelta esa historia, aunque, advierten,\u00a0son de car\u00e1cter \u201cinformal\u201d \u201cSe habla, pero no est\u00e1n dadas las condiciones\u201d,&nbsp;admiti\u00f3 un hombre del PJ en di\u00e1logo con este medio. Lo que s\u00ed entienden los experimentados es que si el debate se da <a class=\"mh-excerpt-more\" href=\"http:\/\/dsrmedios.com.ar\/diario\/archivos\/42563\" title=\"Los intendentes ya empiezan a tejer redes para que vuelvan las reelecciones indefinidas\">[Leer m\u00e1s]<\/a><\/p>\n<\/div>","protected":false},"author":8,"featured_media":42567,"comment_status":"open","ping_status":"closed","sticky":false,"template":"","format":"standard","meta":{"_jetpack_newsletter_access":""},"categories":[6],"tags":[],"jetpack_featured_media_url":"http:\/\/dsrmedios.com.ar\/diario\/wp-content\/uploads\/2024\/01\/axel-kicillof-e-intendentes-uxp-peronistasjfif.webp","jetpack_sharing_enabled":true,"jetpack_shortlink":"https:\/\/wp.me\/p9fihK-b4v","_links":{"self":[{"href":"http:\/\/dsrmedios.com.ar\/diario\/wp-json\/wp\/v2\/posts\/42563"}],"collection":[{"href":"http:\/\/dsrmedios.com.ar\/diario\/wp-json\/wp\/v2\/posts"}],"about":[{"href":"http:\/\/dsrmedios.com.ar\/diario\/wp-json\/wp\/v2\/types\/post"}],"author":[{"embeddable":true,"href":"http:\/\/dsrmedios.com.ar\/diario\/wp-json\/wp\/v2\/users\/8"}],"replies":[{"embeddable":true,"href":"http:\/\/dsrmedios.com.ar\/diario\/wp-json\/wp\/v2\/comments?post=42563"}],"version-history":[{"count":1,"href":"http:\/\/dsrmedios.com.ar\/diario\/wp-json\/wp\/v2\/posts\/42563\/revisions"}],"predecessor-version":[{"id":42568,"href":"http:\/\/dsrmedios.com.ar\/diario\/wp-json\/wp\/v2\/posts\/42563\/revisions\/42568"}],"wp:featuredmedia":[{"embeddable":true,"href":"http:\/\/dsrmedios.com.ar\/diario\/wp-json\/wp\/v2\/media\/42567"}],"wp:attachment":[{"href":"http:\/\/dsrmedios.com.ar\/diario\/wp-json\/wp\/v2\/media?parent=42563"}],"wp:term":[{"taxonomy":"category","embeddable":true,"href":"http:\/\/dsrmedios.com.ar\/diario\/wp-json\/wp\/v2\/categories?post=42563"},{"taxonomy":"post_tag","embeddable":true,"href":"http:\/\/dsrmedios.com.ar\/diario\/wp-json\/wp\/v2\/tags?post=42563"}],"curies":[{"name":"wp","href":"https:\/\/api.w.org\/{rel}","templated":true}]}}