{"id":42562,"date":"2024-01-07T09:22:16","date_gmt":"2024-01-07T12:22:16","guid":{"rendered":"http:\/\/dsrmedios.com.ar\/diario\/?p=42562"},"modified":"2024-01-07T09:35:07","modified_gmt":"2024-01-07T12:35:07","slug":"te-invitamos-a-sumarte-al-desfile-de-instituciones-en-el-aniversario-de-carhue","status":"publish","type":"post","link":"http:\/\/dsrmedios.com.ar\/diario\/archivos\/42562","title":{"rendered":"Te invitamos a sumarte al Desfile de Instituciones en el Aniversario de Carhu\u00e9"},"content":{"rendered":"\n<p>El s\u00e1bado 20 de enero se festejar\u00e1n los 147 a\u00f1os de la localidad de Carhu\u00e9 con un desfile por las calles del centro de Instituciones y Agrupaciones. Desde la Secretar\u00eda de Cultura y Educaci\u00f3n de Adolfo Alsina te invitamos a ser parte del representativo Desfile Aniversario.<\/p>\n\n\n\n<p>Para ello s\u00f3lo ten\u00e9s que comunicarte al (2923) 44 &#8211; 3784<\/p>\n","protected":false},"excerpt":{"rendered":"<div class=\"mh-excerpt\"><p>El s\u00e1bado 20 de enero se festejar\u00e1n los 147 a\u00f1os de la localidad de Carhu\u00e9 con un desfile por las calles del centro de Instituciones y Agrupaciones. Desde la Secretar\u00eda de Cultura y Educaci\u00f3n de Adolfo Alsina te invitamos a ser parte del representativo Desfile Aniversario. Para ello s\u00f3lo ten\u00e9s que comunicarte al (2923) 44 &#8211; 3784<\/p>\n<\/div>","protected":false},"author":8,"featured_media":42564,"comment_status":"open","ping_status":"closed","sticky":false,"template":"","format":"standard","meta":{"_jetpack_newsletter_access":""},"categories":[18,31,5],"tags":[],"jetpack_featured_media_url":"http:\/\/dsrmedios.com.ar\/diario\/wp-content\/uploads\/2024\/01\/descarga-26.jpeg","jetpack_sharing_enabled":true,"jetpack_shortlink":"https:\/\/wp.me\/p9fihK-b4u","_links":{"self":[{"href":"http:\/\/dsrmedios.com.ar\/diario\/wp-json\/wp\/v2\/posts\/42562"}],"collection":[{"href":"http:\/\/dsrmedios.com.ar\/diario\/wp-json\/wp\/v2\/posts"}],"about":[{"href":"http:\/\/dsrmedios.com.ar\/diario\/wp-json\/wp\/v2\/types\/post"}],"author":[{"embeddable":true,"href":"http:\/\/dsrmedios.com.ar\/diario\/wp-json\/wp\/v2\/users\/8"}],"replies":[{"embeddable":true,"href":"http:\/\/dsrmedios.com.ar\/diario\/wp-json\/wp\/v2\/comments?post=42562"}],"version-history":[{"count":2,"href":"http:\/\/dsrmedios.com.ar\/diario\/wp-json\/wp\/v2\/posts\/42562\/revisions"}],"predecessor-version":[{"id":42578,"href":"http:\/\/dsrmedios.com.ar\/diario\/wp-json\/wp\/v2\/posts\/42562\/revisions\/42578"}],"wp:featuredmedia":[{"embeddable":true,"href":"http:\/\/dsrmedios.com.ar\/diario\/wp-json\/wp\/v2\/media\/42564"}],"wp:attachment":[{"href":"http:\/\/dsrmedios.com.ar\/diario\/wp-json\/wp\/v2\/media?parent=42562"}],"wp:term":[{"taxonomy":"category","embeddable":true,"href":"http:\/\/dsrmedios.com.ar\/diario\/wp-json\/wp\/v2\/categories?post=42562"},{"taxonomy":"post_tag","embeddable":true,"href":"http:\/\/dsrmedios.com.ar\/diario\/wp-json\/wp\/v2\/tags?post=42562"}],"curies":[{"name":"wp","href":"https:\/\/api.w.org\/{rel}","templated":true}]}}