{"id":42557,"date":"2024-01-07T09:19:05","date_gmt":"2024-01-07T12:19:05","guid":{"rendered":"http:\/\/dsrmedios.com.ar\/diario\/?p=42557"},"modified":"2024-01-07T09:19:08","modified_gmt":"2024-01-07T12:19:08","slug":"el-gobierno-de-kicillof-busca-cerrar-la-paritaria-2023-con-docentes-y-estatales-en-un-escenario-de-complejidad-economica","status":"publish","type":"post","link":"http:\/\/dsrmedios.com.ar\/diario\/archivos\/42557","title":{"rendered":"El gobierno de Kicillof busca cerrar la paritaria 2023 con docentes y estatales en un escenario de complejidad econ\u00f3mica"},"content":{"rendered":"\n<p>El gobierno de la provincia de Buenos Aires reanudar\u00e1 este martes las negociaciones paritarias con los gremios docentes y estatales enrolados en la ley provincial 10.430,<strong>\u00a0con el objetivo de cerrar la discusi\u00f3n salarial del 2023<\/strong>, tras el pedido formal del sector de reabrir la negociaci\u00f3n producto de la devaluaci\u00f3n y la escalada inflacionaria del \u00faltimo mes.<a rel=\"noreferrer noopener\" href=\"https:\/\/www.infobae.com\/politica\/2024\/01\/09\/las-medidas-del-gobierno-de-milei-en-vivo-todas-las-noticias-minuto-a-minuto\/\" target=\"_blank\"><\/a><\/p>\n\n\n\n<p>El encuentro ser\u00e1 en dos tramos. Primero, representantes del gobierno recibir\u00e1n a los gremios docentes en la sede del ministerio de Trabajo bonaerense del centro de la ciudad de La Plata, ubicada en calle 7; mientras que pasadas las 15 ser\u00e1 el turno de los trabajadores de la administraci\u00f3n p\u00fablica.<\/p>\n\n\n\n<p><strong>Ambos sectores llegan a la mesa con el mismo pedido: la recomposici\u00f3n salarial del 2023,<\/strong>\u00a0ya que el \u00faltimo encuentro entre los gremios y el propio Kicillof hab\u00eda sido el 21 de diciembre y no hubo ofrecimiento alguno.<a rel=\"noreferrer noopener\" href=\"https:\/\/www.infobae.com\/politica\/2024\/01\/09\/el-gobierno-abre-el-debate-de-la-ley-omnibus-predispuesto-a-las-modificaciones-para-lograr-el-apoyo-de-la-oposicion\/\" target=\"_blank\"><\/a><\/p>\n\n\n\n<p>En esa reuni\u00f3n de car\u00e1cter informal, el mandatario dijo que la reapertura de paritarias para cerrar el 2023 -que deb\u00eda realizarse en diciembre ante el escenario econ\u00f3mico que empezaba a plantearse con las medidas del gobierno nacional- pasar\u00eda al mes de enero. S\u00ed garantiz\u00f3 el pago de salarios y aguinaldos. En esa mesa, el gobernador tambi\u00e9n le plante\u00f3 a los principales referentes sindicales su preocupaci\u00f3n por el impacto que tendr\u00edan sobre la provincia de Buenos Aires las medidas que evaluaba el gobierno de&nbsp;<a rel=\"noreferrer noopener\" href=\"https:\/\/www.infobae.com\/tag\/javier-milei\/\" target=\"_blank\"><em><strong>Javier Milei&nbsp;<\/strong><\/em><\/a>y que luego se materializaron en el DNU y la Ley \u00d3mnibus.<\/p>\n\n\n\n<p><img decoding=\"async\" loading=\"lazy\" alt=\"El presidente Javier Milei descendiendo en R\u00edo Gallegos (Santa Cruz) en el marco de su viaje a la Ant\u00e1rtida \" height=\"1080\" width=\"1920\" src=\"https:\/\/www.infobae.com\/new-resizer\/LyrT9LP7DcUAYahSVFMLhoaeyAc=\/420x236\/filters:format(webp):quality(85)\/cloudfront-us-east-1.images.arcpublishing.com\/infobae\/LEGO7POSRZBXTIP3HJSPI63BPY.jpg%20420w\" srcset=\"https:\/\/www.infobae.com\/new-resizer\/LyrT9LP7DcUAYahSVFMLhoaeyAc=\/420x236\/filters:format(webp):quality(85)\/cloudfront-us-east-1.images.arcpublishing.com\/infobae\/LEGO7POSRZBXTIP3HJSPI63BPY.jpg 420w,https:\/\/www.infobae.com\/new-resizer\/HffSWvLI7Gob_QhoaGfCMLerCSM=\/768x432\/filters:format(webp):quality(85)\/cloudfront-us-east-1.images.arcpublishing.com\/infobae\/LEGO7POSRZBXTIP3HJSPI63BPY.jpg 768w,https:\/\/www.infobae.com\/new-resizer\/mfZAJ_hrcPFwqPwtia00XgryhTA=\/992x558\/filters:format(webp):quality(85)\/cloudfront-us-east-1.images.arcpublishing.com\/infobae\/LEGO7POSRZBXTIP3HJSPI63BPY.jpg 992w,https:\/\/www.infobae.com\/new-resizer\/3IaGHl9gWQBqMWEmLkhgace6zNQ=\/1200x675\/filters:format(webp):quality(85)\/cloudfront-us-east-1.images.arcpublishing.com\/infobae\/LEGO7POSRZBXTIP3HJSPI63BPY.jpg 1200w,https:\/\/www.infobae.com\/new-resizer\/-e8ENn79wBU4FfSQteGSJ-IiUiI=\/1440x810\/filters:format(webp):quality(85)\/cloudfront-us-east-1.images.arcpublishing.com\/infobae\/LEGO7POSRZBXTIP3HJSPI63BPY.jpg 1440w\">El presidente Javier Milei descendiendo en R\u00edo Gallegos (Santa Cruz) en el marco de su viaje a la Ant\u00e1rtida<\/p>\n\n\n\n<p><strong>Los gremios siempre han tenido una buena sinton\u00eda pol\u00edtica con el Ejecutivo bonaerense.<\/strong>\u00a0En cuatro a\u00f1os de gobierno, los salarios estuvieron hasta ahora por encima de la inflaci\u00f3n y los referentes sindicales respondieron con un contundente apoyo pol\u00edtico a lo que fue la reelecci\u00f3n de Kicillof en la provincia.\u00a0<strong>Nunca hubo un paro.<\/strong><a rel=\"noreferrer noopener\" href=\"https:\/\/www.infobae.com\/politica\/2024\/01\/09\/el-gobierno-abre-el-debate-de-la-ley-omnibus-predispuesto-a-las-modificaciones-para-lograr-el-apoyo-de-la-oposicion\/\" target=\"_blank\"><\/a><\/p>\n\n\n\n<p>Sin embargo, apremiados por la devaluaci\u00f3n, el gremio de la Asociaci\u00f3n de Trabajadores Estatales (ATE) viene empujando el pedido de reapertura paritaria. Un pedido al que tambi\u00e9n se sum\u00f3 UPCN. \u201cDesde ATE provincia de Buenos Aires estamos pidiendo de manera urgente la convocatoria a paritarias, ya que el<strong>&nbsp;compromiso del gobierno fue que a la brevedad rediscutir el aumento salarial para diciembre del 2023<\/strong>\u2033, plante\u00f3 la semana pasada el secretario general,&nbsp;<strong>Claudio Ar\u00e9valo.<\/strong><\/p>\n\n\n\n<p><strong>El \u00faltimo acuerdo salarial&nbsp;<\/strong>que los gremios hab\u00edan cerrado con la administraci\u00f3n bonaerense&nbsp;<strong>fue en noviembre del 2023<\/strong>. En esa instancia, el gobierno de Kicillof asegur\u00f3&nbsp;<strong>un incremento del 25% promedio<\/strong>, para llegar a una suba salarial que iba a la par de la inflaci\u00f3n y rondaba el 127%.<\/p>\n\n\n\n<p>Sin embargo, m\u00e1s all\u00e1 de la negociaci\u00f3n,&nbsp;<strong>los gremios son un punto de apoyo en el reclamo de Kicillof en lo que refiere a la coparticipaci\u00f3n federal<\/strong>. As\u00ed lo dejaron sentado en los escritos que giraron semanas atr\u00e1s al ministerio de trabajo para reclamar la reapertura paritaria.<\/p>\n\n\n\n<p>\u201cSi no se modifica la transferencia por coparticipaci\u00f3n es inviable una provincia con un 50% de la poblaci\u00f3n del pa\u00eds. Tenemos realidades muy dif\u00edciles<strong>. El gran problema estructural de la provincia es la coparticipaci\u00f3n, produce el 40% y el retorno es un 22%<\/strong>\u201d, asegur\u00f3 el secretario gremial de UPCN,&nbsp;<strong>Juan Mart\u00edn Oyarzabal,&nbsp;<\/strong>en declaraciones a radio&nbsp;<em>La Cielo<\/em>&nbsp;en la antesala de la reuni\u00f3n. Conducido por&nbsp;<strong>Fabiola Mosquera<\/strong>, UPCN es uno de los gremios estatales de mayor volumen en territorio bonaerense.<\/p>\n\n\n\n<p><img decoding=\"async\" loading=\"lazy\" alt=\"La titular de UPCN, Fabiola Mosquera, junto a los representantes docentes, Roberto Baradel (Suteba) y Alejandro Salcedo (Udocba) (Gobierno PBA)\" height=\"1080\" width=\"1920\" src=\"https:\/\/www.infobae.com\/new-resizer\/ua9P-5VwvCYH_dbRVDgGfowIzeg=\/420x236\/filters:format(webp):quality(85)\/cloudfront-us-east-1.images.arcpublishing.com\/infobae\/LYGDAFROCFANHF2QIUQYNN7CWQ.jpg%20420w\" srcset=\"https:\/\/www.infobae.com\/new-resizer\/ua9P-5VwvCYH_dbRVDgGfowIzeg=\/420x236\/filters:format(webp):quality(85)\/cloudfront-us-east-1.images.arcpublishing.com\/infobae\/LYGDAFROCFANHF2QIUQYNN7CWQ.jpg 420w,https:\/\/www.infobae.com\/new-resizer\/aAkNJkmDReVk12hGVpCJM0n3KBU=\/768x432\/filters:format(webp):quality(85)\/cloudfront-us-east-1.images.arcpublishing.com\/infobae\/LYGDAFROCFANHF2QIUQYNN7CWQ.jpg 768w,https:\/\/www.infobae.com\/new-resizer\/U2ZwilPGzoZv1v1TLqWfQYmxF_g=\/992x558\/filters:format(webp):quality(85)\/cloudfront-us-east-1.images.arcpublishing.com\/infobae\/LYGDAFROCFANHF2QIUQYNN7CWQ.jpg 992w,https:\/\/www.infobae.com\/new-resizer\/cmr7ZYmaKo6PcdWH7OQGd_azVOQ=\/1200x675\/filters:format(webp):quality(85)\/cloudfront-us-east-1.images.arcpublishing.com\/infobae\/LYGDAFROCFANHF2QIUQYNN7CWQ.jpg 1200w,https:\/\/www.infobae.com\/new-resizer\/9sWJoVR917ozkD8Ao_53a4nms5k=\/1440x810\/filters:format(webp):quality(85)\/cloudfront-us-east-1.images.arcpublishing.com\/infobae\/LYGDAFROCFANHF2QIUQYNN7CWQ.jpg 1440w\">La titular de UPCN, Fabiola Mosquera, junto a los representantes docentes, Roberto Baradel (Suteba) y Alejandro Salcedo (Udocba) (Gobierno PBA)<\/p>\n\n\n\n<p>El otro es ATE, que tambi\u00e9n plante\u00f3 dentro de la negociaci\u00f3n en curso el<strong>\u00a0reclamo de la coparticipaci\u00f3n hacia el gobierno nacional<\/strong>. En la misiva que elev\u00f3 al gobierno bonaerense plante\u00f3 que adem\u00e1s de la recomposici\u00f3n salarial\u00a0<strong>tambi\u00e9n era imperioso plantear la reforma de la ley de Coparticipaci\u00f3n nacional<\/strong>, la estabilidad laboral en la provincia, la reducci\u00f3n de la jornada laboral, un convenio colectivo de trabajo, as\u00ed como la convocatoria a las mesas t\u00e9cnicas sectoriales.<\/p>\n\n\n\n<p>En las \u00faltimas horas, el ministro de Econom\u00eda de la provincia de Buenos Aires,&nbsp;<strong>Pablo L\u00f3pez<\/strong>, volvi\u00f3 a poner sobre la mesa la distribuci\u00f3n de fondos nacionales hacia la provincia; esta vez desde la recaudaci\u00f3n tributaria nacional. En La Plata interpretan que si efectivamente se recortan todas las transferencias que no son autom\u00e1ticas la provincia podr\u00e1 hacer frente al pago de salarios \u201cy no mucho m\u00e1s\u201d.<\/p>\n\n\n\n<p>\u201cEn 2023, la recaudaci\u00f3n nacional super\u00f3 los $46 billones. De ese total, la Provincia contribuy\u00f3 con el 38% -es decir $17,7 billones-. Sin embargo, en la reasignaci\u00f3n de recursos, la participaci\u00f3n bonaerense cae al 7% del total y 22,5% si consideramos \u00fanicamente la porci\u00f3n de las provincias ($3,2 b). La contribuci\u00f3n bonaerense a la recaudaci\u00f3n nacional est\u00e1 en l\u00ednea con su peso productivo y demogr\u00e1fico, pero es ampliamente desproporcional a su coeficiente de coparticipaci\u00f3n\u201d, agreg\u00f3 L\u00f3pez en un mensaje difundido en sus redes este lunes.<\/p>\n\n\n\n<p><img decoding=\"async\" loading=\"lazy\" alt=\"El ministro de Econom\u00eda bonaerense, Pablo L\u00f3pez junto a Kicillof (foto: Gobierno PBA)\" height=\"1080\" width=\"1920\" src=\"https:\/\/www.infobae.com\/new-resizer\/XW9qpOrMIvtaPFGZqJf1kPETrg8=\/420x236\/filters:format(webp):quality(85)\/cloudfront-us-east-1.images.arcpublishing.com\/infobae\/EUYXYACTFZHVPOJJF6NZ2ZO4S4.jpg%20420w\" srcset=\"https:\/\/www.infobae.com\/new-resizer\/XW9qpOrMIvtaPFGZqJf1kPETrg8=\/420x236\/filters:format(webp):quality(85)\/cloudfront-us-east-1.images.arcpublishing.com\/infobae\/EUYXYACTFZHVPOJJF6NZ2ZO4S4.jpg 420w,https:\/\/www.infobae.com\/new-resizer\/6J7AcsvCHZKViCndk_sbJ1tEJ04=\/768x432\/filters:format(webp):quality(85)\/cloudfront-us-east-1.images.arcpublishing.com\/infobae\/EUYXYACTFZHVPOJJF6NZ2ZO4S4.jpg 768w,https:\/\/www.infobae.com\/new-resizer\/ivpsUWCzzCY9GsRJLRfUGpuTatw=\/992x558\/filters:format(webp):quality(85)\/cloudfront-us-east-1.images.arcpublishing.com\/infobae\/EUYXYACTFZHVPOJJF6NZ2ZO4S4.jpg 992w,https:\/\/www.infobae.com\/new-resizer\/o4tPzq4bSBtuug--XYQGOYk30R8=\/1200x675\/filters:format(webp):quality(85)\/cloudfront-us-east-1.images.arcpublishing.com\/infobae\/EUYXYACTFZHVPOJJF6NZ2ZO4S4.jpg 1200w,https:\/\/www.infobae.com\/new-resizer\/BczQwfypCjZA7UrUpTbTCKj-bVk=\/1440x810\/filters:format(webp):quality(85)\/cloudfront-us-east-1.images.arcpublishing.com\/infobae\/EUYXYACTFZHVPOJJF6NZ2ZO4S4.jpg 1440w\">El ministro de Econom\u00eda bonaerense, Pablo L\u00f3pez junto a Kicillof (foto: Gobierno PBA)<\/p>\n\n\n\n<p>Tambi\u00e9n plante\u00f3 que \u201clas transferencias nacionales est\u00e1n muy lejos de revertir el perjuicio estructural que representa la coparticipaci\u00f3n\u201d. \u201cEn 2023, nuevamente fue la provincia con menor disponibilidad de recursos per c\u00e1pita, con $400.000, cuando el resto cont\u00f3 en promedio con $750.000\u2033, complet\u00f3.<\/p>\n\n\n\n<p>En lo que refiere a la negociaci\u00f3n paritaria,\u00a0<strong>una de las novedades es el pedido para la reducci\u00f3n de la jornada laboral<\/strong>. Los gremios buscan llevarla a un promedio de 30 o 36 horas semanales. Si bien el tema estuvo dentro de la agenda 2023 e incluso en el debate electoral, con el nuevo gobierno nacional la discusi\u00f3n qued\u00f3 un tanto sepultada y los sindicatos buscan retomarla desde la sinton\u00eda con la gesti\u00f3n de Kicillof.<\/p>\n\n\n\n<p>Fuente: Infobae<\/p>\n","protected":false},"excerpt":{"rendered":"<div class=\"mh-excerpt\"><p>El gobierno de la provincia de Buenos Aires reanudar\u00e1 este martes las negociaciones paritarias con los gremios docentes y estatales enrolados en la ley provincial 10.430,\u00a0con el objetivo de cerrar la discusi\u00f3n salarial del 2023, tras el pedido formal del sector de reabrir la negociaci\u00f3n producto de la devaluaci\u00f3n y la escalada inflacionaria del \u00faltimo mes. El encuentro ser\u00e1 en dos tramos. Primero, representantes del gobierno recibir\u00e1n a los gremios docentes en la sede del ministerio de Trabajo bonaerense del centro de la ciudad de La Plata, ubicada en calle 7; mientras que pasadas las 15 ser\u00e1 el turno de <a class=\"mh-excerpt-more\" href=\"http:\/\/dsrmedios.com.ar\/diario\/archivos\/42557\" title=\"El gobierno de Kicillof busca cerrar la paritaria 2023 con docentes y estatales en un escenario de complejidad econ\u00f3mica\">[Leer m\u00e1s]<\/a><\/p>\n<\/div>","protected":false},"author":8,"featured_media":33910,"comment_status":"open","ping_status":"closed","sticky":false,"template":"","format":"standard","meta":{"_jetpack_newsletter_access":""},"categories":[7],"tags":[],"jetpack_featured_media_url":"http:\/\/dsrmedios.com.ar\/diario\/wp-content\/uploads\/2023\/05\/p14-axel-kicillof-n_optjpeg.jpeg","jetpack_sharing_enabled":true,"jetpack_shortlink":"https:\/\/wp.me\/p9fihK-b4p","_links":{"self":[{"href":"http:\/\/dsrmedios.com.ar\/diario\/wp-json\/wp\/v2\/posts\/42557"}],"collection":[{"href":"http:\/\/dsrmedios.com.ar\/diario\/wp-json\/wp\/v2\/posts"}],"about":[{"href":"http:\/\/dsrmedios.com.ar\/diario\/wp-json\/wp\/v2\/types\/post"}],"author":[{"embeddable":true,"href":"http:\/\/dsrmedios.com.ar\/diario\/wp-json\/wp\/v2\/users\/8"}],"replies":[{"embeddable":true,"href":"http:\/\/dsrmedios.com.ar\/diario\/wp-json\/wp\/v2\/comments?post=42557"}],"version-history":[{"count":1,"href":"http:\/\/dsrmedios.com.ar\/diario\/wp-json\/wp\/v2\/posts\/42557\/revisions"}],"predecessor-version":[{"id":42558,"href":"http:\/\/dsrmedios.com.ar\/diario\/wp-json\/wp\/v2\/posts\/42557\/revisions\/42558"}],"wp:featuredmedia":[{"embeddable":true,"href":"http:\/\/dsrmedios.com.ar\/diario\/wp-json\/wp\/v2\/media\/33910"}],"wp:attachment":[{"href":"http:\/\/dsrmedios.com.ar\/diario\/wp-json\/wp\/v2\/media?parent=42557"}],"wp:term":[{"taxonomy":"category","embeddable":true,"href":"http:\/\/dsrmedios.com.ar\/diario\/wp-json\/wp\/v2\/categories?post=42557"},{"taxonomy":"post_tag","embeddable":true,"href":"http:\/\/dsrmedios.com.ar\/diario\/wp-json\/wp\/v2\/tags?post=42557"}],"curies":[{"name":"wp","href":"https:\/\/api.w.org\/{rel}","templated":true}]}}