{"id":42552,"date":"2024-01-07T09:17:56","date_gmt":"2024-01-07T12:17:56","guid":{"rendered":"http:\/\/dsrmedios.com.ar\/diario\/?p=42552"},"modified":"2024-01-07T09:17:59","modified_gmt":"2024-01-07T12:17:59","slug":"tarifas-el-gobierno-acelera-la-quita-de-subsidios-que-superan-en-20-los-pagos-que-hay-que-hacer-este-ano-al-fmi","status":"publish","type":"post","link":"http:\/\/dsrmedios.com.ar\/diario\/archivos\/42552","title":{"rendered":"Tarifas: el Gobierno acelera la quita de subsidios, que superan en 20% los pagos que hay que hacer este a\u00f1o al FMI"},"content":{"rendered":"\n<p>Como pilar de su pol\u00edtica de ajuste fiscal, el Gobierno avanza en el proceso de recomposici\u00f3n de tarifas por el que se mantendr\u00e1 la segmentaci\u00f3n, pero s\u00f3lo hasta abril.<a rel=\"noreferrer noopener\" href=\"https:\/\/www.infobae.com\/economia\/2024\/01\/09\/mientras-busca-apurar-el-acuerdo-con-el-fmi-el-gobierno-inicia-el-ajuste-de-los-subsidios-y-defiende-la-ley-omnibus\/\" target=\"_blank\"><\/a><\/p>\n\n\n\n<p>A partir de ah\u00ed, se redefinir\u00e1 el esquema que tender\u00e1 a focalizar mejor los subsidios y acelerar el recorte del gasto p\u00fablico asociado a la subvenci\u00f3n de las facturas de energ\u00eda de los usuarios. Ese concepto le cost\u00f3 al gobierno anterior la mitad de los 3 puntos del PBI con el que cerr\u00f3 el d\u00e9ficit fiscal el a\u00f1o pasado, seg\u00fan asegur\u00f3 ayer&nbsp;<strong>Martin Vauthier<\/strong>, representante del Ministerio de Econom\u00eda en la audiencia p\u00fablica celebrada ayer para adecuar las tarifas de transporte y distribuci\u00f3n de gas.<\/p>\n\n\n\n<p>En d\u00f3lares, la cifra asciende a unos USD 9.300 millones, lo que equivale a una reducci\u00f3n respecto a los m\u00e1s de USD 12.000 millones del a\u00f1o anterior pero sigue siendo una cifra insostenible para las cuentas p\u00fablicas. Para poner el n\u00famero en perspectiva, un a\u00f1o de subsidios a la energ\u00eda, con recomposici\u00f3n \u201csegmentada\u201d de los precios a cubrir por parte de los usuarios supera en 20% a los pagos de deuda comprometidos con el Fondo Monetario para este a\u00f1o. Esa cuenta arroja USD 7.500 millones para 2024, que deber\u00e1n empezar a pagarse este mismo mes.<a rel=\"noreferrer noopener\" href=\"https:\/\/www.infobae.com\/economia\/2024\/01\/09\/aumentos-del-gas-quejas-de-los-consumidores-y-la-oposicion-a-las-subas-que-autorizara-el-gobierno\/\" target=\"_blank\"><\/a><\/p>\n\n\n\n<p>Precisamente eso es lo que discuten por estos d\u00edas los enviados del Fondo Monetario,<strong>&nbsp;Luis Cubeddu<\/strong>&nbsp;y<strong>&nbsp;Ashvin Ahuja<\/strong>, director para el Hemisferio Occidental y jefe del caso argentino respectivamente: c\u00f3mo calzar pagos con desembolsos y, sobre todo, sujeto a qu\u00e9 metas. En t\u00e9rminos fiscales, el Gobierno se presenta como m\u00e1s exigente que el FMI. En t\u00e9rminos de acumulaci\u00f3n de reservas y disponibilidad de esas divisas, probablemente la discusi\u00f3n sea algo m\u00e1s acalorada. Y tambi\u00e9n en lo que hace a los objetivos cualitativos o de \u201creformas estructurales\u201d, tal como consider\u00f3 hasta ahora el Fondo Monetario la cuesti\u00f3n tarifaria, m\u00e1s all\u00e1 del ahorro fiscal.<\/p>\n\n\n\n<p><img decoding=\"async\" loading=\"lazy\" alt=\"Luis Caputo y Luis Cubeddu\" height=\"1080\" width=\"1920\" src=\"https:\/\/www.infobae.com\/new-resizer\/tKg1sfwqJcUFxRH1ODTngIOXvz0=\/420x236\/filters:format(webp):quality(85)\/cloudfront-us-east-1.images.arcpublishing.com\/infobae\/TSZ7KVYIJVG4RKP5TF2GSFTLC4.jpg%20420w\" srcset=\"https:\/\/www.infobae.com\/new-resizer\/tKg1sfwqJcUFxRH1ODTngIOXvz0=\/420x236\/filters:format(webp):quality(85)\/cloudfront-us-east-1.images.arcpublishing.com\/infobae\/TSZ7KVYIJVG4RKP5TF2GSFTLC4.jpg 420w,https:\/\/www.infobae.com\/new-resizer\/UJBpexXd64MTKpUYGHZ5Ej7SQBY=\/768x432\/filters:format(webp):quality(85)\/cloudfront-us-east-1.images.arcpublishing.com\/infobae\/TSZ7KVYIJVG4RKP5TF2GSFTLC4.jpg 768w,https:\/\/www.infobae.com\/new-resizer\/E8zt-JdolWr-X2FgGiPLMXx0Zh4=\/992x558\/filters:format(webp):quality(85)\/cloudfront-us-east-1.images.arcpublishing.com\/infobae\/TSZ7KVYIJVG4RKP5TF2GSFTLC4.jpg 992w,https:\/\/www.infobae.com\/new-resizer\/O6FV2DER_6wQjsWMfByEo2zoESY=\/1200x675\/filters:format(webp):quality(85)\/cloudfront-us-east-1.images.arcpublishing.com\/infobae\/TSZ7KVYIJVG4RKP5TF2GSFTLC4.jpg 1200w,https:\/\/www.infobae.com\/new-resizer\/S6T_0Yqaay8iMGDCIFxQBkRVZEk=\/1440x810\/filters:format(webp):quality(85)\/cloudfront-us-east-1.images.arcpublishing.com\/infobae\/TSZ7KVYIJVG4RKP5TF2GSFTLC4.jpg 1440w\">Luis Caputo y Luis Cubeddu<\/p>\n\n\n\n<p>En otras palabras, a\u00fan cuando el ministro de Econom\u00eda,\u00a0<strong>Luis Caputo<\/strong>, se comprometa a llegar al d\u00e9ficit cero este a\u00f1o, persiste la exigencia de incluir la correcci\u00f3n m\u00e1s temprano que tarde de la distorsi\u00f3n de los precios relativos en la energ\u00eda. Claro que ser\u00eda muy complejo para el Gobierno equilibrar las cuentas sin atacar ese frente pero no deja de ser cierto que, de acuerdo al planteo inicial de Caputo en sus primeros anuncios econ\u00f3micos apenas asumido, la noci\u00f3n de gradualismo en el ajuste tarifario qued\u00f3 instalada. De hecho, el ahorro fiscal previsto es de menos de la mitad del desequilibrio generado el a\u00f1o pasado (0,7% del PBI en total, lo que incluye tambi\u00e9n la asistencia al transporte), El mismo funcionario asegur\u00f3 en entrevistas televisivas que concedi\u00f3 por esos d\u00edas que el ajuste del costo de los servicios p\u00fablicos ser\u00eda un plan a tres a\u00f1os.<a rel=\"noreferrer noopener\" href=\"https:\/\/www.infobae.com\/economia\/2024\/01\/09\/argentina-mas-cerca-de-un-acuerdo-con-el-fmi-cambia-el-humor-de-inversores-respecto-a-bonos-y-dolares-financieros\/\" target=\"_blank\"><\/a><\/p>\n\n\n\n<p>Esa idea, sin embargo, qued\u00f3 puesta en duda cuando el secretario de Energ\u00eda,<strong>&nbsp;Eduardo Rodr\u00edguez Chirillo<\/strong>, explic\u00f3 ayer en el marco de las audiencias p\u00fablicas que la segmentaci\u00f3n tal y como est\u00e1 dise\u00f1ada por el gobierno anterior se mantendr\u00e1 durante el primer trimestre pero que, a partir de abril, el criterio para la asignaci\u00f3n de subsidios depender\u00e1 de nuevas variables. Sus declaraciones hacen presumir al mercado que el plan es avanzar m\u00e1s aceleradamente con la quita de subsidios a sectores medios, algo que contrasta con el mensaje de gradualismo original de Caputo pero queda m\u00e1s alineado a la necesidad de buscar un equilibrio fiscal \u201csostenible\u201d y no solamente basado en licuaci\u00f3n de gasto e impuestos extraordinarios.<\/p>\n\n\n\n<blockquote class=\"wp-block-quote\">\n<p>A\u00fan cuando el ministro de Econom\u00eda se comprometa a llegar al d\u00e9ficit cero este a\u00f1o, persiste la exigencia de incluir la correcci\u00f3n m\u00e1s temprano que tarde de la distorsi\u00f3n de los precios relativos en la energ\u00eda<\/p>\n<\/blockquote>\n\n\n\n<p>El propio Vauthier dimension\u00f3 la magnitud de la \u201ctela por cortar\u201d: \u201cLos subsidios a la energ\u00eda representan un monto mucho mayor a la partida de la asignaci\u00f3n universal por hijo. Pr\u00e1cticamente el triple de los montos que se destinan a la AUH, que es un programa social destinado a la poblaci\u00f3n m\u00e1s vulnerable del pa\u00eds\u201d, indic\u00f3.<\/p>\n\n\n\n<p>En el gr\u00e1fico en el que se apoy\u00f3 se observaba que mientras que en 2023 se destin\u00f3 1,5% del PBI a los subsidios, a la AUH se destin\u00f3 0,4% del PBI.<\/p>\n\n\n\n<p>Fuente: infobae<\/p>\n","protected":false},"excerpt":{"rendered":"<div class=\"mh-excerpt\"><p>Como pilar de su pol\u00edtica de ajuste fiscal, el Gobierno avanza en el proceso de recomposici\u00f3n de tarifas por el que se mantendr\u00e1 la segmentaci\u00f3n, pero s\u00f3lo hasta abril. A partir de ah\u00ed, se redefinir\u00e1 el esquema que tender\u00e1 a focalizar mejor los subsidios y acelerar el recorte del gasto p\u00fablico asociado a la subvenci\u00f3n de las facturas de energ\u00eda de los usuarios. Ese concepto le cost\u00f3 al gobierno anterior la mitad de los 3 puntos del PBI con el que cerr\u00f3 el d\u00e9ficit fiscal el a\u00f1o pasado, seg\u00fan asegur\u00f3 ayer&nbsp;Martin Vauthier, representante del Ministerio de Econom\u00eda en la audiencia <a class=\"mh-excerpt-more\" href=\"http:\/\/dsrmedios.com.ar\/diario\/archivos\/42552\" title=\"Tarifas: el Gobierno acelera la quita de subsidios, que superan en 20% los pagos que hay que hacer este a\u00f1o al FMI\">[Leer m\u00e1s]<\/a><\/p>\n<\/div>","protected":false},"author":8,"featured_media":11734,"comment_status":"open","ping_status":"closed","sticky":false,"template":"","format":"standard","meta":{"_jetpack_newsletter_access":""},"categories":[6],"tags":[],"jetpack_featured_media_url":"http:\/\/dsrmedios.com.ar\/diario\/wp-content\/uploads\/2019\/03\/gas.png","jetpack_sharing_enabled":true,"jetpack_shortlink":"https:\/\/wp.me\/p9fihK-b4k","_links":{"self":[{"href":"http:\/\/dsrmedios.com.ar\/diario\/wp-json\/wp\/v2\/posts\/42552"}],"collection":[{"href":"http:\/\/dsrmedios.com.ar\/diario\/wp-json\/wp\/v2\/posts"}],"about":[{"href":"http:\/\/dsrmedios.com.ar\/diario\/wp-json\/wp\/v2\/types\/post"}],"author":[{"embeddable":true,"href":"http:\/\/dsrmedios.com.ar\/diario\/wp-json\/wp\/v2\/users\/8"}],"replies":[{"embeddable":true,"href":"http:\/\/dsrmedios.com.ar\/diario\/wp-json\/wp\/v2\/comments?post=42552"}],"version-history":[{"count":1,"href":"http:\/\/dsrmedios.com.ar\/diario\/wp-json\/wp\/v2\/posts\/42552\/revisions"}],"predecessor-version":[{"id":42556,"href":"http:\/\/dsrmedios.com.ar\/diario\/wp-json\/wp\/v2\/posts\/42552\/revisions\/42556"}],"wp:featuredmedia":[{"embeddable":true,"href":"http:\/\/dsrmedios.com.ar\/diario\/wp-json\/wp\/v2\/media\/11734"}],"wp:attachment":[{"href":"http:\/\/dsrmedios.com.ar\/diario\/wp-json\/wp\/v2\/media?parent=42552"}],"wp:term":[{"taxonomy":"category","embeddable":true,"href":"http:\/\/dsrmedios.com.ar\/diario\/wp-json\/wp\/v2\/categories?post=42552"},{"taxonomy":"post_tag","embeddable":true,"href":"http:\/\/dsrmedios.com.ar\/diario\/wp-json\/wp\/v2\/tags?post=42552"}],"curies":[{"name":"wp","href":"https:\/\/api.w.org\/{rel}","templated":true}]}}