{"id":42547,"date":"2024-01-07T09:13:07","date_gmt":"2024-01-07T12:13:07","guid":{"rendered":"http:\/\/dsrmedios.com.ar\/diario\/?p=42547"},"modified":"2024-01-07T09:13:09","modified_gmt":"2024-01-07T12:13:09","slug":"en-la-previa-del-debate-de-la-ley-omnibus-la-ucr-ratifica-la-voluntad-de-acompanar-al-gobierno-no-vamos-a-liderar-ningun-rechazo-de-nada","status":"publish","type":"post","link":"http:\/\/dsrmedios.com.ar\/diario\/archivos\/42547","title":{"rendered":"En la previa del debate de la Ley \u00d3mnibus, la UCR ratifica la \u201cvoluntad de acompa\u00f1ar\u201d al Gobierno: \u201cNo vamos a liderar ning\u00fan rechazo de nada\u201d"},"content":{"rendered":"\n<p>Mientras comienza<a rel=\"noreferrer noopener\" href=\"https:\/\/www.infobae.com\/politica\/2024\/01\/09\/el-gobierno-abre-el-debate-de-la-ley-omnibus-predispuesto-a-las-modificaciones-para-lograr-el-apoyo-de-la-oposicion\/\" target=\"_blank\">\u00a0la discusi\u00f3n de la Ley \u00d3mnibus en las comisiones del Congreso<\/a>, y a la espera de la conformaci\u00f3n de la bicameral que trate\u00a0<a rel=\"noreferrer noopener\" href=\"https:\/\/www.infobae.com\/tag\/dnu\/\" target=\"_blank\">el DNU que firm\u00f3 Javier Milei\u00a0<\/a>a los pocos d\u00edas de asumir la presidencia, que incluye una amplia reforma econ\u00f3mica, desde la Uni\u00f3n C\u00edvica Radical ratificaron\u00a0<strong>la voluntad de acompa\u00f1ar al Gobierno<\/strong>, a pesar de que marcaron algunas objeciones a las propuestas y anticiparon que no dar\u00e1n \u201cun cheque en blanco\u201d.<a rel=\"noreferrer noopener\" href=\"https:\/\/www.infobae.com\/politica\/2024\/01\/09\/las-medidas-del-gobierno-de-milei-en-vivo-todas-las-noticias-minuto-a-minuto\/\" target=\"_blank\"><\/a><\/p>\n\n\n\n<p>El presidente del bloque del radicalismo en la C\u00e1mara de Diputados, el cordob\u00e9s<strong>&nbsp;Rodrigo De Loredo<\/strong>, fue contundente al afirmar que esa fuerza, clave para el Ejecutivo a la hora de juntar votos para aprobar las propuestas, \u201cno va a liderar ning\u00fan proceso de rechazo\u201d.<\/p>\n\n\n\n<p>Hoy, desde las 14, comienza el debate parlamentario de la llamada Ley \u00d3mnibus en las tres comisiones por las que pasar\u00e1 el extenso proyecto: Legislaci\u00f3n General, Asuntos Constitucionales y Presupuesto y Hacienda.<a rel=\"noreferrer noopener\" href=\"https:\/\/www.infobae.com\/politica\/2024\/01\/09\/en-la-previa-del-debate-de-la-ley-omnibus-gobernadores-de-juntos-por-el-cambio-ratificaron-la-unidad-de-la-coalicion\/\" target=\"_blank\"><\/a><\/p>\n\n\n\n<p>El mi\u00e9rcoles y el jueves el tratamiento del proyecto comenzar\u00e1 a las 9 de la ma\u00f1ana y, seg\u00fan esperan en el oficialismo, se extender\u00e1 durante toda la tarde. Este martes\u00a0<a href=\"https:\/\/www.infobae.com\/politica\/2024\/01\/08\/sin-nicolas-posse-ni-luis-caputo-quienes-seran-los-ministros-que-iran-a-diputados-a-defender-la-ley-omnibus\/\">estar\u00e1n presentes<\/a>\u00a0el secretario de Energ\u00eda,\u00a0<strong>Eduardo Rodr\u00edguez Chirillo<\/strong>\u00a0entre las 14 y las 17, y el ministro de Justicia,\u00a0<strong>Mariano C\u00faneo Libarona<\/strong>, a partir de las 17 y hasta las 20.<\/p>\n\n\n\n<p>De Loredo asegur\u00f3 que\u00a0<strong>la UCR est\u00e1 de acuerdo \u201ccon much\u00edsimas reformas\u201d\u00a0<\/strong>que plantea el presidente Javier Milei, aunque puso el foco en las formas, particularmente, hablando del Decreto de Necesidad y Urgencia de desregulaci\u00f3n econ\u00f3mica que el Gobierno present\u00f3 en diciembre.<a rel=\"noreferrer noopener\" href=\"https:\/\/www.infobae.com\/politica\/2024\/01\/09\/martin-menem-y-espert-defendieron-la-ley-omnibus-en-la-previa-del-debate-en-diputados\/\" target=\"_blank\"><\/a><\/p>\n\n\n\n<p>En di\u00e1logo con el periodista Ernesto Tenembaun en Radio Con Vos, el legislador cordob\u00e9s dijo que su partido quiere \u201caplicarle sensatez\u201d a la discusi\u00f3n de las propuestas del oficialismo.<\/p>\n\n\n\n<p>\u201cSi bien estamos de acuerdo en much\u00edsimas de las reformas,&nbsp;<strong>nos resulta cuanto menos paradojal que, en el nombre de achicar el Estado, una persona pida el c\u00famulo de las facultades y poderes del Estado<\/strong>\u201d, advirti\u00f3.<\/p>\n\n\n\n<p>De Loredo afirm\u00f3 que el Gobierno tiene \u201cfacultades subjetivas para declara un contexto de emergencia\u201d ya que la situaci\u00f3n \u201ces extremadamente grave,&nbsp;<strong>que es heredara de pol\u00edticas err\u00e1ticas, del plan platita m\u00e1s brutal y monumental que haya registrado la historia econ\u00f3mica argentina, que cost\u00f3 2 puntos del PBI\u201d.<\/strong><\/p>\n\n\n\n<p>M\u00e1s all\u00e1 de la Ley \u00d3mnibus, De Loredo tambi\u00e9n fue consultado sobre el DNU, que a\u00fan no comenz\u00f3 a ser tratado en el Congreso y que ya sufri\u00f3 algunas medi<\/p>\n\n\n\n<p><img decoding=\"async\" loading=\"lazy\" alt=\"El Congreso comienza a tratar la Ley \u00d3mnibus. EFE\/David Fern\u00e1ndez\n\" height=\"2062\" width=\"3500\" src=\"https:\/\/www.infobae.com\/new-resizer\/4MPq5V_56TdvIW9ss6Ri_4e2NGE=\/992x606\/filters:format(webp):quality(85)\/cloudfront-us-east-1.images.arcpublishing.com\/infobae\/MKFCAEXCHBACXIFEHBDCGKUOQM.jpg%20992w\" srcset=\"https:\/\/www.infobae.com\/new-resizer\/4MPq5V_56TdvIW9ss6Ri_4e2NGE=\/992x606\/filters:format(webp):quality(85)\/cloudfront-us-east-1.images.arcpublishing.com\/infobae\/MKFCAEXCHBACXIFEHBDCGKUOQM.jpg 992w\">El Congreso comienza a tratar la Ley \u00d3mnibus. EFE\/David Fern\u00e1ndez<\/p>\n\n\n\n<p>das cautelares de la Justicia que frenaron la implementaci\u00f3n de algunos de los puntos.<\/p>\n\n\n\n<p>\u201cNosotros creemos que se puede abrir el DNU, de distintas maneras, incluso con la legislaci\u00f3n vigente hecha por la gesti\u00f3n de Cristina\u201d, dijo De Loredo. En ese sentido, advirti\u00f3 que \u201c<strong>si tus procesos de reformas, adem\u00e1s de ser profundos, se nutren de un DNU, facultades delegadas, leyes emergenciales y presupuestos prorrogados, gener\u00e1s un contexto de precariedad institucional que empiezan a flaquear judicialmente las acciones\u201d.<\/strong><\/p>\n\n\n\n<p>All\u00ed fue consultado sobre cu\u00e1l ser\u00e1 la posici\u00f3n de la UCR respecto del DNU, y De Loredo fue contundente: \u201c<strong>Nosotros no vamos a liderar ning\u00fan proceso de rechazo\u201d.<\/strong><\/p>\n\n\n\n<p>\u201cEste Gobierno asume sobre un montaje econ\u00f3mico que es brutal, tiene una situaci\u00f3n verdaderamente extraordinaria.&nbsp;<strong>No somos nosotros los que vamos a liderar ning\u00fan rechazo de nada. Tenemos una voluntad constructiva y de acompa\u00f1ar<\/strong>, pero tampoco nos pidan cheques en blanco, no se lo vamos a dar a nadie. Nos putear\u00e1n unos y otros\u201d, a\u00f1adi\u00f3.<\/p>\n\n\n\n<p>\u201cVamos a hacer lo que corresponde con el DNU, vamos a estudiarlo, a analizarlo, vamos a tratar de desagregar. Estamos esperando que se constituya la comisi\u00f3n bicameral. Mientras tanto, desde el 29 de diciembre, ya est\u00e1 surtiendo efectos. Esta l\u00f3gica a todo o nada que se plantea desde el Gobierno, que me hace dudar. Las reformas ya est\u00e1n sucediendo.\u00a0<strong>Nosotros no lo bloqueamos s\u00fabitamente, no lo rechazamos in limine, integramos la comisi\u00f3n bicameral, lo estudiaremos y le daremos el tiempo prudencial al Gobierno<\/strong>\u201d, insisti\u00f3 el diputado cordob\u00e9s.<\/p>\n\n\n\n<p>Fuente: Infobae<\/p>\n","protected":false},"excerpt":{"rendered":"<div class=\"mh-excerpt\"><p>Mientras comienza\u00a0la discusi\u00f3n de la Ley \u00d3mnibus en las comisiones del Congreso, y a la espera de la conformaci\u00f3n de la bicameral que trate\u00a0el DNU que firm\u00f3 Javier Milei\u00a0a los pocos d\u00edas de asumir la presidencia, que incluye una amplia reforma econ\u00f3mica, desde la Uni\u00f3n C\u00edvica Radical ratificaron\u00a0la voluntad de acompa\u00f1ar al Gobierno, a pesar de que marcaron algunas objeciones a las propuestas y anticiparon que no dar\u00e1n \u201cun cheque en blanco\u201d. El presidente del bloque del radicalismo en la C\u00e1mara de Diputados, el cordob\u00e9s&nbsp;Rodrigo De Loredo, fue contundente al afirmar que esa fuerza, clave para el Ejecutivo a la <a class=\"mh-excerpt-more\" href=\"http:\/\/dsrmedios.com.ar\/diario\/archivos\/42547\" title=\"En la previa del debate de la Ley \u00d3mnibus, la UCR ratifica la \u201cvoluntad de acompa\u00f1ar\u201d al Gobierno: \u201cNo vamos a liderar ning\u00fan rechazo de nada\u201d\">[Leer m\u00e1s]<\/a><\/p>\n<\/div>","protected":false},"author":8,"featured_media":42548,"comment_status":"open","ping_status":"closed","sticky":false,"template":"","format":"standard","meta":{"_jetpack_newsletter_access":""},"categories":[6],"tags":[],"jetpack_featured_media_url":"http:\/\/dsrmedios.com.ar\/diario\/wp-content\/uploads\/2024\/01\/images-39.jpg","jetpack_sharing_enabled":true,"jetpack_shortlink":"https:\/\/wp.me\/p9fihK-b4f","_links":{"self":[{"href":"http:\/\/dsrmedios.com.ar\/diario\/wp-json\/wp\/v2\/posts\/42547"}],"collection":[{"href":"http:\/\/dsrmedios.com.ar\/diario\/wp-json\/wp\/v2\/posts"}],"about":[{"href":"http:\/\/dsrmedios.com.ar\/diario\/wp-json\/wp\/v2\/types\/post"}],"author":[{"embeddable":true,"href":"http:\/\/dsrmedios.com.ar\/diario\/wp-json\/wp\/v2\/users\/8"}],"replies":[{"embeddable":true,"href":"http:\/\/dsrmedios.com.ar\/diario\/wp-json\/wp\/v2\/comments?post=42547"}],"version-history":[{"count":1,"href":"http:\/\/dsrmedios.com.ar\/diario\/wp-json\/wp\/v2\/posts\/42547\/revisions"}],"predecessor-version":[{"id":42549,"href":"http:\/\/dsrmedios.com.ar\/diario\/wp-json\/wp\/v2\/posts\/42547\/revisions\/42549"}],"wp:featuredmedia":[{"embeddable":true,"href":"http:\/\/dsrmedios.com.ar\/diario\/wp-json\/wp\/v2\/media\/42548"}],"wp:attachment":[{"href":"http:\/\/dsrmedios.com.ar\/diario\/wp-json\/wp\/v2\/media?parent=42547"}],"wp:term":[{"taxonomy":"category","embeddable":true,"href":"http:\/\/dsrmedios.com.ar\/diario\/wp-json\/wp\/v2\/categories?post=42547"},{"taxonomy":"post_tag","embeddable":true,"href":"http:\/\/dsrmedios.com.ar\/diario\/wp-json\/wp\/v2\/tags?post=42547"}],"curies":[{"name":"wp","href":"https:\/\/api.w.org\/{rel}","templated":true}]}}