{"id":42546,"date":"2024-01-07T09:14:39","date_gmt":"2024-01-07T12:14:39","guid":{"rendered":"http:\/\/dsrmedios.com.ar\/diario\/?p=42546"},"modified":"2024-01-07T09:14:41","modified_gmt":"2024-01-07T12:14:41","slug":"los-14-futbolistas-que-se-fueron-de-river-plate-en-el-plan-reduccion-los-que-deberan-buscarse-club-y-los-dos-9-en-la-mira-de-demichelis","status":"publish","type":"post","link":"http:\/\/dsrmedios.com.ar\/diario\/archivos\/42546","title":{"rendered":"Los 14 futbolistas que se fueron de River Plate en el \u201cplan reducci\u00f3n\u201d, los que deber\u00e1n buscarse club y los dos 9 en la mira de Demichelis"},"content":{"rendered":"\n<p><strong>\u201cRiver est\u00e1 en el mercado y seguramente alguno va a llegar\u201d<\/strong>, con esa frase, Mart\u00edn Demichelis dej\u00f3 en claro su pensamiento en plena pretemporada en el\u00a0<a href=\"https:\/\/www.infobae.com\/deportes\/2023\/12\/08\/el-impactante-complejo-de-estados-unidos-que-eligio-river-plate-para-la-pretemporada-hotel-de-lujo-gimnasio-tecnologico-y-el-arribo-del-primer-refuerzo\/\">el impactante complejo del IMG Academy<\/a>, establecimiento que se encuentra a escasos metros de la laguna de Sarasota Bay.<a rel=\"noreferrer noopener\" href=\"https:\/\/www.infobae.com\/deportes\/2024\/01\/09\/las-confesiones-de-uno-de-los-ayudantes-de-diego-martinez-en-boca-la-charla-con-riquelme-que-lo-sorprendio-el-metodo-del-dt-y-su-vinculo-con-divididos\/\" target=\"_blank\"><\/a><\/p>\n\n\n\n<p>Aunque desde la dirigencia consideran que hay plantel suficiente para afrontar la fase de grupos de la Copa Libertadores (la apuesta fuerte ser\u00eda en junio), el director t\u00e9cnico considera producto de la salida de Salom\u00f3n Rond\u00f3n que al plantel le vendr\u00eda bien sumar<strong>&nbsp;un centrodelantero&nbsp;<\/strong>de diferentes caracter\u00edsticas a las del colombiano Miguel Rond\u00f3n. Que pueda ser el primer defensor a la hora de presionar al equipo rival y que no tenga inconvenientes en retrasarse unos metros para involucrarse dentro del circuito de juego.<\/p>\n\n\n\n<p><img decoding=\"async\" loading=\"lazy\" alt=\"River Plate estudia la chance de repatriar a Rafael Santos Borr\u00e9 (AP Photo\/Jorge Saenz)\" height=\"1080\" width=\"1920\" src=\"https:\/\/www.infobae.com\/new-resizer\/OOcdBMdmvg66_RDAFBnFFUl_CYU=\/420x236\/filters:format(webp):quality(85)\/cloudfront-us-east-1.images.arcpublishing.com\/infobae\/YQAJB77BMFBXXJGPXYI6S6MHOE.jpg%20420w\" srcset=\"https:\/\/www.infobae.com\/new-resizer\/OOcdBMdmvg66_RDAFBnFFUl_CYU=\/420x236\/filters:format(webp):quality(85)\/cloudfront-us-east-1.images.arcpublishing.com\/infobae\/YQAJB77BMFBXXJGPXYI6S6MHOE.jpg 420w,https:\/\/www.infobae.com\/new-resizer\/xYoPNmLXT4mOgFdYtrks_WeINpg=\/768x432\/filters:format(webp):quality(85)\/cloudfront-us-east-1.images.arcpublishing.com\/infobae\/YQAJB77BMFBXXJGPXYI6S6MHOE.jpg 768w,https:\/\/www.infobae.com\/new-resizer\/Gwi0XI06xpTFQ7tCUGLxFMPCTXA=\/992x558\/filters:format(webp):quality(85)\/cloudfront-us-east-1.images.arcpublishing.com\/infobae\/YQAJB77BMFBXXJGPXYI6S6MHOE.jpg 992w,https:\/\/www.infobae.com\/new-resizer\/H9ClvG9DFEIjBZoqOOIbAYRH-qM=\/1200x675\/filters:format(webp):quality(85)\/cloudfront-us-east-1.images.arcpublishing.com\/infobae\/YQAJB77BMFBXXJGPXYI6S6MHOE.jpg 1200w,https:\/\/www.infobae.com\/new-resizer\/EDpqVZYdobNM-z3PT18DQCievc0=\/1440x810\/filters:format(webp):quality(85)\/cloudfront-us-east-1.images.arcpublishing.com\/infobae\/YQAJB77BMFBXXJGPXYI6S6MHOE.jpg 1440w\">River Plate estudia la chance de repatriar a Rafael Santos Borr\u00e9 (AP Photo\/Jorge Saenz)<\/p>\n\n\n\n<p>Ante este escenario salieron a la luz dos opciones de renombre, pero que significar\u00e1n negociaciones para nada sencillas y por las que los de N\u00fa\u00f1ez deber\u00e1n desembolsar importantes sumas de dinero. Tal<a href=\"https:\/\/www.infobae.com\/deportes\/2023\/12\/18\/cual-es-el-plan-ofensivo-de-demichelis-para-el-river-2024-y-que-nombres-suenan-ante-el-pedido-de-salida-de-rondon\/\">\u00a0como anticip\u00f3 este medio a mediados de diciembre<\/a>, una de las variantes es la de un viejo conocido, como el colombiano\u00a0<strong>Rafael Santos Borr\u00e9<\/strong>. El atacante, de gran paso previo por la instituci\u00f3n, actualmente se encuentra a pr\u00e9stamo en el Werder Bremen de la Bundesliga, pero su pase es del Eintracht Frankfurt de Alemania.<\/p>\n\n\n\n<p>Para lograr su salida, River Plate deber\u00e1 lograr que el punta rompa su cesi\u00f3n y negociar la compra de su pase con el conjunto teut\u00f3n. Adem\u00e1s, como si fuese poco, tendr\u00e1 competencia de peso. Desde hace varios d\u00edas que el Inter de Porto Alegre del Chacho Coudet busca ficharlo y en las \u00faltimas horas se sum\u00f3 a esta carrera el Corinthians de Brasil.<\/p>\n\n\n\n<p>Tampoco hay que descartar que en N\u00fa\u00f1ez comiencen las gestiones por\u00a0<strong>Jos\u00e9 Manuel L\u00f3pez<\/strong>, goleador que actualmente es suplente en Palmeiras de Brasil y que ya estuvo en la mira de la instituci\u00f3n durante el ciclo Gallardo. Los de San Pablo para darle v\u00eda libre al Flaco quieren recuperar buena parte de lo invertido. En su momento le pagaron a Lan\u00fas cerca de 10 millones de d\u00f3lares por el 70 por ciento de su ficha.<\/p>\n\n\n\n<p>En paralelo, en River Plate se mueven para llevar adelante<a href=\"https:\/\/www.infobae.com\/deportes\/2023\/12\/23\/el-river-del-2024-plan-reduccion-20-la-ida-de-referentes-el-futuro-de-echeverri-y-los-nombres-que-suenan\/\">&nbsp;el \u201cplan reducci\u00f3n 2.0\u2033<\/a>. El ex estratega del Bayern Munich,&nbsp;<a href=\"https:\/\/www.infobae.com\/deportes\/2023\/07\/27\/por-que-en-river-se-espera-una-importante-salida-de-jugadores-con-el-visto-bueno-de-martin-demichelis\/\">como se coment\u00f3 en la anterior ventana de transferencias<\/a>, pretende bajar nuevamente el n\u00famero de futbolistas profesionales dentro del plantel. Su ideal ser\u00eda reducirlo a un total de 26.<\/p>\n\n\n\n<p>Con este escenario planteado, en el club ya se produjeron&nbsp;<strong>un total de 14 bajas<\/strong>, entre las que figuran varios nombres de peso dentro del vestuario y que aportaban varias soluciones dentro de lo deportivo. Entre las m\u00e1s rutilantes se encuentran las del volante central&nbsp;<strong>Enzo P\u00e9rez<\/strong>&nbsp;(a\u00fan no defini\u00f3 su futuro, el cual podr\u00eda estar en Estudiantes de La Plata) y&nbsp;<strong>Nicol\u00e1s De La Cruz<\/strong>&nbsp;(se march\u00f3 rumbo al Flamengo de Brasil a cambio de 16 millones de d\u00f3lares).<\/p>\n\n\n\n<p>A esta n\u00f3mina hay que a\u00f1adir a&nbsp;<strong>Salom\u00f3n Rond\u00f3n<\/strong>&nbsp;(rescindi\u00f3 su contrato por no adaptarse a la Argentina y recal\u00f3 en Pachuca de M\u00e9xico),&nbsp;<strong>Franco Petroli<\/strong>&nbsp;(firm\u00f3 con Godoy Cruz de Mendoza),<strong>&nbsp;Augusto Batalla<\/strong>&nbsp;(tras finalizar su pr\u00e9stamo con San Lorenzo fich\u00f3 en Granada de Espa\u00f1a -obligaci\u00f3n de compra si se mantienen en Primera Divisi\u00f3n-),<strong>&nbsp;Jonatan Maidana&nbsp;<\/strong>(estudia algunas ofertas o tomar la decisi\u00f3n de retirarse)<strong>, Bruno Zuculini<\/strong>&nbsp;(acord\u00f3 con Racing, el club de sus inicios como profesional),&nbsp;<strong>Mat\u00edas Su\u00e1rez<\/strong>&nbsp;(podr\u00eda retornar a Belgrano de C\u00f3rdoba)<strong>, Emanuel Mammana&nbsp;<\/strong>(recal\u00f3 en V\u00e9lez),<strong>&nbsp;El\u00edas L\u00f3pez<\/strong>&nbsp;(rescindi\u00f3 su contrato y acord\u00f3 su llegada en Sarmiento de Jun\u00edn),&nbsp;<strong>Robert Rojas<\/strong>&nbsp;(rompi\u00f3 su v\u00ednculo antes de tiempo con Tigre para pasar al Botafogo de Brasil),&nbsp;<strong>Sebasti\u00e1n S\u00e1nchez<\/strong>&nbsp;(el mediocampista de la Reserva rescindi\u00f3 para acordar su traspaso a Tigre),&nbsp;<strong>Flab\u00edan Londo\u00f1o Bedoya&nbsp;<\/strong>(luego de su paso por Arsenal est\u00e1 pr\u00f3ximo a firmar con Tigre)<strong>&nbsp;y Tom\u00e1s Galv\u00e1n<\/strong>&nbsp;(tras su pr\u00e9stamo en Col\u00f3n en las pr\u00f3ximas horas ser\u00e1 presentado en Tigre).<\/p>\n\n\n\n<p>A esta n\u00f3mina se le podr\u00edan sumar otros nombres que regresaron de estar cedidos en otras instituciones y que no ser\u00e1n tenidos en cuenta por Mart\u00edn Demichelis, como el lateral Alex Vigo (tiene ofertas de Talleres de C\u00f3rdoba y el exterior), el mediocampista Cristian Ferreira (cuenta con sondeos de varios equipos de la Liga Profesional, como San Lorenzo), el arquero Leo D\u00edaz (regres\u00f3 de su paso por Las Vegas Lights FC de la USL de los Estados Unidos) y el volante Kevin Colli (estuvo a pr\u00e9stamo en Athletico Paranaense de Brasil).<\/p>\n\n\n\n<p><strong>Los 28 futbolistas de River Plate en Estados Unidos*:<\/strong><\/p>\n\n\n\n<p><strong>Arqueros:&nbsp;<\/strong>Franco Armani, Ezequiel Centuri\u00f3n, Lucas Lavagnino y Santiago Beltr\u00e1n.<\/p>\n\n\n\n<p><strong>Defensores:&nbsp;<\/strong>Milton Casco, Andr\u00e9s Herrera, Enzo D\u00edaz, Paulo D\u00edaz, Daniel Zabala, Ramiro Funes Mori, Leandro Gonz\u00e1lez P\u00edrez y H\u00e9ctor David Mart\u00ednez.<\/p>\n\n\n\n<p><strong>Mediocampistas:<\/strong>&nbsp;Rodrigo Aliendro, Mat\u00edas Kranevitter, Nicol\u00e1s Fonseca, Ignacio Fern\u00e1ndez, Agust\u00edn Palavecino, Santiago Sim\u00f3n, Tob\u00edas Leiva, Franco Mastantuono, Esequiel Barco, Manuel Lanzini, Gonzalo Mart\u00ednez y Claudio Echeverri.<\/p>\n\n\n\n<p><strong>Delanteros:&nbsp;<\/strong>Facundo Colidio, Miguel Borja, Agust\u00edn Ruberto y Ian Subiabre.<\/p>\n\n\n\n<p><strong>* Faltan Sebasti\u00e1n Boselli y Pablo Solari, abocados al Preol\u00edmpico<\/strong><\/p>\n\n\n\n<p>Fuente: Infobae<\/p>\n","protected":false},"excerpt":{"rendered":"<div class=\"mh-excerpt\"><p>\u201cRiver est\u00e1 en el mercado y seguramente alguno va a llegar\u201d, con esa frase, Mart\u00edn Demichelis dej\u00f3 en claro su pensamiento en plena pretemporada en el\u00a0el impactante complejo del IMG Academy, establecimiento que se encuentra a escasos metros de la laguna de Sarasota Bay. Aunque desde la dirigencia consideran que hay plantel suficiente para afrontar la fase de grupos de la Copa Libertadores (la apuesta fuerte ser\u00eda en junio), el director t\u00e9cnico considera producto de la salida de Salom\u00f3n Rond\u00f3n que al plantel le vendr\u00eda bien sumar&nbsp;un centrodelantero&nbsp;de diferentes caracter\u00edsticas a las del colombiano Miguel Rond\u00f3n. Que pueda ser el <a class=\"mh-excerpt-more\" href=\"http:\/\/dsrmedios.com.ar\/diario\/archivos\/42546\" title=\"Los 14 futbolistas que se fueron de River Plate en el \u201cplan reducci\u00f3n\u201d, los que deber\u00e1n buscarse club y los dos 9 en la mira de Demichelis\">[Leer m\u00e1s]<\/a><\/p>\n<\/div>","protected":false},"author":8,"featured_media":42550,"comment_status":"open","ping_status":"closed","sticky":false,"template":"","format":"standard","meta":{"_jetpack_newsletter_access":""},"categories":[2],"tags":[],"jetpack_featured_media_url":"http:\/\/dsrmedios.com.ar\/diario\/wp-content\/uploads\/2024\/01\/659d4af345cda__400x300.webp","jetpack_sharing_enabled":true,"jetpack_shortlink":"https:\/\/wp.me\/p9fihK-b4e","_links":{"self":[{"href":"http:\/\/dsrmedios.com.ar\/diario\/wp-json\/wp\/v2\/posts\/42546"}],"collection":[{"href":"http:\/\/dsrmedios.com.ar\/diario\/wp-json\/wp\/v2\/posts"}],"about":[{"href":"http:\/\/dsrmedios.com.ar\/diario\/wp-json\/wp\/v2\/types\/post"}],"author":[{"embeddable":true,"href":"http:\/\/dsrmedios.com.ar\/diario\/wp-json\/wp\/v2\/users\/8"}],"replies":[{"embeddable":true,"href":"http:\/\/dsrmedios.com.ar\/diario\/wp-json\/wp\/v2\/comments?post=42546"}],"version-history":[{"count":1,"href":"http:\/\/dsrmedios.com.ar\/diario\/wp-json\/wp\/v2\/posts\/42546\/revisions"}],"predecessor-version":[{"id":42551,"href":"http:\/\/dsrmedios.com.ar\/diario\/wp-json\/wp\/v2\/posts\/42546\/revisions\/42551"}],"wp:featuredmedia":[{"embeddable":true,"href":"http:\/\/dsrmedios.com.ar\/diario\/wp-json\/wp\/v2\/media\/42550"}],"wp:attachment":[{"href":"http:\/\/dsrmedios.com.ar\/diario\/wp-json\/wp\/v2\/media?parent=42546"}],"wp:term":[{"taxonomy":"category","embeddable":true,"href":"http:\/\/dsrmedios.com.ar\/diario\/wp-json\/wp\/v2\/categories?post=42546"},{"taxonomy":"post_tag","embeddable":true,"href":"http:\/\/dsrmedios.com.ar\/diario\/wp-json\/wp\/v2\/tags?post=42546"}],"curies":[{"name":"wp","href":"https:\/\/api.w.org\/{rel}","templated":true}]}}