{"id":42533,"date":"2024-01-03T19:56:00","date_gmt":"2024-01-03T22:56:00","guid":{"rendered":"http:\/\/dsrmedios.com.ar\/diario\/?p=42533"},"modified":"2024-01-03T19:56:02","modified_gmt":"2024-01-03T22:56:02","slug":"allanan-una-casa-por-las-amenazas-contra-el-intendente-de-puan","status":"publish","type":"post","link":"http:\/\/dsrmedios.com.ar\/diario\/archivos\/42533","title":{"rendered":"Allanan una casa por las amenazas contra el intendente de Puan"},"content":{"rendered":"\n<p>La polic\u00eda realiz\u00f3 un allanamiento en la causa por&nbsp;<a href=\"https:\/\/www.labrujula24.com\/notas\/2024\/01\/04\/amenazan-de-muerte-al-intendente-de-puan-y-su-familia-n343474\/\">las amenazas que recibi\u00f3<\/a>&nbsp;en los \u00faltimas horas el intendente de Puan, Diego Reyes, y secuestraron un tel\u00e9fono celular que ser\u00e1 peritado para avanzar en la investigaci\u00f3n.<\/p>\n\n\n\n<p>La Municipalidad de Puan inform\u00f3 que el operativo se concret\u00f3 la tarde del jueves gracias a una orden emitida por la jueza interina Dra. Claudia Olivera. Adem\u00e1s, se notific\u00f3 al imputado de las medidas cautelares impuestas. La vivienda est\u00e1 ubicada en la calle 25 de Mayo al 367 de esa ciudad.<\/p>\n\n\n\n<p>El intendente Reyes, quien reci\u00e9n inici\u00f3 su mandato en diciembre recibi\u00f3 el d\u00eda de ayer amenazas contra \u00e9l y su familia a trav\u00e9s de audios de WhatsApp.<\/p>\n\n\n\n<p>Desde el municipio informaron que Reyes cuenta con custodia cerca de su casa, as\u00ed como de un patrullaje constante por la zona.<\/p>\n\n\n\n<figure class=\"wp-block-image\"><img decoding=\"async\" src=\"https:\/\/www.labrujula24.com\/wp-content\/uploads\/2024\/01\/415590937_858958292901074_3288836597390478630_n.jpg\" alt=\"\" class=\"wp-image-343733\"\/><\/figure>\n\n\n\n<p>Fuente: LABRUJULA24<\/p>\n","protected":false},"excerpt":{"rendered":"<div class=\"mh-excerpt\"><p>La polic\u00eda realiz\u00f3 un allanamiento en la causa por&nbsp;las amenazas que recibi\u00f3&nbsp;en los \u00faltimas horas el intendente de Puan, Diego Reyes, y secuestraron un tel\u00e9fono celular que ser\u00e1 peritado para avanzar en la investigaci\u00f3n. La Municipalidad de Puan inform\u00f3 que el operativo se concret\u00f3 la tarde del jueves gracias a una orden emitida por la jueza interina Dra. Claudia Olivera. Adem\u00e1s, se notific\u00f3 al imputado de las medidas cautelares impuestas. La vivienda est\u00e1 ubicada en la calle 25 de Mayo al 367 de esa ciudad. El intendente Reyes, quien reci\u00e9n inici\u00f3 su mandato en diciembre recibi\u00f3 el d\u00eda de ayer <a class=\"mh-excerpt-more\" href=\"http:\/\/dsrmedios.com.ar\/diario\/archivos\/42533\" title=\"Allanan una casa por las amenazas contra el intendente de Puan\">[Leer m\u00e1s]<\/a><\/p>\n<\/div>","protected":false},"author":8,"featured_media":42534,"comment_status":"open","ping_status":"closed","sticky":false,"template":"","format":"standard","meta":{"_jetpack_newsletter_access":""},"categories":[8],"tags":[],"jetpack_featured_media_url":"http:\/\/dsrmedios.com.ar\/diario\/wp-content\/uploads\/2024\/01\/puan-allanamiento.jpg","jetpack_sharing_enabled":true,"jetpack_shortlink":"https:\/\/wp.me\/p9fihK-b41","_links":{"self":[{"href":"http:\/\/dsrmedios.com.ar\/diario\/wp-json\/wp\/v2\/posts\/42533"}],"collection":[{"href":"http:\/\/dsrmedios.com.ar\/diario\/wp-json\/wp\/v2\/posts"}],"about":[{"href":"http:\/\/dsrmedios.com.ar\/diario\/wp-json\/wp\/v2\/types\/post"}],"author":[{"embeddable":true,"href":"http:\/\/dsrmedios.com.ar\/diario\/wp-json\/wp\/v2\/users\/8"}],"replies":[{"embeddable":true,"href":"http:\/\/dsrmedios.com.ar\/diario\/wp-json\/wp\/v2\/comments?post=42533"}],"version-history":[{"count":1,"href":"http:\/\/dsrmedios.com.ar\/diario\/wp-json\/wp\/v2\/posts\/42533\/revisions"}],"predecessor-version":[{"id":42535,"href":"http:\/\/dsrmedios.com.ar\/diario\/wp-json\/wp\/v2\/posts\/42533\/revisions\/42535"}],"wp:featuredmedia":[{"embeddable":true,"href":"http:\/\/dsrmedios.com.ar\/diario\/wp-json\/wp\/v2\/media\/42534"}],"wp:attachment":[{"href":"http:\/\/dsrmedios.com.ar\/diario\/wp-json\/wp\/v2\/media?parent=42533"}],"wp:term":[{"taxonomy":"category","embeddable":true,"href":"http:\/\/dsrmedios.com.ar\/diario\/wp-json\/wp\/v2\/categories?post=42533"},{"taxonomy":"post_tag","embeddable":true,"href":"http:\/\/dsrmedios.com.ar\/diario\/wp-json\/wp\/v2\/tags?post=42533"}],"curies":[{"name":"wp","href":"https:\/\/api.w.org\/{rel}","templated":true}]}}