{"id":42530,"date":"2024-01-04T12:48:56","date_gmt":"2024-01-04T15:48:56","guid":{"rendered":"http:\/\/dsrmedios.com.ar\/diario\/?p=42530"},"modified":"2024-01-04T12:48:58","modified_gmt":"2024-01-04T15:48:58","slug":"accidente-fatal-murio-una-nina-bahiense-de-9-anos","status":"publish","type":"post","link":"http:\/\/dsrmedios.com.ar\/diario\/archivos\/42530","title":{"rendered":"Accidente fatal: muri\u00f3 una ni\u00f1a bahiense de 9 a\u00f1os"},"content":{"rendered":"\n<p>Una ni\u00f1a de 9 a\u00f1os oriunda de nuesta ciudad perdi\u00f3 la vida en un accidente de tr\u00e1nsito en la Ruta 228, cerca de la localidad de Energ\u00eda, mientras viajaba con su familia hacia Mar del Plata.<\/p>\n\n\n\n<p>El conductor de una Dodge RAM roja, perdi\u00f3 el control del veh\u00edculo, sali\u00e9ndose de la ruta y volcando a m\u00e1s de 50 metros de distancia.<\/p>\n\n\n\n<p>La familia, compuesta por Maximiliano Gerdes y Mar\u00eda Florencia Ojeda Sol\u00eds, junto a sus hijos de 5 y 9 a\u00f1os (la ni\u00f1a fallecida) y una amiga de 10 a\u00f1os, iban en la camioneta.<\/p>\n\n\n\n<p>Los padres y los dos ni\u00f1os restantes est\u00e1n hospitalizados en el Hospital Municipal Doctor Emilio Ferreyra de Necochea, recibiendo atenci\u00f3n m\u00e9dica y permaneciendo bajo observaci\u00f3n tras el tr\u00e1gico suceso.+<\/p>\n\n\n\n<p>Fuente: canal siete bah\u00eda<\/p>\n","protected":false},"excerpt":{"rendered":"<div class=\"mh-excerpt\"><p>Una ni\u00f1a de 9 a\u00f1os oriunda de nuesta ciudad perdi\u00f3 la vida en un accidente de tr\u00e1nsito en la Ruta 228, cerca de la localidad de Energ\u00eda, mientras viajaba con su familia hacia Mar del Plata. El conductor de una Dodge RAM roja, perdi\u00f3 el control del veh\u00edculo, sali\u00e9ndose de la ruta y volcando a m\u00e1s de 50 metros de distancia. La familia, compuesta por Maximiliano Gerdes y Mar\u00eda Florencia Ojeda Sol\u00eds, junto a sus hijos de 5 y 9 a\u00f1os (la ni\u00f1a fallecida) y una amiga de 10 a\u00f1os, iban en la camioneta. Los padres y los dos ni\u00f1os <a class=\"mh-excerpt-more\" href=\"http:\/\/dsrmedios.com.ar\/diario\/archivos\/42530\" title=\"Accidente fatal: muri\u00f3 una ni\u00f1a bahiense de 9 a\u00f1os\">[Leer m\u00e1s]<\/a><\/p>\n<\/div>","protected":false},"author":8,"featured_media":42537,"comment_status":"open","ping_status":"closed","sticky":false,"template":"","format":"standard","meta":{"_jetpack_newsletter_access":""},"categories":[8],"tags":[],"jetpack_featured_media_url":"http:\/\/dsrmedios.com.ar\/diario\/wp-content\/uploads\/2024\/01\/choque-fatal-1080x600.jpg.webp","jetpack_sharing_enabled":true,"jetpack_shortlink":"https:\/\/wp.me\/p9fihK-b3Y","_links":{"self":[{"href":"http:\/\/dsrmedios.com.ar\/diario\/wp-json\/wp\/v2\/posts\/42530"}],"collection":[{"href":"http:\/\/dsrmedios.com.ar\/diario\/wp-json\/wp\/v2\/posts"}],"about":[{"href":"http:\/\/dsrmedios.com.ar\/diario\/wp-json\/wp\/v2\/types\/post"}],"author":[{"embeddable":true,"href":"http:\/\/dsrmedios.com.ar\/diario\/wp-json\/wp\/v2\/users\/8"}],"replies":[{"embeddable":true,"href":"http:\/\/dsrmedios.com.ar\/diario\/wp-json\/wp\/v2\/comments?post=42530"}],"version-history":[{"count":1,"href":"http:\/\/dsrmedios.com.ar\/diario\/wp-json\/wp\/v2\/posts\/42530\/revisions"}],"predecessor-version":[{"id":42538,"href":"http:\/\/dsrmedios.com.ar\/diario\/wp-json\/wp\/v2\/posts\/42530\/revisions\/42538"}],"wp:featuredmedia":[{"embeddable":true,"href":"http:\/\/dsrmedios.com.ar\/diario\/wp-json\/wp\/v2\/media\/42537"}],"wp:attachment":[{"href":"http:\/\/dsrmedios.com.ar\/diario\/wp-json\/wp\/v2\/media?parent=42530"}],"wp:term":[{"taxonomy":"category","embeddable":true,"href":"http:\/\/dsrmedios.com.ar\/diario\/wp-json\/wp\/v2\/categories?post=42530"},{"taxonomy":"post_tag","embeddable":true,"href":"http:\/\/dsrmedios.com.ar\/diario\/wp-json\/wp\/v2\/tags?post=42530"}],"curies":[{"name":"wp","href":"https:\/\/api.w.org\/{rel}","templated":true}]}}